{"id":66626,"date":"2016-02-10T09:19:24","date_gmt":"2016-02-10T12:19:24","guid":{"rendered":"http:\/\/www.eltrabajo.cl\/portal\/?p=66626"},"modified":"2016-02-10T09:19:24","modified_gmt":"2016-02-10T12:19:24","slug":"cabalgata-inicia-viaje-que-recrea-la-travesia-del-ejercito-libertador","status":"publish","type":"post","link":"https:\/\/eltrabajo.cl\/portal\/cabalgata-inicia-viaje-que-recrea-la-travesia-del-ejercito-libertador\/","title":{"rendered":"Cabalgata inicia viaje que recrea la traves\u00eda del Ej\u00e9rcito Libertador"},"content":{"rendered":"<figure id=\"attachment_66627\" aria-describedby=\"caption-attachment-66627\" style=\"width: 300px\" class=\"wp-caption alignleft\"><img data-recalc-dims=\"1\" loading=\"lazy\" decoding=\"async\" class=\"wp-image-66627 size-medium\" src=\"https:\/\/i0.wp.com\/www.eltrabajo.cl\/portal\/wp-content\/uploads\/2016\/02\/Cabalgata-300x198.jpg?resize=300%2C198\" alt=\"Son 70 hombres y mujeres que cruzar\u00e1n la cordillera de Los Andes para rememorar el paso del Ej\u00e9rcito Libertador en el a\u00f1o 1817.\" width=\"300\" height=\"198\" srcset=\"https:\/\/i0.wp.com\/eltrabajo.cl\/portal\/wp-content\/uploads\/2016\/02\/Cabalgata.jpg?resize=300%2C198&amp;ssl=1 300w, https:\/\/i0.wp.com\/eltrabajo.cl\/portal\/wp-content\/uploads\/2016\/02\/Cabalgata.jpg?resize=200%2C132&amp;ssl=1 200w, https:\/\/i0.wp.com\/eltrabajo.cl\/portal\/wp-content\/uploads\/2016\/02\/Cabalgata.jpg?resize=227%2C150&amp;ssl=1 227w, https:\/\/i0.wp.com\/eltrabajo.cl\/portal\/wp-content\/uploads\/2016\/02\/Cabalgata.jpg?resize=400%2C264&amp;ssl=1 400w, https:\/\/i0.wp.com\/eltrabajo.cl\/portal\/wp-content\/uploads\/2016\/02\/Cabalgata.jpg?w=530&amp;ssl=1 530w\" sizes=\"auto, (max-width: 300px) 100vw, 300px\" \/><figcaption id=\"caption-attachment-66627\" class=\"wp-caption-text\">Son 70 hombres y mujeres que cruzar\u00e1n la cordillera de Los Andes para rememorar el paso del Ej\u00e9rcito Libertador en el a\u00f1o 1817.<\/figcaption><\/figure>\n<p><strong>PUTAENDO.<\/strong>&#8211; El intendente regional Gabriel Aldoney presidi\u00f3 el acto efectuado en la Plaza de Armas de la ciudad, donde fue despedida la cabalgata de 70 hombres y mujeres que cruzar\u00e1n la cordillera de Los Andes para rememorar el cruce del Ej\u00e9rcito Libertador en el a\u00f1o 1817.<br \/>\nAl grupo se integr\u00f3 Benjam\u00edn Bravo Lobos de 11 a\u00f1os de edad, que va acompa\u00f1ado de sus padres.<br \/>\nEsta actividad cuenta con el financiamiento del Gobierno Regional, concurriendo los consejeros Carlos Brice\u00f1o, Iv\u00e1n Reyes y Guillermo Stevenson.<br \/>\nEn su mensaje de despedida, tras la interpretaci\u00f3n del Himno Nacional el intendente dijo \u201cque estamos construyendo patrimonio. Esta es una gesta que nos llena de orgullo, porque a diferencia de hoy d\u00eda, que disponemos de nuevas tecnolog\u00edas, esa ausencia en aquellos tiempos, fue reemplazada por las ganas de ser pueblos libres, de dos pueblos que se juntaron por la lucha libertaria\u201d.<br \/>\nAl recordar este hecho lo puso como patr\u00f3n para el d\u00eda de hoy \u201cesta cabalgata perdura en el tiempo, porque existi\u00f3 la capacidad de dos pueblos para unirse y alcanzar la libertad, m\u00e1s all\u00e1 de las diferencias. Este es un ejemplo, en el sentido de unirse y desarrollar proyectos comunes\u201d.<br \/>\nEn el acto tambi\u00e9n intervino el alcalde de Putaendo Guillermo Reyes quien dijo que su comuna est\u00e1 creando historia, protegiendo el patrimonio cultural y espera celebrar en gran del cruce del pr\u00f3ximo a\u00f1o cuando se cumplan los 200 a\u00f1os de la traves\u00eda.<br \/>\n<strong>Patricio Gallardo M.<\/strong><\/p>\n","protected":false},"excerpt":{"rendered":"<p>PUTAENDO.&#8211; El intendente regional Gabriel Aldoney presidi\u00f3 el acto efectuado en la Plaza de Armas de la ciudad, donde fue despedida la cabalgata de 70 hombres y mujeres que cruzar\u00e1n la cordillera&#8230;<\/p>\n","protected":false},"author":482,"featured_media":66627,"comment_status":"open","ping_status":"open","sticky":false,"template":"","format":"standard","meta":{"advanced_seo_description":"","jetpack_seo_html_title":"","jetpack_seo_noindex":false,"_jetpack_memberships_contains_paid_content":false,"footnotes":""},"categories":[1],"tags":[],"class_list":["post-66626","post","type-post","status-publish","format-standard","has-post-thumbnail","hentry","category-cronica"],"jetpack_featured_media_url":"https:\/\/i0.wp.com\/eltrabajo.cl\/portal\/wp-content\/uploads\/2016\/02\/Cabalgata.jpg?fit=530%2C350&ssl=1","jetpack_sharing_enabled":true,"jetpack_likes_enabled":true,"jetpack-related-posts":[],"_links":{"self":[{"href":"https:\/\/eltrabajo.cl\/portal\/wp-json\/wp\/v2\/posts\/66626","targetHints":{"allow":["GET"]}}],"collection":[{"href":"https:\/\/eltrabajo.cl\/portal\/wp-json\/wp\/v2\/posts"}],"about":[{"href":"https:\/\/eltrabajo.cl\/portal\/wp-json\/wp\/v2\/types\/post"}],"author":[{"embeddable":true,"href":"https:\/\/eltrabajo.cl\/portal\/wp-json\/wp\/v2\/users\/482"}],"replies":[{"embeddable":true,"href":"https:\/\/eltrabajo.cl\/portal\/wp-json\/wp\/v2\/comments?post=66626"}],"version-history":[{"count":0,"href":"https:\/\/eltrabajo.cl\/portal\/wp-json\/wp\/v2\/posts\/66626\/revisions"}],"wp:featuredmedia":[{"embeddable":true,"href":"https:\/\/eltrabajo.cl\/portal\/wp-json\/wp\/v2\/media\/66627"}],"wp:attachment":[{"href":"https:\/\/eltrabajo.cl\/portal\/wp-json\/wp\/v2\/media?parent=66626"}],"wp:term":[{"taxonomy":"category","embeddable":true,"href":"https:\/\/eltrabajo.cl\/portal\/wp-json\/wp\/v2\/categories?post=66626"},{"taxonomy":"post_tag","embeddable":true,"href":"https:\/\/eltrabajo.cl\/portal\/wp-json\/wp\/v2\/tags?post=66626"}],"curies":[{"name":"wp","href":"https:\/\/api.w.org\/{rel}","templated":true}]}}