{"id":66629,"date":"2016-02-10T09:20:39","date_gmt":"2016-02-10T12:20:39","guid":{"rendered":"http:\/\/www.eltrabajo.cl\/portal\/?p=66629"},"modified":"2016-02-10T09:20:39","modified_gmt":"2016-02-10T12:20:39","slug":"conductores-de-colectivos-temen-retroceso-en-conversaciones-tras-renuncia-del-seremi-de-transportes","status":"publish","type":"post","link":"https:\/\/eltrabajo.cl\/portal\/conductores-de-colectivos-temen-retroceso-en-conversaciones-tras-renuncia-del-seremi-de-transportes\/","title":{"rendered":"Conductores de colectivos temen retroceso en conversaciones tras renuncia del Seremi de Transportes"},"content":{"rendered":"<figure id=\"attachment_66630\" aria-describedby=\"caption-attachment-66630\" style=\"width: 300px\" class=\"wp-caption alignleft\"><img data-recalc-dims=\"1\" loading=\"lazy\" decoding=\"async\" class=\"wp-image-66630 size-medium\" src=\"https:\/\/i0.wp.com\/www.eltrabajo.cl\/portal\/wp-content\/uploads\/2016\/02\/Roberto-Osses-300x198.jpg?resize=300%2C198\" alt=\"Roberto Osses Olivares, presidente del Consejo Superior de Taxis Colectivos de Los Andes.\" width=\"300\" height=\"198\" srcset=\"https:\/\/i0.wp.com\/eltrabajo.cl\/portal\/wp-content\/uploads\/2016\/02\/Roberto-Osses.jpg?resize=300%2C198&amp;ssl=1 300w, https:\/\/i0.wp.com\/eltrabajo.cl\/portal\/wp-content\/uploads\/2016\/02\/Roberto-Osses.jpg?resize=200%2C132&amp;ssl=1 200w, https:\/\/i0.wp.com\/eltrabajo.cl\/portal\/wp-content\/uploads\/2016\/02\/Roberto-Osses.jpg?resize=227%2C150&amp;ssl=1 227w, https:\/\/i0.wp.com\/eltrabajo.cl\/portal\/wp-content\/uploads\/2016\/02\/Roberto-Osses.jpg?resize=400%2C264&amp;ssl=1 400w, https:\/\/i0.wp.com\/eltrabajo.cl\/portal\/wp-content\/uploads\/2016\/02\/Roberto-Osses.jpg?w=530&amp;ssl=1 530w\" sizes=\"auto, (max-width: 300px) 100vw, 300px\" \/><figcaption id=\"caption-attachment-66630\" class=\"wp-caption-text\">Roberto Osses Olivares, presidente del Consejo Superior de Taxis Colectivos de Los Andes.<\/figcaption><\/figure>\n<p><strong>LOS ANDES.<\/strong>&#8211; El Presidente del Consejo Superior de Taxis Colectivos de Los Andes, Roberto Osses Olivares, manifest\u00f3 la preocupaci\u00f3n del gremio por la renuncia forzada del Seremi de Transportes Patricio Cannobbio que conllevar\u00e1 a un retroceso en las conversaciones respecto a diversos temas pendientes con el gremio.<br \/>\nAl respecto, el dirigente de los colectiveros afirm\u00f3 que la renuncia del Seremi implica \u2018volver a cero\u2019 las mesas de trabajo y reuniones sobre el uso de los dineros contemplados en la Ley Espejo o fondo compensatorio del Transantiago, que ven\u00edan planteando y solicitando desde el d\u00eda 21 de noviembre del 2014 en reuniones realizadas en La Gobernaci\u00f3n Provincial de Los Andes.<br \/>\n\u201cTodo ello est\u00e1 debidamente documentado a trav\u00e9s de los respectivos oficios, como tambi\u00e9n en la exposici\u00f3n realizada ante el Ministro del ramo se\u00f1or Andr\u00e9s G\u00f3mez Lobo en su \u00faltima visita a la ciudad de Los Andes\u201d, expuso.<br \/>\nOsses dijo que entre los temas planteados que arriesgan continuidad figuran la creaci\u00f3n de v\u00edas conectivas entre las comunas de la Provincia de Los Andes, en especial el bypass entre Av. Hermanos Clark y la Av. San Jos\u00e9 de las Hermanas Hospitalarias, conocida como Papudo Norte; la creaci\u00f3n de refugios o paradas para los usuarios del transporte p\u00fablico en especial la que quedar\u00eda ubicada en calle Membrillar entre calle Esmeralda y calle O\u2019Higgins y el mejoramiento de las carpetas de rodado por donde circula el transporte p\u00fablico.<br \/>\nA ello se suma la semaforizaci\u00f3n de v\u00edas conflictivas como la rotonda Carlos D\u00edaz, avenida Hermanos Clark en el ingreso a la villa El Mirador y Chacay con Arturo Prat.<br \/>\nTambi\u00e9n dijo que corre riesgo la implementaci\u00f3n del programa de gobierno \u2018Renueva tu colectivo\u2019, \u201cprograma ampliamente anhelado por el gremio de los taxis colectivos, teniendo en consideraci\u00f3n que la Regi\u00f3n de Valpara\u00edso es una de las m\u00e1s atrasadas con respecto a las otras regiones del pa\u00eds\u201d.<br \/>\nAdem\u00e1s mencion\u00f3 que est\u00e1 pendiente la interrupci\u00f3n del acuerdo Marco de eliminar la hoja de ruta para los servicios rurales que prestan servicios en la Provincia de Los Andes.<\/p>\n","protected":false},"excerpt":{"rendered":"<p>LOS ANDES.&#8211; El Presidente del Consejo Superior de Taxis Colectivos de Los Andes, Roberto Osses Olivares, manifest\u00f3 la preocupaci\u00f3n del gremio por la renuncia forzada del Seremi de Transportes Patricio Cannobbio que&#8230;<\/p>\n","protected":false},"author":482,"featured_media":66630,"comment_status":"open","ping_status":"open","sticky":false,"template":"","format":"standard","meta":{"advanced_seo_description":"","jetpack_seo_html_title":"","jetpack_seo_noindex":false,"_jetpack_memberships_contains_paid_content":false,"footnotes":""},"categories":[15],"tags":[],"class_list":["post-66629","post","type-post","status-publish","format-standard","has-post-thumbnail","hentry","category-comunidad"],"jetpack_featured_media_url":"https:\/\/i0.wp.com\/eltrabajo.cl\/portal\/wp-content\/uploads\/2016\/02\/Roberto-Osses.jpg?fit=530%2C350&ssl=1","jetpack_sharing_enabled":true,"jetpack_likes_enabled":true,"jetpack-related-posts":[],"_links":{"self":[{"href":"https:\/\/eltrabajo.cl\/portal\/wp-json\/wp\/v2\/posts\/66629","targetHints":{"allow":["GET"]}}],"collection":[{"href":"https:\/\/eltrabajo.cl\/portal\/wp-json\/wp\/v2\/posts"}],"about":[{"href":"https:\/\/eltrabajo.cl\/portal\/wp-json\/wp\/v2\/types\/post"}],"author":[{"embeddable":true,"href":"https:\/\/eltrabajo.cl\/portal\/wp-json\/wp\/v2\/users\/482"}],"replies":[{"embeddable":true,"href":"https:\/\/eltrabajo.cl\/portal\/wp-json\/wp\/v2\/comments?post=66629"}],"version-history":[{"count":0,"href":"https:\/\/eltrabajo.cl\/portal\/wp-json\/wp\/v2\/posts\/66629\/revisions"}],"wp:featuredmedia":[{"embeddable":true,"href":"https:\/\/eltrabajo.cl\/portal\/wp-json\/wp\/v2\/media\/66630"}],"wp:attachment":[{"href":"https:\/\/eltrabajo.cl\/portal\/wp-json\/wp\/v2\/media?parent=66629"}],"wp:term":[{"taxonomy":"category","embeddable":true,"href":"https:\/\/eltrabajo.cl\/portal\/wp-json\/wp\/v2\/categories?post=66629"},{"taxonomy":"post_tag","embeddable":true,"href":"https:\/\/eltrabajo.cl\/portal\/wp-json\/wp\/v2\/tags?post=66629"}],"curies":[{"name":"wp","href":"https:\/\/api.w.org\/{rel}","templated":true}]}}