{"id":66637,"date":"2016-02-10T09:28:05","date_gmt":"2016-02-10T12:28:05","guid":{"rendered":"http:\/\/www.eltrabajo.cl\/portal\/?p=66637"},"modified":"2016-02-10T09:28:05","modified_gmt":"2016-02-10T12:28:05","slug":"panquehuinos-participan-de-exitosa-cicletada-familiar","status":"publish","type":"post","link":"https:\/\/eltrabajo.cl\/portal\/panquehuinos-participan-de-exitosa-cicletada-familiar\/","title":{"rendered":"Panquehuinos participan de exitosa cicletada familiar"},"content":{"rendered":"<figure id=\"attachment_66638\" aria-describedby=\"caption-attachment-66638\" style=\"width: 300px\" class=\"wp-caption alignleft\"><img data-recalc-dims=\"1\" loading=\"lazy\" decoding=\"async\" class=\"wp-image-66638 size-medium\" src=\"https:\/\/i0.wp.com\/www.eltrabajo.cl\/portal\/wp-content\/uploads\/2016\/02\/Cicletada-Panquehue-1-300x198.jpg?resize=300%2C198\" alt=\"El evento familiar congreg\u00f3 a cerca de 70 ciclistas y fue organizado por la Unidad de Promoci\u00f3n de la Salud del Cesfam y el Departamento de Cultura y Turismo.\" width=\"300\" height=\"198\" srcset=\"https:\/\/i0.wp.com\/eltrabajo.cl\/portal\/wp-content\/uploads\/2016\/02\/Cicletada-Panquehue-1.jpg?resize=300%2C198&amp;ssl=1 300w, https:\/\/i0.wp.com\/eltrabajo.cl\/portal\/wp-content\/uploads\/2016\/02\/Cicletada-Panquehue-1.jpg?resize=200%2C132&amp;ssl=1 200w, https:\/\/i0.wp.com\/eltrabajo.cl\/portal\/wp-content\/uploads\/2016\/02\/Cicletada-Panquehue-1.jpg?resize=227%2C150&amp;ssl=1 227w, https:\/\/i0.wp.com\/eltrabajo.cl\/portal\/wp-content\/uploads\/2016\/02\/Cicletada-Panquehue-1.jpg?resize=400%2C264&amp;ssl=1 400w, https:\/\/i0.wp.com\/eltrabajo.cl\/portal\/wp-content\/uploads\/2016\/02\/Cicletada-Panquehue-1.jpg?w=530&amp;ssl=1 530w\" sizes=\"auto, (max-width: 300px) 100vw, 300px\" \/><figcaption id=\"caption-attachment-66638\" class=\"wp-caption-text\">El evento familiar congreg\u00f3 a cerca de 70 ciclistas y fue organizado por la Unidad de Promoci\u00f3n de la Salud del Cesfam y el Departamento de Cultura y Turismo.<\/figcaption><\/figure>\n<ul>\n<li><strong>Cerca de 70 pedaleros de varios sectores de la comuna participaron de esta jornada realizada por Senda, la Unidad de Promoci\u00f3n de la Salud del Cesfam y el Departamento de Cultura.<\/strong><\/li>\n<\/ul>\n<p><strong>PANQUEHUE.<\/strong>&#8211; Un positivo balance realiz\u00f3 la Coordinadora del Programa Senda, Jeannette C\u00f3rdova, sobre la realizaci\u00f3n de la primera cicletada familiar, llamada \u2018Panquehue Padalea\u2019.<br \/>\nSe trat\u00f3 de una actividad que logr\u00f3 congregar a cerca de 70 pedaleros de distintas edades, que con sus bicicletas recorrieron los distintos puntos previstos por el circuito.<br \/>\nExplic\u00f3 Jeannette C\u00f3rdova, que la unidad de Senda ha planificado para este a\u00f1o efectuar dos masivas cicletadas y se ha planificado poder realizar la segunda jornada para el mes de junio o julio de este a\u00f1o, donde se espera una mayor concurrencia de participantes.<\/p>\n<figure id=\"attachment_66639\" aria-describedby=\"caption-attachment-66639\" style=\"width: 300px\" class=\"wp-caption alignright\"><img data-recalc-dims=\"1\" loading=\"lazy\" decoding=\"async\" class=\"wp-image-66639 size-medium\" src=\"https:\/\/i0.wp.com\/www.eltrabajo.cl\/portal\/wp-content\/uploads\/2016\/02\/Cicletada-Panquehue-2-300x198.jpg?resize=300%2C198\" alt=\"A la actividad asistieron familias con hijos peque\u00f1os y tambi\u00e9n adultos mayores que no quisieron perder la oportunidad de practicar deportes al aire libre. \" width=\"300\" height=\"198\" srcset=\"https:\/\/i0.wp.com\/eltrabajo.cl\/portal\/wp-content\/uploads\/2016\/02\/Cicletada-Panquehue-2.jpg?resize=300%2C198&amp;ssl=1 300w, https:\/\/i0.wp.com\/eltrabajo.cl\/portal\/wp-content\/uploads\/2016\/02\/Cicletada-Panquehue-2.jpg?resize=200%2C132&amp;ssl=1 200w, https:\/\/i0.wp.com\/eltrabajo.cl\/portal\/wp-content\/uploads\/2016\/02\/Cicletada-Panquehue-2.jpg?resize=228%2C150&amp;ssl=1 228w, https:\/\/i0.wp.com\/eltrabajo.cl\/portal\/wp-content\/uploads\/2016\/02\/Cicletada-Panquehue-2.jpg?resize=400%2C263&amp;ssl=1 400w, https:\/\/i0.wp.com\/eltrabajo.cl\/portal\/wp-content\/uploads\/2016\/02\/Cicletada-Panquehue-2.jpg?w=530&amp;ssl=1 530w\" sizes=\"auto, (max-width: 300px) 100vw, 300px\" \/><figcaption id=\"caption-attachment-66639\" class=\"wp-caption-text\">A la actividad asistieron familias con hijos peque\u00f1os y tambi\u00e9n adultos mayores que no quisieron perder la oportunidad de practicar deportes al aire libre.<\/figcaption><\/figure>\n<p>\u201cDa mucho gusto ver a los vecinos de la comuna de Panquehue participando sobre todo en familia en actividades recreativas como esta. El uso de la bicicleta es un medio que debemos masificar en nuestra comuna, m\u00e1s a\u00fan cuando se trata de una actividad sana y de participaci\u00f3n deportiva.<br \/>\n\u201cHubo participantes muy peque\u00f1os, incluso llegaron personas por sobre los 60 a\u00f1os, que con las ganas de participar le dieron vida a esta gran cicletada familiar\u201d.<br \/>\nEn tanto el alcalde Luis Pradenas, destac\u00f3 y valor\u00f3 la participaci\u00f3n que existe de parte de la comunidad de Panquehue. Dijo que actividades como estas, donde la familia es el principal protagonista, tendr\u00e1n todo su apoyo.<br \/>\nLa jornada se realiz\u00f3 por parte de Senda y cont\u00f3 con el apoyo de la unidad de Promoci\u00f3n de la Salud del Centro de Salud Familiar y el Departamento de Cultura y Turismo.<\/p>\n","protected":false},"excerpt":{"rendered":"<p>Cerca de 70 pedaleros de varios sectores de la comuna participaron de esta jornada realizada por Senda, la Unidad de Promoci\u00f3n de la Salud del Cesfam y el Departamento de Cultura. PANQUEHUE.&#8211;&#8230;<\/p>\n","protected":false},"author":482,"featured_media":66638,"comment_status":"open","ping_status":"open","sticky":false,"template":"","format":"standard","meta":{"advanced_seo_description":"","jetpack_seo_html_title":"","jetpack_seo_noindex":false,"_jetpack_memberships_contains_paid_content":false,"footnotes":""},"categories":[15],"tags":[],"class_list":["post-66637","post","type-post","status-publish","format-standard","has-post-thumbnail","hentry","category-comunidad"],"jetpack_featured_media_url":"https:\/\/i0.wp.com\/eltrabajo.cl\/portal\/wp-content\/uploads\/2016\/02\/Cicletada-Panquehue-1.jpg?fit=530%2C350&ssl=1","jetpack_sharing_enabled":true,"jetpack_likes_enabled":true,"jetpack-related-posts":[],"_links":{"self":[{"href":"https:\/\/eltrabajo.cl\/portal\/wp-json\/wp\/v2\/posts\/66637","targetHints":{"allow":["GET"]}}],"collection":[{"href":"https:\/\/eltrabajo.cl\/portal\/wp-json\/wp\/v2\/posts"}],"about":[{"href":"https:\/\/eltrabajo.cl\/portal\/wp-json\/wp\/v2\/types\/post"}],"author":[{"embeddable":true,"href":"https:\/\/eltrabajo.cl\/portal\/wp-json\/wp\/v2\/users\/482"}],"replies":[{"embeddable":true,"href":"https:\/\/eltrabajo.cl\/portal\/wp-json\/wp\/v2\/comments?post=66637"}],"version-history":[{"count":0,"href":"https:\/\/eltrabajo.cl\/portal\/wp-json\/wp\/v2\/posts\/66637\/revisions"}],"wp:featuredmedia":[{"embeddable":true,"href":"https:\/\/eltrabajo.cl\/portal\/wp-json\/wp\/v2\/media\/66638"}],"wp:attachment":[{"href":"https:\/\/eltrabajo.cl\/portal\/wp-json\/wp\/v2\/media?parent=66637"}],"wp:term":[{"taxonomy":"category","embeddable":true,"href":"https:\/\/eltrabajo.cl\/portal\/wp-json\/wp\/v2\/categories?post=66637"},{"taxonomy":"post_tag","embeddable":true,"href":"https:\/\/eltrabajo.cl\/portal\/wp-json\/wp\/v2\/tags?post=66637"}],"curies":[{"name":"wp","href":"https:\/\/api.w.org\/{rel}","templated":true}]}}