{"id":66641,"date":"2016-02-10T09:29:43","date_gmt":"2016-02-10T12:29:43","guid":{"rendered":"http:\/\/www.eltrabajo.cl\/portal\/?p=66641"},"modified":"2016-02-10T09:29:43","modified_gmt":"2016-02-10T12:29:43","slug":"detienen-a-sujeto-que-agredio-con-cuchillo-a-su-pareja-cuando-mantenia-a-su-hijo-en-brazos","status":"publish","type":"post","link":"https:\/\/eltrabajo.cl\/portal\/detienen-a-sujeto-que-agredio-con-cuchillo-a-su-pareja-cuando-mantenia-a-su-hijo-en-brazos\/","title":{"rendered":"Detienen a sujeto que agredi\u00f3 con cuchillo a su pareja cuando manten\u00eda a su hijo en brazos"},"content":{"rendered":"<figure id=\"attachment_66642\" aria-describedby=\"caption-attachment-66642\" style=\"width: 300px\" class=\"wp-caption alignleft\"><img data-recalc-dims=\"1\" loading=\"lazy\" decoding=\"async\" class=\"wp-image-66642 size-medium\" src=\"https:\/\/i0.wp.com\/www.eltrabajo.cl\/portal\/wp-content\/uploads\/2016\/02\/Agresor-San-Esteban-300x197.jpg?resize=300%2C197\" alt=\"El imputado qued\u00f3 en prisi\u00f3n preventiva por la agresi\u00f3n y adem\u00e1s, por desacato al no cumplir con la prohibici\u00f3n de acercarse a la v\u00edctima.\" width=\"300\" height=\"197\" srcset=\"https:\/\/i0.wp.com\/eltrabajo.cl\/portal\/wp-content\/uploads\/2016\/02\/Agresor-San-Esteban.jpg?resize=300%2C197&amp;ssl=1 300w, https:\/\/i0.wp.com\/eltrabajo.cl\/portal\/wp-content\/uploads\/2016\/02\/Agresor-San-Esteban.jpg?resize=200%2C131&amp;ssl=1 200w, https:\/\/i0.wp.com\/eltrabajo.cl\/portal\/wp-content\/uploads\/2016\/02\/Agresor-San-Esteban.jpg?resize=228%2C150&amp;ssl=1 228w, https:\/\/i0.wp.com\/eltrabajo.cl\/portal\/wp-content\/uploads\/2016\/02\/Agresor-San-Esteban.jpg?resize=400%2C263&amp;ssl=1 400w, https:\/\/i0.wp.com\/eltrabajo.cl\/portal\/wp-content\/uploads\/2016\/02\/Agresor-San-Esteban.jpg?w=530&amp;ssl=1 530w\" sizes=\"auto, (max-width: 300px) 100vw, 300px\" \/><figcaption id=\"caption-attachment-66642\" class=\"wp-caption-text\">El imputado qued\u00f3 en prisi\u00f3n preventiva por la agresi\u00f3n y adem\u00e1s, por desacato al no cumplir con la prohibici\u00f3n de acercarse a la v\u00edctima.<\/figcaption><\/figure>\n<ul>\n<li><strong>El imputado ten\u00eda prohibici\u00f3n de acercase a la mujer, por lo que tras ser formalizado qued\u00f3 en prisi\u00f3n preventiva.<\/strong><\/li>\n<\/ul>\n<p><strong>SAN ESTEBAN.<\/strong>&#8211; Un carpintero fue detenido por Carabineros en horas de la madrugada del domingo luego que intentara agredir a su pareja con un cuchillo mientras \u00e9sta manten\u00eda al hijo de ambos en sus brazos.<br \/>\nTodo parti\u00f3 la noche del s\u00e1bado cuando el imputado C\u00e9sar Gabriel C.R. (34) estuvo junto a su mujer P.R. y el hijo de ambos de dos a\u00f1os compartiendo en una fiesta en Los Andes<br \/>\nPasadas las 2:30 de la ma\u00f1ana decidieron regresar a su domicilio ubicado en la comuna de San Esteban y durante el trayecto de regreso a bordo del autom\u00f3vil se produjo una fuerte discusi\u00f3n por celos.<br \/>\nLa pelea continu\u00f3 hasta que llegaron a la casa y en un momento de ofuscaci\u00f3n el sujeto tom\u00f3 el celular de la v\u00edctima y lo arroj\u00f3 a la calle destruy\u00e9ndolo.<br \/>\nDespu\u00e9s le exigi\u00f3 que se bajara del veh\u00edculo y como no lo hizo, a la fuerza la sac\u00f3 tom\u00e1ndola del pelo y tir\u00e1ndola.<br \/>\nLuego de ello el imputado ingres\u00f3 a la casa y regres\u00f3 con un cuchillo, comenzando a amenazarla dici\u00e9ndole que lo ten\u00eda cansado y efectuando maniobras con el arma blanca como si la fuera a apu\u00f1alar.<br \/>\nLa mujer logr\u00f3 hacerle el quite a las estocadas mientras aun manten\u00eda a su peque\u00f1o hijo en brazos, pudiendo incluso agredir al hombre en la cara para poder evitar que le asestara una estocada.<br \/>\nLa agresi\u00f3n fue presenciada por unos j\u00f3venes que pasaban por el lugar y llamaron a Carabineros de la Tenencia San Esteban, quienes fueron al lugar y detuvieron al hombre.<br \/>\nLa v\u00edctima result\u00f3 con contusi\u00f3n cuero cabelludo y otra lesi\u00f3n, siendo atendida en el Servicio de Urgencia del Hospital San Juan de Dios.<br \/>\nUna vez puesto a disposici\u00f3n del Tribunal de Garant\u00eda el fiscal Alberto Gertosio lo formaliz\u00f3 por los delitos de lesiones menos graves, amenazas en VIF y desacato.<br \/>\nEl imputado manten\u00eda vigente una suspensi\u00f3n condicional del procedimiento por un a\u00f1o con abandono del hogar com\u00fan y prohibici\u00f3n de acercarse a la v\u00edctima, por causa del 4 de junio de 2015 del Juzgado de Garant\u00eda de Los Andes.<br \/>\nLa v\u00edctima dijo al fiscal que hab\u00eda recibido a su conviviente en la casa por una enfermedad que tuvo tiempo atr\u00e1s el hijo y porque depend\u00eda econ\u00f3micamente de \u00e9l.<br \/>\nPese a ello, el fiscal pidi\u00f3 la prisi\u00f3n preventiva para el imputado a lo que la defensora Alicia Rojas se opuso argumentando que no estaban los requisitos para esa medida tan gravosa, ya que la v\u00edctima fue quien le pidi\u00f3 que volviera y en los \u00faltimos seis meses no hab\u00eda ocurrido nada de violencia.<br \/>\nDijo que seg\u00fan lo comentado por el representado no existieron lesiones, tampoco amenazas y que fue Carabineros el que sac\u00f3 el cuchillo de la casa.<br \/>\nExpuestos los antecedentes la magistrado Valeria Crosa consider\u00f3 acreditados los hechos y particularmente el delito de desacato por lo que decret\u00f3 su ingreso a prisi\u00f3n preventiva por los dos meses que durar\u00e1 la investigaci\u00f3n.<\/p>\n","protected":false},"excerpt":{"rendered":"<p>El imputado ten\u00eda prohibici\u00f3n de acercase a la mujer, por lo que tras ser formalizado qued\u00f3 en prisi\u00f3n preventiva. SAN ESTEBAN.&#8211; Un carpintero fue detenido por Carabineros en horas de la madrugada&#8230;<\/p>\n","protected":false},"author":482,"featured_media":66642,"comment_status":"open","ping_status":"open","sticky":false,"template":"","format":"standard","meta":{"advanced_seo_description":"","jetpack_seo_html_title":"","jetpack_seo_noindex":false,"_jetpack_memberships_contains_paid_content":false,"footnotes":""},"categories":[21],"tags":[],"class_list":["post-66641","post","type-post","status-publish","format-standard","has-post-thumbnail","hentry","category-policial"],"jetpack_featured_media_url":"https:\/\/i0.wp.com\/eltrabajo.cl\/portal\/wp-content\/uploads\/2016\/02\/Agresor-San-Esteban.jpg?fit=530%2C348&ssl=1","jetpack_sharing_enabled":true,"jetpack_likes_enabled":true,"jetpack-related-posts":[],"_links":{"self":[{"href":"https:\/\/eltrabajo.cl\/portal\/wp-json\/wp\/v2\/posts\/66641","targetHints":{"allow":["GET"]}}],"collection":[{"href":"https:\/\/eltrabajo.cl\/portal\/wp-json\/wp\/v2\/posts"}],"about":[{"href":"https:\/\/eltrabajo.cl\/portal\/wp-json\/wp\/v2\/types\/post"}],"author":[{"embeddable":true,"href":"https:\/\/eltrabajo.cl\/portal\/wp-json\/wp\/v2\/users\/482"}],"replies":[{"embeddable":true,"href":"https:\/\/eltrabajo.cl\/portal\/wp-json\/wp\/v2\/comments?post=66641"}],"version-history":[{"count":0,"href":"https:\/\/eltrabajo.cl\/portal\/wp-json\/wp\/v2\/posts\/66641\/revisions"}],"wp:featuredmedia":[{"embeddable":true,"href":"https:\/\/eltrabajo.cl\/portal\/wp-json\/wp\/v2\/media\/66642"}],"wp:attachment":[{"href":"https:\/\/eltrabajo.cl\/portal\/wp-json\/wp\/v2\/media?parent=66641"}],"wp:term":[{"taxonomy":"category","embeddable":true,"href":"https:\/\/eltrabajo.cl\/portal\/wp-json\/wp\/v2\/categories?post=66641"},{"taxonomy":"post_tag","embeddable":true,"href":"https:\/\/eltrabajo.cl\/portal\/wp-json\/wp\/v2\/tags?post=66641"}],"curies":[{"name":"wp","href":"https:\/\/api.w.org\/{rel}","templated":true}]}}