{"id":66647,"date":"2016-02-10T09:34:32","date_gmt":"2016-02-10T12:34:32","guid":{"rendered":"http:\/\/www.eltrabajo.cl\/portal\/?p=66647"},"modified":"2016-02-10T09:34:32","modified_gmt":"2016-02-10T12:34:32","slug":"autoridad-sanitaria-asegura-que-actualmente-no-existen-denuncias-formales-de-mala-utilizacion-de-guano","status":"publish","type":"post","link":"https:\/\/eltrabajo.cl\/portal\/autoridad-sanitaria-asegura-que-actualmente-no-existen-denuncias-formales-de-mala-utilizacion-de-guano\/","title":{"rendered":"Autoridad Sanitaria asegura que actualmente no existen denuncias formales de mala utilizaci\u00f3n de guano"},"content":{"rendered":"<figure id=\"attachment_66648\" aria-describedby=\"caption-attachment-66648\" style=\"width: 300px\" class=\"wp-caption alignleft\"><img data-recalc-dims=\"1\" loading=\"lazy\" decoding=\"async\" class=\"wp-image-66648 size-medium\" src=\"https:\/\/i0.wp.com\/www.eltrabajo.cl\/portal\/wp-content\/uploads\/2016\/02\/FOTO-5-CLAUDIA-ABARCA-CATALDO-JEFA-300x197.jpg?resize=300%2C197\" alt=\"Claudia Abarca Cataldo jefa subrogante de la Oficina Biprovincial Aconcagua de la Seremi de Salud.\" width=\"300\" height=\"197\" srcset=\"https:\/\/i0.wp.com\/eltrabajo.cl\/portal\/wp-content\/uploads\/2016\/02\/FOTO-5-CLAUDIA-ABARCA-CATALDO-JEFA.jpg?resize=300%2C197&amp;ssl=1 300w, https:\/\/i0.wp.com\/eltrabajo.cl\/portal\/wp-content\/uploads\/2016\/02\/FOTO-5-CLAUDIA-ABARCA-CATALDO-JEFA.jpg?resize=200%2C131&amp;ssl=1 200w, https:\/\/i0.wp.com\/eltrabajo.cl\/portal\/wp-content\/uploads\/2016\/02\/FOTO-5-CLAUDIA-ABARCA-CATALDO-JEFA.jpg?resize=228%2C150&amp;ssl=1 228w, https:\/\/i0.wp.com\/eltrabajo.cl\/portal\/wp-content\/uploads\/2016\/02\/FOTO-5-CLAUDIA-ABARCA-CATALDO-JEFA.jpg?resize=400%2C263&amp;ssl=1 400w, https:\/\/i0.wp.com\/eltrabajo.cl\/portal\/wp-content\/uploads\/2016\/02\/FOTO-5-CLAUDIA-ABARCA-CATALDO-JEFA.jpg?w=530&amp;ssl=1 530w\" sizes=\"auto, (max-width: 300px) 100vw, 300px\" \/><figcaption id=\"caption-attachment-66648\" class=\"wp-caption-text\">Claudia Abarca Cataldo jefa subrogante de la Oficina Biprovincial Aconcagua de la Seremi de Salud.<\/figcaption><\/figure>\n<ul>\n<li><strong>Este abono natural debiera ser inofensivo para la comunidad si es utilizado dentro de 15 d\u00edas desde su salida del criadero.<\/strong><\/li>\n<\/ul>\n<p>Las redes sociales se han transformado en el libro de reclamos informal que la comunidad utiliza para manifestar sus quejas respecto algunas situaciones que los incomodan, afectan su entorno y\/o deterioran su calidad de vida. Los aconcag\u00fcinos particularmente, expresan su molestia a trav\u00e9s de estos medios, sin embargo, no contin\u00faan con las instancias formales que les permitan darle una soluci\u00f3n definitiva a la problem\u00e1tica que atraviesan.<br \/>\nEs el caso de lo que ocurri\u00f3 hace un par de semanas con los restos de animales que continuaban apareciendo a orillas del R\u00edo Putaendo en el sector 21 de Mayo, cuya denuncia nunca lleg\u00f3 a ser formalizada a la autoridad sanitaria, y es lo que est\u00e1 sucediendo ahora con los vecinos de algunas comunas como Llay Llay, Catemu y San Esteban, que seg\u00fan han declarado a trav\u00e9s de Facebook y Twitter est\u00e1n padeciendo malos olores provocados por la utilizaci\u00f3n de guano como abono agr\u00edcola.<br \/>\nAnte esta situaci\u00f3n, Diario El Trabajo se acerc\u00f3 a consultar al organismo competente si exist\u00eda alguna denuncia formal de esta situaci\u00f3n y qu\u00e9 tipo de fiscalizaciones se pueden realizar al respecto. Fue as\u00ed como la Jefa subrogante de la Oficina Biprovincial de la Seremi de Salud, Claudia Abarca Cataldo, asegur\u00f3 que, por el momento la denuncia se mantiene en un estado informal y que ante esto no existen procedimientos sanitarios en desarrollo.<br \/>\n\u00abHasta hoy todo lo que sabemos de la situaci\u00f3n del guano es a trav\u00e9s de las redes sociales y en base a eso nosotros no tenemos un plan de fiscalizaci\u00f3n al respecto, s\u00f3lo actuamos con denuncias formales, por lo tanto, en este minuto no tenemos ingresada ninguna, ni tampoco alg\u00fan sumario sanitario\u00bb.<br \/>\nEn relaci\u00f3n a cu\u00e1l es el proceso correcto para la utilizaci\u00f3n de guano como abono natural, la qu\u00edmico farmac\u00e9utica afirm\u00f3 que \u00abel guano en s\u00ed es muy nutritivo para la tierra, por lo general debe ser de procedencia de la crianza de pollos broiler y de pavos, no es una amenaza sanitaria, es totalmente inocuo si tiene un buen manejo, que tiene que ver principalmente con su almacenamiento. \u00c9ste se debe realizar por menos de 15 d\u00edas antes de su aplicaci\u00f3n, a no menos de 50 metros de escuelas, consultorios, hospitales o este tipo de lugares de cuidado especial, ni tampoco a menos de 15 metros. de alg\u00fan afluente de agua o lugar de acumulaci\u00f3n del recurso\u00bb, explic\u00f3.<br \/>\nLa profesional a\u00f1adi\u00f3 que cuando no se cumple alguna de estas condiciones, s\u00ed se necesita una autorizaci\u00f3n sanitaria para su utilizaci\u00f3n, esto con el fin de analizar el producto y si es necesario rebajar su carga bacteriana a trav\u00e9s de la aplicaci\u00f3n de cal y de esta forma evitar la emanaci\u00f3n de olores o vectores que pueden generar alg\u00fan problema a la salud de las personas.<br \/>\nRespecto de cu\u00e1les son los mecanismos a disposici\u00f3n de la comunidad para denunciar este tipo de situaciones, Abarca afirm\u00f3 que el camino es mucho m\u00e1s expedito e lo que el p\u00fablico se imagina.<br \/>\n\u00abA trav\u00e9s de la plataforma OIRS de la Seremi de salud o directamente en cualquiera de nuestras oficinas de Llay Llay, San Felipe, Los Andes, pueden hacer las denuncias para indicarnos mejor las coordenadas del sitio en conflicto, pero no es un tema que nosotros tengamos en nuestro plan de fiscalizaci\u00f3n, ya que insisto es inocuo para la poblaci\u00f3n, tiene una cantidad de g\u00e9rmenes peque\u00f1ita, pero si se produce alguna proliferaci\u00f3n de olores o moscas, eso s\u00ed ya es un problema para nosotros\u00bb, replic\u00f3.<\/p>\n","protected":false},"excerpt":{"rendered":"<p>Este abono natural debiera ser inofensivo para la comunidad si es utilizado dentro de 15 d\u00edas desde su salida del criadero. Las redes sociales se han transformado en el libro de reclamos&#8230;<\/p>\n","protected":false},"author":482,"featured_media":66648,"comment_status":"open","ping_status":"open","sticky":false,"template":"","format":"standard","meta":{"advanced_seo_description":"","jetpack_seo_html_title":"","jetpack_seo_noindex":false,"_jetpack_memberships_contains_paid_content":false,"footnotes":""},"categories":[15],"tags":[],"class_list":["post-66647","post","type-post","status-publish","format-standard","has-post-thumbnail","hentry","category-comunidad"],"jetpack_featured_media_url":"https:\/\/i0.wp.com\/eltrabajo.cl\/portal\/wp-content\/uploads\/2016\/02\/FOTO-5-CLAUDIA-ABARCA-CATALDO-JEFA.jpg?fit=530%2C348&ssl=1","jetpack_sharing_enabled":true,"jetpack_likes_enabled":true,"jetpack-related-posts":[],"_links":{"self":[{"href":"https:\/\/eltrabajo.cl\/portal\/wp-json\/wp\/v2\/posts\/66647","targetHints":{"allow":["GET"]}}],"collection":[{"href":"https:\/\/eltrabajo.cl\/portal\/wp-json\/wp\/v2\/posts"}],"about":[{"href":"https:\/\/eltrabajo.cl\/portal\/wp-json\/wp\/v2\/types\/post"}],"author":[{"embeddable":true,"href":"https:\/\/eltrabajo.cl\/portal\/wp-json\/wp\/v2\/users\/482"}],"replies":[{"embeddable":true,"href":"https:\/\/eltrabajo.cl\/portal\/wp-json\/wp\/v2\/comments?post=66647"}],"version-history":[{"count":0,"href":"https:\/\/eltrabajo.cl\/portal\/wp-json\/wp\/v2\/posts\/66647\/revisions"}],"wp:featuredmedia":[{"embeddable":true,"href":"https:\/\/eltrabajo.cl\/portal\/wp-json\/wp\/v2\/media\/66648"}],"wp:attachment":[{"href":"https:\/\/eltrabajo.cl\/portal\/wp-json\/wp\/v2\/media?parent=66647"}],"wp:term":[{"taxonomy":"category","embeddable":true,"href":"https:\/\/eltrabajo.cl\/portal\/wp-json\/wp\/v2\/categories?post=66647"},{"taxonomy":"post_tag","embeddable":true,"href":"https:\/\/eltrabajo.cl\/portal\/wp-json\/wp\/v2\/tags?post=66647"}],"curies":[{"name":"wp","href":"https:\/\/api.w.org\/{rel}","templated":true}]}}