{"id":66650,"date":"2016-02-10T09:38:07","date_gmt":"2016-02-10T12:38:07","guid":{"rendered":"http:\/\/www.eltrabajo.cl\/portal\/?p=66650"},"modified":"2016-02-10T09:38:07","modified_gmt":"2016-02-10T12:38:07","slug":"realizan-nueva-version-de-programa-calles-abiertas-2016-en-bellavista","status":"publish","type":"post","link":"https:\/\/eltrabajo.cl\/portal\/realizan-nueva-version-de-programa-calles-abiertas-2016-en-bellavista\/","title":{"rendered":"Realizan nueva versi\u00f3n de programa \u2018Calles Abiertas 2016\u2019 en Bellavista"},"content":{"rendered":"<figure id=\"attachment_66652\" aria-describedby=\"caption-attachment-66652\" style=\"width: 300px\" class=\"wp-caption alignleft\"><img data-recalc-dims=\"1\" loading=\"lazy\" decoding=\"async\" class=\"wp-image-66652 size-medium\" src=\"https:\/\/i0.wp.com\/www.eltrabajo.cl\/portal\/wp-content\/uploads\/2016\/02\/Calles-Abiertas-2016-Bellavista-11-300x197.jpg?resize=300%2C197\" alt=\"La localidad de Bellavista fue elegida para iniciar el programa \u2018Calles Abiertas 2016\u2019 en San Felipe.\" width=\"300\" height=\"197\" srcset=\"https:\/\/i0.wp.com\/eltrabajo.cl\/portal\/wp-content\/uploads\/2016\/02\/Calles-Abiertas-2016-Bellavista-11.jpg?resize=300%2C197&amp;ssl=1 300w, https:\/\/i0.wp.com\/eltrabajo.cl\/portal\/wp-content\/uploads\/2016\/02\/Calles-Abiertas-2016-Bellavista-11.jpg?resize=200%2C131&amp;ssl=1 200w, https:\/\/i0.wp.com\/eltrabajo.cl\/portal\/wp-content\/uploads\/2016\/02\/Calles-Abiertas-2016-Bellavista-11.jpg?resize=228%2C150&amp;ssl=1 228w, https:\/\/i0.wp.com\/eltrabajo.cl\/portal\/wp-content\/uploads\/2016\/02\/Calles-Abiertas-2016-Bellavista-11.jpg?resize=400%2C263&amp;ssl=1 400w, https:\/\/i0.wp.com\/eltrabajo.cl\/portal\/wp-content\/uploads\/2016\/02\/Calles-Abiertas-2016-Bellavista-11.jpg?w=530&amp;ssl=1 530w\" sizes=\"auto, (max-width: 300px) 100vw, 300px\" \/><figcaption id=\"caption-attachment-66652\" class=\"wp-caption-text\">La localidad de Bellavista fue elegida para iniciar el programa \u2018Calles Abiertas 2016\u2019 en San Felipe.<\/figcaption><\/figure>\n<ul>\n<li><strong>El programa del Instituto Nacional de Deportes (IND), ejecutado en conjunto con el Departamento de Deportes y Actividad F\u00edsica de la Municipalidad de San Felipe, regres\u00f3 con m\u00e1s deporte y entretenci\u00f3n para toda la familia.<\/strong><\/li>\n<\/ul>\n<p>Tres comunas de la V regi\u00f3n fueron las elegidas para llevar a cabo, por segundo a\u00f1o consecutivo, el programa \u2018Calles Abiertas\u2019, una iniciativa del Instituto Nacional de Deportes y la comuna de San Felipe, gracias a la gesti\u00f3n del alcalde Patricio Freire fue una de las beneficiadas al ser evaluada positivamente por el IND.<br \/>\nBellavista fue la localidad elegida para dar el puntapi\u00e9 inicial a \u2018Calles Abiertas 2016\u2019 en la comuna de San Felipe, debido a su destacada participaci\u00f3n en la versi\u00f3n 2015 del mismo programa. Los vecinos del sector pudieron disfrutar de diversas actividades, como zumba, pruebas de destreza f\u00edsica, mini b\u00e1squetbol, mini f\u00fatbol, juegos de paletas, entre otros, mientras que los m\u00e1s peque\u00f1os se divirtieron con las caritas pintadas o desarrollando su creatividad al dibujar con tizas.<\/p>\n<figure id=\"attachment_66651\" aria-describedby=\"caption-attachment-66651\" style=\"width: 300px\" class=\"wp-caption alignright\"><img data-recalc-dims=\"1\" loading=\"lazy\" decoding=\"async\" class=\"wp-image-66651 size-medium\" src=\"https:\/\/i0.wp.com\/www.eltrabajo.cl\/portal\/wp-content\/uploads\/2016\/02\/Calles-Abiertas-2016-Bellavista-5-300x198.jpg?resize=300%2C198\" alt=\"El evento fue una excelente oportunidad para la actividad deportiva en familia.\" width=\"300\" height=\"198\" srcset=\"https:\/\/i0.wp.com\/eltrabajo.cl\/portal\/wp-content\/uploads\/2016\/02\/Calles-Abiertas-2016-Bellavista-5.jpg?resize=300%2C198&amp;ssl=1 300w, https:\/\/i0.wp.com\/eltrabajo.cl\/portal\/wp-content\/uploads\/2016\/02\/Calles-Abiertas-2016-Bellavista-5.jpg?resize=200%2C132&amp;ssl=1 200w, https:\/\/i0.wp.com\/eltrabajo.cl\/portal\/wp-content\/uploads\/2016\/02\/Calles-Abiertas-2016-Bellavista-5.jpg?resize=227%2C150&amp;ssl=1 227w, https:\/\/i0.wp.com\/eltrabajo.cl\/portal\/wp-content\/uploads\/2016\/02\/Calles-Abiertas-2016-Bellavista-5.jpg?resize=400%2C264&amp;ssl=1 400w, https:\/\/i0.wp.com\/eltrabajo.cl\/portal\/wp-content\/uploads\/2016\/02\/Calles-Abiertas-2016-Bellavista-5.jpg?w=530&amp;ssl=1 530w\" sizes=\"auto, (max-width: 300px) 100vw, 300px\" \/><figcaption id=\"caption-attachment-66651\" class=\"wp-caption-text\">El evento fue una excelente oportunidad para la actividad deportiva en familia.<\/figcaption><\/figure>\n<p>Danilo Pe\u00f1a, encargado del departamento de Deportes del municipio destac\u00f3 la participaci\u00f3n de los vecinos del sector de Bellavista, se\u00f1alando que \u201cdesarrollamos esta primera actividad en este sector y estamos muy contentos de la participaci\u00f3n de los vecinos y especialmente de los ni\u00f1os y este a\u00f1o el programa viene con muchas sorpresas para la familia, por ello a nombre del alcalde Patricio Freire invitamos a todos los sanfelipe\u00f1os a participar de esta iniciativa que fomenta la pr\u00e1ctica deportiva de los vecinos\u201d.<br \/>\nEl programa \u2018Calles Abiertas\u2019, al igual que el a\u00f1o pasado, contar\u00e1 este 2016 con 10 fechas, las que se realizar\u00e1n en distintos sectores de la comuna. De hecho la segunda jornada se desarrollar\u00e1 el pr\u00f3ximo s\u00e1bado 13 de febrero, entre las 18 y 20 horas, frente a la Municipalidad de San Felipe, donde los participantes podr\u00e1n disfrutar de mini f\u00fatbol, mini b\u00e1squetbol, ping pong, pruebas de destrezas entre otras actividades, para terminar con una gran zumba fluor.<\/p>\n","protected":false},"excerpt":{"rendered":"<p>El programa del Instituto Nacional de Deportes (IND), ejecutado en conjunto con el Departamento de Deportes y Actividad F\u00edsica de la Municipalidad de San Felipe, regres\u00f3 con m\u00e1s deporte y entretenci\u00f3n para&#8230;<\/p>\n","protected":false},"author":482,"featured_media":66652,"comment_status":"open","ping_status":"open","sticky":false,"template":"","format":"standard","meta":{"advanced_seo_description":"","jetpack_seo_html_title":"","jetpack_seo_noindex":false,"_jetpack_memberships_contains_paid_content":false,"footnotes":""},"categories":[1],"tags":[],"class_list":["post-66650","post","type-post","status-publish","format-standard","has-post-thumbnail","hentry","category-cronica"],"jetpack_featured_media_url":"https:\/\/i0.wp.com\/eltrabajo.cl\/portal\/wp-content\/uploads\/2016\/02\/Calles-Abiertas-2016-Bellavista-11.jpg?fit=530%2C348&ssl=1","jetpack_sharing_enabled":true,"jetpack_likes_enabled":true,"jetpack-related-posts":[],"_links":{"self":[{"href":"https:\/\/eltrabajo.cl\/portal\/wp-json\/wp\/v2\/posts\/66650","targetHints":{"allow":["GET"]}}],"collection":[{"href":"https:\/\/eltrabajo.cl\/portal\/wp-json\/wp\/v2\/posts"}],"about":[{"href":"https:\/\/eltrabajo.cl\/portal\/wp-json\/wp\/v2\/types\/post"}],"author":[{"embeddable":true,"href":"https:\/\/eltrabajo.cl\/portal\/wp-json\/wp\/v2\/users\/482"}],"replies":[{"embeddable":true,"href":"https:\/\/eltrabajo.cl\/portal\/wp-json\/wp\/v2\/comments?post=66650"}],"version-history":[{"count":0,"href":"https:\/\/eltrabajo.cl\/portal\/wp-json\/wp\/v2\/posts\/66650\/revisions"}],"wp:featuredmedia":[{"embeddable":true,"href":"https:\/\/eltrabajo.cl\/portal\/wp-json\/wp\/v2\/media\/66652"}],"wp:attachment":[{"href":"https:\/\/eltrabajo.cl\/portal\/wp-json\/wp\/v2\/media?parent=66650"}],"wp:term":[{"taxonomy":"category","embeddable":true,"href":"https:\/\/eltrabajo.cl\/portal\/wp-json\/wp\/v2\/categories?post=66650"},{"taxonomy":"post_tag","embeddable":true,"href":"https:\/\/eltrabajo.cl\/portal\/wp-json\/wp\/v2\/tags?post=66650"}],"curies":[{"name":"wp","href":"https:\/\/api.w.org\/{rel}","templated":true}]}}