{"id":66654,"date":"2016-02-10T09:42:26","date_gmt":"2016-02-10T12:42:26","guid":{"rendered":"http:\/\/www.eltrabajo.cl\/portal\/?p=66654"},"modified":"2016-02-10T09:42:26","modified_gmt":"2016-02-10T12:42:26","slug":"intendente-regional-gabriel-aldoney-realizo-intensa-agenda-durante-visita-a-la-provincia-de-san-felipe","status":"publish","type":"post","link":"https:\/\/eltrabajo.cl\/portal\/intendente-regional-gabriel-aldoney-realizo-intensa-agenda-durante-visita-a-la-provincia-de-san-felipe\/","title":{"rendered":"Intendente Regional Gabriel Aldoney realiz\u00f3 intensa agenda durante visita a la provincia de San Felipe"},"content":{"rendered":"<figure id=\"attachment_66655\" aria-describedby=\"caption-attachment-66655\" style=\"width: 300px\" class=\"wp-caption alignleft\"><img data-recalc-dims=\"1\" loading=\"lazy\" decoding=\"async\" class=\"wp-image-66655 size-medium\" src=\"https:\/\/i0.wp.com\/www.eltrabajo.cl\/portal\/wp-content\/uploads\/2016\/02\/FOTO-1-INTENDENTE-DE-LA-REGION-DE-VALPARAISO-GABRIEL-ALDONEY-300x197.jpg?resize=300%2C197\" alt=\"Intendente de la Regi\u00f3n de Valpara\u00edso, Gabriel Aldoney.\" width=\"300\" height=\"197\" srcset=\"https:\/\/i0.wp.com\/eltrabajo.cl\/portal\/wp-content\/uploads\/2016\/02\/FOTO-1-INTENDENTE-DE-LA-REGION-DE-VALPARAISO-GABRIEL-ALDONEY.jpg?resize=300%2C197&amp;ssl=1 300w, https:\/\/i0.wp.com\/eltrabajo.cl\/portal\/wp-content\/uploads\/2016\/02\/FOTO-1-INTENDENTE-DE-LA-REGION-DE-VALPARAISO-GABRIEL-ALDONEY.jpg?resize=200%2C131&amp;ssl=1 200w, https:\/\/i0.wp.com\/eltrabajo.cl\/portal\/wp-content\/uploads\/2016\/02\/FOTO-1-INTENDENTE-DE-LA-REGION-DE-VALPARAISO-GABRIEL-ALDONEY.jpg?resize=228%2C150&amp;ssl=1 228w, https:\/\/i0.wp.com\/eltrabajo.cl\/portal\/wp-content\/uploads\/2016\/02\/FOTO-1-INTENDENTE-DE-LA-REGION-DE-VALPARAISO-GABRIEL-ALDONEY.jpg?resize=400%2C263&amp;ssl=1 400w, https:\/\/i0.wp.com\/eltrabajo.cl\/portal\/wp-content\/uploads\/2016\/02\/FOTO-1-INTENDENTE-DE-LA-REGION-DE-VALPARAISO-GABRIEL-ALDONEY.jpg?w=530&amp;ssl=1 530w\" sizes=\"auto, (max-width: 300px) 100vw, 300px\" \/><figcaption id=\"caption-attachment-66655\" class=\"wp-caption-text\">Intendente de la Regi\u00f3n de Valpara\u00edso, Gabriel Aldoney.<\/figcaption><\/figure>\n<ul>\n<li><strong>M\u00e1xima autoridad regional visit\u00f3 obras de nuevo jard\u00edn infantil de Las Acacias, proyecto de m\u00e1s de $ 800 millones que tendr\u00e1 cupo para 96 p\u00e1rvulos.<\/strong><\/li>\n<\/ul>\n<p>El intendente de la regi\u00f3n de Valpara\u00edso, Gabriel Aldoney realiz\u00f3 ayer una extensa visita al Valle de Aconcagua en donde particip\u00f3 de diferentes actividades durante toda la jornada, entre las cuales destacaron: el recorrido por el Embalse Chacrillas, la asistencia a la ceremonia del XI cruce Los Andes Cabalgata por la senda del Ej\u00e9rcito Libertador y durante la tarde la m\u00e1xima autoridad regional, sostuvo reuniones con asociaciones mineras y dirigentes de Cooperativas de Agua Potable Rural de la zona.<br \/>\nLa actividad que abri\u00f3 la agenda de Aldoney en la Provincia de San Felipe, fue la reuni\u00f3n que se gest\u00f3 con distintas autoridades locales, en las obras de Construcci\u00f3n del Jard\u00edn Infantil Junji (Junta Nacional de Jardines Infantiles) que se construye en la tercera etapa de villa Las Acacias, en avenida Circunvalaci\u00f3n Santa Teresa en intersecci\u00f3n con avenida Enc\u00f3n.<br \/>\nEn el lugar, tanto Aldoney, como el gobernador provincial Eduardo Le\u00f3n y el alcalde de San Felipe Patricio Freire, se reunieron con vecinos del sector y recorrieron la obra que implicar\u00e1 la construcci\u00f3n de un establecimiento educacional con 2 salas cuna para 20 lactantes cada una y dos salas de nivel medio para 28 p\u00e1rvulos cada una de ellas (capacidad total de 96 ni\u00f1os y ni\u00f1as), en un proyecto que significar\u00e1 una inversi\u00f3n final de 882.227.595 millones de pesos<br \/>\nEn la ocasi\u00f3n, el intendente Aldoney destac\u00f3 cu\u00e1les son las caracter\u00edsticas principales de este tipo de obras, argumentando que \u201ceste proyecto corresponde a uno de los tantos que la Junji est\u00e1 desarrollando en la regi\u00f3n, que tiene comprometidos alrededor de 13 mil millones de pesos para unas soluciones que van a implicar plazas de jardines infantiles para alrededor de 1.500 ni\u00f1os y adem\u00e1s de este contexto, responde a algo a lo que la Presidenta Bachelet le ha dado mucha importancia y que es algo in\u00e9dito en la historia de este pa\u00eds, el esfuerzo que se est\u00e1 haciendo para resolver una dificultad que aqueja a muchas madres, muchas de ellas madres solteras, personas que hacen muchos esfuerzos para poder mantener y sustentar sus familias incorpor\u00e1ndose a la vida laboral\u201d, destac\u00f3.<br \/>\nEn ese mismo \u00e1mbito, la m\u00e1xima autoridad regional valor\u00f3 tambi\u00e9n que \u201cesto permite que los ni\u00f1os y ni\u00f1as tengan oportunidades de desarrollo temprano en su proceso formativo, lo que indudablemente genera a la larga mejores condiciones en su futuro escolar\u201d, asever\u00f3.<br \/>\nDe la misma forma el Intendente asegur\u00f3 que este nuevo jard\u00edn infantil cuenta con la caracter\u00edstica de \u2018las 3 b\u2019, ya que, en primer t\u00e9rmino existe una muy buena conexi\u00f3n entre las autoridades y los vecinos, lo que genera un valor agregado a la construcci\u00f3n misma, pues se aprecia una forma ejemplar de los vecinos involucr\u00e1ndose en la obra. En segundo lugar -destac\u00f3 Aldoney- no se trata solamente de la construcci\u00f3n misma ni del jard\u00edn infantil propiamente tal, sino que se aprecia un foco de desarrollo del sector que involucra la realizaci\u00f3n del programa gubernamental \u2018Quiero mi Barrio\u2019, con vialidad de por medio, \u00e1reas verdes en desarrollo, etc. lo que en definitiva provoca una mejora en la calidad de vida de los vecinos.<br \/>\nFinalmente, como tercer punto, la autoridad relev\u00f3 el hecho que las soluciones que se est\u00e1n generando, van directamente en beneficio de las familias del lugar, argumentando que \u201cuna experiencia de esta naturaleza es muy bueno transmitirla no s\u00f3lo para los beneficiarios, sino que para toda la regi\u00f3n, puesto que, es la forma en c\u00f3mo este tipo de problemas debe ser enfrentado, Junji ha tenido dificultades para cumplir con sus objetivos, fundamentalmente con problemas de terreno en algunas comunas, pero ustedes ven que cuando hay buena voluntad de las partes y capacidad de poder coordinarse y trabajar en conjunto, podemos dar una soluci\u00f3n en la que los principales beneficiados ser\u00e1n nuestros ni\u00f1os\u201d, concluy\u00f3.<\/p>\n<p><strong>ASPECTOS T\u00c9CNICOS<\/strong><br \/>\nDe acuerdo a lo se\u00f1alado por Carolina Morales, Directora Regional (s) de Junji, la obra se enmarca en uno de los 19 proyectos de aumento de cobertura que el organismo se encuentra desarrollando en la regi\u00f3n de Valpara\u00edso y est\u00e1 dentro de la medida presidencial n\u00famero 2 del Gobierno de Michelle Bachelet, cuyo fin principal es entregar una educaci\u00f3n parvularia gratuita y de calidad para los ni\u00f1os del pa\u00eds.<br \/>\nEn relaci\u00f3n a aquello Morales destac\u00f3 la importancia de este nuevo jard\u00edn infantil en el sector de Las Acacias, argumentando que \u201cel impacto que tiene este nuevo establecimiento con la comunidad es directo, pues son ellos los beneficiarios de esta construcci\u00f3n en la cual contaremos con 96 nuevos cupos tanto para sala cuna como para niveles medios, en donde las salas tendr\u00e1n mayores superficies porque el mt2 por p\u00e1rvulo aument\u00f3, el recinto contar\u00e1 con mayor y mejor tecnolog\u00eda debido al sistema de climatizaci\u00f3n que se incorporar\u00e1, entre otros aspectos que permitir\u00e1n un espacio educativo de mayor calidad para los ni\u00f1os de la comuna\u201d, puntualiz\u00f3.<br \/>\nRespecto de si el Jard\u00edn estar\u00e1 destinado a cubrir solamente necesidades educativas de las familias de poblaciones cercanas al establecimiento, Morales respondi\u00f3 que \u201cJunji termin\u00f3 el 15 de enero el proceso de selecci\u00f3n de los nuevos p\u00e1rvulos que ingresar\u00e1n a nuestros jardines, naturalmente los ni\u00f1os que viven en el sector de Enc\u00f3n tendr\u00e1n un ingreso de acuerdo a la situaci\u00f3n socioecon\u00f3mica que tenga cada familia\u201d, expuso.<br \/>\nFinalmente, la profesional a\u00f1adi\u00f3 que otro de los beneficios que traer\u00e1 el aumento de la cobertura, ser\u00e1 la necesidad de mayor mano de obra-t\u00e9cnica y profesional- unas 285 nuevas funcionarias para los nuevos establecimientos que se encuentran en construcci\u00f3n.<br \/>\nPor su parte, el alcalde de San Felipe Patricio Freire, asegur\u00f3 que este tipo de proyectos demuestran que el avance de la ciudad contin\u00faa en curso y afirm\u00f3 que \u201cestamos viendo el desarrollo constante de nuestra comuna, c\u00f3mo crece, esta es una parte de la meta presidencial de los jardines y nosotros siempre hemos estado dispuestos a contribuir con ese crecimiento, dentro de esa meta San Felipe va a construir 4 jardines, otorgando una cobertura de entre 400 y 500 ni\u00f1os y eso nos tiene muy contentos\u201d, aclar\u00f3.<br \/>\nFreire destac\u00f3 tambi\u00e9n el apoyo y el trabajo en conjunto que han logrado con los vecinos del sector, lo que en definitiva ha permitido avanzar r\u00e1pidamente en otro tipo de proyectos como por ejemplo la primera etapa del Parque borde Estero.<br \/>\nA prop\u00f3sito del aporte comunitario, Mario Pe\u00f1a, presidente de la Junta de Vecinos villa Las Acacias etapas II y III, manifest\u00f3 c\u00f3mo se gest\u00f3 la posibilidad de concretar este proyecto, indicando que \u201ceste fue un sue\u00f1o de mucho tiempo, que se pudo realizar en esta oportunidad, a nosotros nos pidieron este espacio, porque nosotros ten\u00edamos el comodato, nos consultaron qu\u00e9 ten\u00edamos pensado hacer, qu\u00e9 proyecto ten\u00edamos. El sue\u00f1o era muy grande, con medios nuestros era imposible y se nos dio esta opci\u00f3n que fue aprobada de inmediato por todos los vecinos\u201d, enfatiz\u00f3<br \/>\nFinalmente, Pe\u00f1a mencion\u00f3 la enorme gratitud de los vecinos con las autoridades, puesto que \u201cnosotros debemos ser de las poblaciones m\u00e1s molestosas de la comuna, estamos todas las semanas en la municipalidad, semana por medio en la Gobernaci\u00f3n, pero siempre nos han atendidos, porque este no es s\u00f3lo un trabajo, gracias al apoyo de las autoridades tenemos \u00e1reas verdes, iluminaci\u00f3n, el pavimento de una avenida fant\u00e1stica hacia el Cesfam que atiende cerca de 35 mil personas y todo es lo hemos conseguido en este per\u00edodo\u201d, concluy\u00f3.<br \/>\nSe espera que el nuevo jard\u00edn infantil de villa Las Acacias est\u00e9 a disposici\u00f3n de la comunidad a partir de junio, pues a fines de mayo se cumplen los 210 d\u00edas que tiene de plazo la empresa a cargo de la ejecuci\u00f3n de los trabajos. Otro punto importante a consignar, es que ser\u00e1n los propios vecinos del sector, los que en asamblea definan el nombre del establecimiento.<\/p>\n<div class=\"tiled-gallery type-rectangular tiled-gallery-unresized\" data-original-width=\"640\" data-carousel-extra='null' itemscope itemtype=\"http:\/\/schema.org\/ImageGallery\" > <div class=\"gallery-row\" style=\"width: 640px; height: 283px;\" data-original-width=\"640\" data-original-height=\"283\" > <div class=\"gallery-group images-1\" style=\"width: 427px; height: 283px;\" data-original-width=\"427\" data-original-height=\"283\" > <div class=\"tiled-gallery-item tiled-gallery-item-large\" itemprop=\"associatedMedia\" itemscope itemtype=\"http:\/\/schema.org\/ImageObject\"> <a href=\"https:\/\/eltrabajo.cl\/portal\/intendente-regional-gabriel-aldoney-realizo-intensa-agenda-durante-visita-a-la-provincia-de-san-felipe\/foto-4-el-intendente-aldoney\/\" border=\"0\" itemprop=\"url\"> <meta itemprop=\"width\" content=\"423\"> <meta itemprop=\"height\" content=\"279\"> <img decoding=\"async\" class=\"\" data-attachment-id=\"66658\" data-orig-file=\"https:\/\/eltrabajo.cl\/portal\/wp-content\/uploads\/2016\/02\/FOTO-4-EL-INTENDENTE-ALDONEY.jpg\" data-orig-size=\"530,350\" data-comments-opened=\"1\" data-image-meta=\"{&quot;aperture&quot;:&quot;0&quot;,&quot;credit&quot;:&quot;&quot;,&quot;camera&quot;:&quot;&quot;,&quot;caption&quot;:&quot;&quot;,&quot;created_timestamp&quot;:&quot;0&quot;,&quot;copyright&quot;:&quot;Copyright 2012&quot;,&quot;focal_length&quot;:&quot;0&quot;,&quot;iso&quot;:&quot;0&quot;,&quot;shutter_speed&quot;:&quot;0&quot;,&quot;title&quot;:&quot;&quot;,&quot;orientation&quot;:&quot;0&quot;}\" data-image-title=\"FOTO 4 EL INTENDENTE ALDONEY\" data-image-description=\"&lt;p&gt;El Intendente Aldoney estuvo acompa\u00f1ado por el Gobernador de la Provincia de San Felipe, Eduardo Le\u00f3n, el Alcalde Patricio Freire, dirigentes vecinales y vecinos de villa Las Acacias.&lt;\/p&gt; \" data-medium-file=\"https:\/\/i0.wp.com\/eltrabajo.cl\/portal\/wp-content\/uploads\/2016\/02\/FOTO-4-EL-INTENDENTE-ALDONEY.jpg?fit=300%2C198&#038;ssl=1\" data-large-file=\"https:\/\/i0.wp.com\/eltrabajo.cl\/portal\/wp-content\/uploads\/2016\/02\/FOTO-4-EL-INTENDENTE-ALDONEY.jpg?fit=530%2C350&#038;ssl=1\" src=\"https:\/\/i0.wp.com\/eltrabajo.cl\/portal\/wp-content\/uploads\/2016\/02\/FOTO-4-EL-INTENDENTE-ALDONEY.jpg?w=423&#038;h=279&#038;ssl=1\" srcset=\"https:\/\/i0.wp.com\/eltrabajo.cl\/portal\/wp-content\/uploads\/2016\/02\/FOTO-4-EL-INTENDENTE-ALDONEY.jpg?w=530&amp;ssl=1 530w, https:\/\/i0.wp.com\/eltrabajo.cl\/portal\/wp-content\/uploads\/2016\/02\/FOTO-4-EL-INTENDENTE-ALDONEY.jpg?resize=200%2C132&amp;ssl=1 200w, https:\/\/i0.wp.com\/eltrabajo.cl\/portal\/wp-content\/uploads\/2016\/02\/FOTO-4-EL-INTENDENTE-ALDONEY.jpg?resize=300%2C198&amp;ssl=1 300w, https:\/\/i0.wp.com\/eltrabajo.cl\/portal\/wp-content\/uploads\/2016\/02\/FOTO-4-EL-INTENDENTE-ALDONEY.jpg?resize=227%2C150&amp;ssl=1 227w, https:\/\/i0.wp.com\/eltrabajo.cl\/portal\/wp-content\/uploads\/2016\/02\/FOTO-4-EL-INTENDENTE-ALDONEY.jpg?resize=400%2C264&amp;ssl=1 400w\" width=\"423\" height=\"279\" loading=\"lazy\" data-original-width=\"423\" data-original-height=\"279\" itemprop=\"http:\/\/schema.org\/image\" title=\"FOTO 4 EL INTENDENTE ALDONEY\" alt=\"El Intendente Aldoney estuvo acompa\u00f1ado por el Gobernador de la Provincia de San Felipe, Eduardo Le\u00f3n, el Alcalde Patricio Freire, dirigentes vecinales y vecinos de villa Las Acacias.\" style=\"width: 423px; height: 279px;\" \/> <\/a> <div class=\"tiled-gallery-caption\" itemprop=\"caption description\"> El Intendente Aldoney estuvo acompa\u00f1ado por el Gobernador de la Provincia de San Felipe, Eduardo Le\u00f3n, el Alcalde Patricio Freire, dirigentes vecinales y vecinos de villa Las Acacias. <\/div> <\/div> <\/div> <!-- close group --> <div class=\"gallery-group images-2\" style=\"width: 213px; height: 283px;\" data-original-width=\"213\" data-original-height=\"283\" > <div class=\"tiled-gallery-item tiled-gallery-item-small\" itemprop=\"associatedMedia\" itemscope itemtype=\"http:\/\/schema.org\/ImageObject\"> <a href=\"https:\/\/eltrabajo.cl\/portal\/intendente-regional-gabriel-aldoney-realizo-intensa-agenda-durante-visita-a-la-provincia-de-san-felipe\/foto-3-obras-del-nuevo-jardin-de-villa-las-acacias\/\" border=\"0\" itemprop=\"url\"> <meta itemprop=\"width\" content=\"209\"> <meta itemprop=\"height\" content=\"138\"> <img decoding=\"async\" class=\"\" data-attachment-id=\"66657\" data-orig-file=\"https:\/\/eltrabajo.cl\/portal\/wp-content\/uploads\/2016\/02\/FOTO-3-OBRAS-DEL-NUEVO-JARDIN-DE-VILLA-LAS-ACACIAS.jpg\" data-orig-size=\"530,349\" data-comments-opened=\"1\" data-image-meta=\"{&quot;aperture&quot;:&quot;0&quot;,&quot;credit&quot;:&quot;&quot;,&quot;camera&quot;:&quot;&quot;,&quot;caption&quot;:&quot;&quot;,&quot;created_timestamp&quot;:&quot;0&quot;,&quot;copyright&quot;:&quot;Copyright 2012&quot;,&quot;focal_length&quot;:&quot;0&quot;,&quot;iso&quot;:&quot;0&quot;,&quot;shutter_speed&quot;:&quot;0&quot;,&quot;title&quot;:&quot;&quot;,&quot;orientation&quot;:&quot;0&quot;}\" data-image-title=\"FOTO 3 OBRAS DEL NUEVO JARDIN DE VILLA LAS ACACIAS\" data-image-description=\"&lt;p&gt;Obras del nuevo jard\u00edn de villa Las Acacias comenzaron a desarrollarse en noviembre de 2015 y se espera que est\u00e9n concluidas en mayo de este a\u00f1o.&lt;\/p&gt; \" data-medium-file=\"https:\/\/i0.wp.com\/eltrabajo.cl\/portal\/wp-content\/uploads\/2016\/02\/FOTO-3-OBRAS-DEL-NUEVO-JARDIN-DE-VILLA-LAS-ACACIAS.jpg?fit=300%2C198&#038;ssl=1\" data-large-file=\"https:\/\/i0.wp.com\/eltrabajo.cl\/portal\/wp-content\/uploads\/2016\/02\/FOTO-3-OBRAS-DEL-NUEVO-JARDIN-DE-VILLA-LAS-ACACIAS.jpg?fit=530%2C349&#038;ssl=1\" src=\"https:\/\/i0.wp.com\/eltrabajo.cl\/portal\/wp-content\/uploads\/2016\/02\/FOTO-3-OBRAS-DEL-NUEVO-JARDIN-DE-VILLA-LAS-ACACIAS.jpg?w=209&#038;h=138&#038;ssl=1\" srcset=\"https:\/\/i0.wp.com\/eltrabajo.cl\/portal\/wp-content\/uploads\/2016\/02\/FOTO-3-OBRAS-DEL-NUEVO-JARDIN-DE-VILLA-LAS-ACACIAS.jpg?w=530&amp;ssl=1 530w, https:\/\/i0.wp.com\/eltrabajo.cl\/portal\/wp-content\/uploads\/2016\/02\/FOTO-3-OBRAS-DEL-NUEVO-JARDIN-DE-VILLA-LAS-ACACIAS.jpg?resize=200%2C132&amp;ssl=1 200w, https:\/\/i0.wp.com\/eltrabajo.cl\/portal\/wp-content\/uploads\/2016\/02\/FOTO-3-OBRAS-DEL-NUEVO-JARDIN-DE-VILLA-LAS-ACACIAS.jpg?resize=300%2C198&amp;ssl=1 300w, https:\/\/i0.wp.com\/eltrabajo.cl\/portal\/wp-content\/uploads\/2016\/02\/FOTO-3-OBRAS-DEL-NUEVO-JARDIN-DE-VILLA-LAS-ACACIAS.jpg?resize=228%2C150&amp;ssl=1 228w, https:\/\/i0.wp.com\/eltrabajo.cl\/portal\/wp-content\/uploads\/2016\/02\/FOTO-3-OBRAS-DEL-NUEVO-JARDIN-DE-VILLA-LAS-ACACIAS.jpg?resize=400%2C263&amp;ssl=1 400w\" width=\"209\" height=\"138\" loading=\"lazy\" data-original-width=\"209\" data-original-height=\"138\" itemprop=\"http:\/\/schema.org\/image\" title=\"FOTO 3 OBRAS DEL NUEVO JARDIN DE VILLA LAS ACACIAS\" alt=\"Obras del nuevo jard\u00edn de villa Las Acacias comenzaron a desarrollarse en noviembre de 2015 y se espera que est\u00e9n concluidas en mayo de este a\u00f1o.\" style=\"width: 209px; height: 138px;\" \/> <\/a> <div class=\"tiled-gallery-caption\" itemprop=\"caption description\"> Obras del nuevo jard\u00edn de villa Las Acacias comenzaron a desarrollarse en noviembre de 2015 y se espera que est\u00e9n concluidas en mayo de este a\u00f1o. <\/div> <\/div> <div class=\"tiled-gallery-item tiled-gallery-item-small\" itemprop=\"associatedMedia\" itemscope itemtype=\"http:\/\/schema.org\/ImageObject\"> <a href=\"https:\/\/eltrabajo.cl\/portal\/intendente-regional-gabriel-aldoney-realizo-intensa-agenda-durante-visita-a-la-provincia-de-san-felipe\/foto-2-directora-regional-subrogante-de-junji-carolina-morales-navarro\/\" border=\"0\" itemprop=\"url\"> <meta itemprop=\"width\" content=\"209\"> <meta itemprop=\"height\" content=\"137\"> <img decoding=\"async\" class=\"\" data-attachment-id=\"66656\" data-orig-file=\"https:\/\/eltrabajo.cl\/portal\/wp-content\/uploads\/2016\/02\/FOTO-2-DIRECTORA-REGIONAL-SUBROGANTE-DE-JUNJI-CAROLINA-MORALES-NAVARRO.jpg\" data-orig-size=\"530,348\" data-comments-opened=\"1\" data-image-meta=\"{&quot;aperture&quot;:&quot;0&quot;,&quot;credit&quot;:&quot;&quot;,&quot;camera&quot;:&quot;&quot;,&quot;caption&quot;:&quot;&quot;,&quot;created_timestamp&quot;:&quot;0&quot;,&quot;copyright&quot;:&quot;Copyright 2012&quot;,&quot;focal_length&quot;:&quot;0&quot;,&quot;iso&quot;:&quot;0&quot;,&quot;shutter_speed&quot;:&quot;0&quot;,&quot;title&quot;:&quot;&quot;,&quot;orientation&quot;:&quot;0&quot;}\" data-image-title=\"FOTO 2 DIRECTORA REGIONAL SUBROGANTE DE JUNJI CAROLINA MORALES NAVARRO\" data-image-description=\"&lt;p&gt;Directora Regional Subrogante de Junji, Carolina Morales Navarro.&lt;\/p&gt; \" data-medium-file=\"https:\/\/i0.wp.com\/eltrabajo.cl\/portal\/wp-content\/uploads\/2016\/02\/FOTO-2-DIRECTORA-REGIONAL-SUBROGANTE-DE-JUNJI-CAROLINA-MORALES-NAVARRO.jpg?fit=300%2C197&#038;ssl=1\" data-large-file=\"https:\/\/i0.wp.com\/eltrabajo.cl\/portal\/wp-content\/uploads\/2016\/02\/FOTO-2-DIRECTORA-REGIONAL-SUBROGANTE-DE-JUNJI-CAROLINA-MORALES-NAVARRO.jpg?fit=530%2C348&#038;ssl=1\" src=\"https:\/\/i0.wp.com\/eltrabajo.cl\/portal\/wp-content\/uploads\/2016\/02\/FOTO-2-DIRECTORA-REGIONAL-SUBROGANTE-DE-JUNJI-CAROLINA-MORALES-NAVARRO.jpg?w=209&#038;h=137&#038;ssl=1\" srcset=\"https:\/\/i0.wp.com\/eltrabajo.cl\/portal\/wp-content\/uploads\/2016\/02\/FOTO-2-DIRECTORA-REGIONAL-SUBROGANTE-DE-JUNJI-CAROLINA-MORALES-NAVARRO.jpg?w=530&amp;ssl=1 530w, https:\/\/i0.wp.com\/eltrabajo.cl\/portal\/wp-content\/uploads\/2016\/02\/FOTO-2-DIRECTORA-REGIONAL-SUBROGANTE-DE-JUNJI-CAROLINA-MORALES-NAVARRO.jpg?resize=200%2C131&amp;ssl=1 200w, https:\/\/i0.wp.com\/eltrabajo.cl\/portal\/wp-content\/uploads\/2016\/02\/FOTO-2-DIRECTORA-REGIONAL-SUBROGANTE-DE-JUNJI-CAROLINA-MORALES-NAVARRO.jpg?resize=300%2C197&amp;ssl=1 300w, https:\/\/i0.wp.com\/eltrabajo.cl\/portal\/wp-content\/uploads\/2016\/02\/FOTO-2-DIRECTORA-REGIONAL-SUBROGANTE-DE-JUNJI-CAROLINA-MORALES-NAVARRO.jpg?resize=228%2C150&amp;ssl=1 228w, https:\/\/i0.wp.com\/eltrabajo.cl\/portal\/wp-content\/uploads\/2016\/02\/FOTO-2-DIRECTORA-REGIONAL-SUBROGANTE-DE-JUNJI-CAROLINA-MORALES-NAVARRO.jpg?resize=400%2C263&amp;ssl=1 400w\" width=\"209\" height=\"137\" loading=\"lazy\" data-original-width=\"209\" data-original-height=\"137\" itemprop=\"http:\/\/schema.org\/image\" title=\"FOTO 2 DIRECTORA REGIONAL SUBROGANTE DE JUNJI CAROLINA MORALES NAVARRO\" alt=\"Directora Regional Subrogante de Junji, Carolina Morales Navarro.\" style=\"width: 209px; height: 137px;\" \/> <\/a> <div class=\"tiled-gallery-caption\" itemprop=\"caption description\"> Directora Regional Subrogante de Junji, Carolina Morales Navarro. <\/div> <\/div> <\/div> <!-- close group --> <\/div> <!-- close row --> <\/div>\n","protected":false},"excerpt":{"rendered":"<p>M\u00e1xima autoridad regional visit\u00f3 obras de nuevo jard\u00edn infantil de Las Acacias, proyecto de m\u00e1s de $ 800 millones que tendr\u00e1 cupo para 96 p\u00e1rvulos. El intendente de la regi\u00f3n de Valpara\u00edso,&#8230;<\/p>\n","protected":false},"author":482,"featured_media":66655,"comment_status":"open","ping_status":"open","sticky":false,"template":"","format":"standard","meta":{"advanced_seo_description":"","jetpack_seo_html_title":"","jetpack_seo_noindex":false,"_jetpack_memberships_contains_paid_content":false,"footnotes":""},"categories":[1],"tags":[],"class_list":["post-66654","post","type-post","status-publish","format-standard","has-post-thumbnail","hentry","category-cronica"],"jetpack_featured_media_url":"https:\/\/i0.wp.com\/eltrabajo.cl\/portal\/wp-content\/uploads\/2016\/02\/FOTO-1-INTENDENTE-DE-LA-REGION-DE-VALPARAISO-GABRIEL-ALDONEY.jpg?fit=530%2C348&ssl=1","jetpack_sharing_enabled":true,"jetpack_likes_enabled":true,"jetpack-related-posts":[],"_links":{"self":[{"href":"https:\/\/eltrabajo.cl\/portal\/wp-json\/wp\/v2\/posts\/66654","targetHints":{"allow":["GET"]}}],"collection":[{"href":"https:\/\/eltrabajo.cl\/portal\/wp-json\/wp\/v2\/posts"}],"about":[{"href":"https:\/\/eltrabajo.cl\/portal\/wp-json\/wp\/v2\/types\/post"}],"author":[{"embeddable":true,"href":"https:\/\/eltrabajo.cl\/portal\/wp-json\/wp\/v2\/users\/482"}],"replies":[{"embeddable":true,"href":"https:\/\/eltrabajo.cl\/portal\/wp-json\/wp\/v2\/comments?post=66654"}],"version-history":[{"count":0,"href":"https:\/\/eltrabajo.cl\/portal\/wp-json\/wp\/v2\/posts\/66654\/revisions"}],"wp:featuredmedia":[{"embeddable":true,"href":"https:\/\/eltrabajo.cl\/portal\/wp-json\/wp\/v2\/media\/66655"}],"wp:attachment":[{"href":"https:\/\/eltrabajo.cl\/portal\/wp-json\/wp\/v2\/media?parent=66654"}],"wp:term":[{"taxonomy":"category","embeddable":true,"href":"https:\/\/eltrabajo.cl\/portal\/wp-json\/wp\/v2\/categories?post=66654"},{"taxonomy":"post_tag","embeddable":true,"href":"https:\/\/eltrabajo.cl\/portal\/wp-json\/wp\/v2\/tags?post=66654"}],"curies":[{"name":"wp","href":"https:\/\/api.w.org\/{rel}","templated":true}]}}