{"id":66660,"date":"2016-02-10T09:46:14","date_gmt":"2016-02-10T12:46:14","guid":{"rendered":"http:\/\/www.eltrabajo.cl\/portal\/?p=66660"},"modified":"2016-02-10T09:47:40","modified_gmt":"2016-02-10T12:47:40","slug":"perrita-callejera-casi-pierde-la-vida-tras-ser-esterilizada","status":"publish","type":"post","link":"https:\/\/eltrabajo.cl\/portal\/perrita-callejera-casi-pierde-la-vida-tras-ser-esterilizada\/","title":{"rendered":"Perrita callejera casi pierde la vida tras ser esterilizada"},"content":{"rendered":"<figure id=\"attachment_66661\" aria-describedby=\"caption-attachment-66661\" style=\"width: 300px\" class=\"wp-caption alignleft\"><img data-recalc-dims=\"1\" loading=\"lazy\" decoding=\"async\" class=\"wp-image-66661 size-medium\" src=\"https:\/\/i0.wp.com\/www.eltrabajo.cl\/portal\/wp-content\/uploads\/2016\/02\/Shakira1a-300x198.jpg?resize=300%2C198\" alt=\"MUY GRAVE.- As\u00ed de grave qued\u00f3 la perrita luego que la esterilizaran y volviera a las calles, en donde casi muere\" width=\"300\" height=\"198\" srcset=\"https:\/\/i0.wp.com\/eltrabajo.cl\/portal\/wp-content\/uploads\/2016\/02\/Shakira1a.jpg?resize=300%2C198&amp;ssl=1 300w, https:\/\/i0.wp.com\/eltrabajo.cl\/portal\/wp-content\/uploads\/2016\/02\/Shakira1a.jpg?resize=200%2C132&amp;ssl=1 200w, https:\/\/i0.wp.com\/eltrabajo.cl\/portal\/wp-content\/uploads\/2016\/02\/Shakira1a.jpg?resize=227%2C150&amp;ssl=1 227w, https:\/\/i0.wp.com\/eltrabajo.cl\/portal\/wp-content\/uploads\/2016\/02\/Shakira1a.jpg?resize=400%2C264&amp;ssl=1 400w, https:\/\/i0.wp.com\/eltrabajo.cl\/portal\/wp-content\/uploads\/2016\/02\/Shakira1a.jpg?w=530&amp;ssl=1 530w\" sizes=\"auto, (max-width: 300px) 100vw, 300px\" \/><figcaption id=\"caption-attachment-66661\" class=\"wp-caption-text\">MUY GRAVE.- As\u00ed de grave qued\u00f3 la perrita luego que la esterilizaran y volviera a las calles, en donde casi muere<\/figcaption><\/figure>\n<p>Una experiencia desgarradora es la que vivi\u00f3 una perrita callejera de Catemu, luego que algunos vecinos la llevaron a un operativo de esterilizaci\u00f3n que el Municipio de Llay Llay viene realizando desde noviembre de 2015 y termin\u00f3 el mi\u00e9rcoles 3 de febrero, en donde se asegura que ya han intervenido a unos mil canes.<br \/>\nLa situaci\u00f3n se volvi\u00f3 compleja cuando la perrita fue dejada en libertad unos tres d\u00edas despu\u00e9s, seg\u00fan se\u00f1al\u00f3 Gabriela Farf\u00e1n, una de las personas que particip\u00f3 como voluntaria para este proceso. Diario El Trabajo habl\u00f3 con ella sobre lo que ocurri\u00f3: \u00abShakira es una perrita de la calle que tuvo perritos muy seguido, varias personas la llevamos al operativo de Llay Llay, despu\u00e9s de esto le dimos como tres d\u00edas con reposo y la soltamos, luego la encontramos con sus v\u00edsceras afuera, en la veterinaria, cuando la trajimos, es que supimos que ten\u00eda serias heridas en sus \u00f3rganos (\u2026) creo que en estos operativos se deben tomar medidas, ofrecer alg\u00fan collar isabelino y coser mejor la herida, nadie me advirti\u00f3 de los cuidados que ten\u00edamos que tener con esta perra, ni que hab\u00eda riesgos\u00bb, dijo Farf\u00e1n.<\/p>\n<p><strong>DE VIDA O MUERTE<\/strong><br \/>\nShakira a los d\u00edas estaba abandonada en la calle con sus intestinos fuera, lo que hizo que Farf\u00e1n y otras personas acudieran con ella a una conocida cl\u00ednica Veterinaria de San Felipe, en donde el doctor Max Lemaitre debi\u00f3 intervenirla de urgencia, pues pod\u00eda morir en pocos minutos.<br \/>\n\u00abShakira fue tra\u00edda a nuestra veterinaria con sus intestinos afuera, ella se hab\u00eda abierto la herida y mordisque\u00f3 sus \u00f3rganos, generalmente una perrita en esta situaci\u00f3n deber\u00eda disponer de unos diez d\u00edas de reposo, situaci\u00f3n que en el Municipio de Llay Llay no recibi\u00f3, porque ella est\u00e1 en condici\u00f3n de calle (\u2026) siempre es mejor esterilizar a que no hacerlo, pero se deben tener espacios para que los animales est\u00e9n en un lugar adecuado despu\u00e9s de la operaci\u00f3n\u00bb, dijo el galeno.<\/p>\n<p><strong>ALCALDE RESPONDE<\/strong><br \/>\nDiario El Trabajo consult\u00f3 al municipio llaylla\u00edno para conocer si exist\u00eda alg\u00fan protocolo de seguimiento para los animalitos callejeros, aunque no hubo respuesta sobre nuestras preguntas sobre Shakira, s\u00ed nos explicaron el proceder en que la municipalidad viene trabajando en esta campa\u00f1a comunal en donde se han realizado 47 operativos abiertos a la comunidad en las sedes sociales de los sectores rurales de Las Pe\u00f1as, Santa Rosa, Sor Teresa, Las Vegas; y urbanas: Santa teresa, Juan Cort\u00e9s, Pedro Aguirre Cerda, El Para\u00edso, Villa Italia, Leucot\u00f3n y Nueva Esperanza.<br \/>\n\u00abHembras y machos de gatos y perros fueron tra\u00eddos por sus due\u00f1os y, en el caso de las mascotas en estado de calle, por personas responsables. Luego de ser intervenidos, hac\u00edan un reposo antes de ser entregados, previa firma de un consentimiento informado donde el veterinario entregaba recomendaciones post operatorio y las fechas de control para seguimiento de la evoluci\u00f3n de cirug\u00eda\u00bb, indic\u00f3 Luis Soto, alcalde (S) y encargado del Programa de Tenencia Responsable de Mascotas en Llay Llay.<br \/>\nLa perrita ya se recupera satisfactoriamente gracias a que se intervino oportunamente, los gastos m\u00e9dicos corrieron por cuenta de los voluntarios y tambi\u00e9n una gran parte por el m\u00e9dico veterinario, quien s\u00f3lo cobr\u00f3 los implementos y accesorios del procedimiento.<br \/>\n<strong>Roberto Gonz\u00e1lez Short<\/strong><br \/>\n<strong>rgonzalez@eltrabajo.cl<\/strong><\/p>\n<div class=\"tiled-gallery type-rectangular tiled-gallery-unresized\" data-original-width=\"640\" data-carousel-extra='null' itemscope itemtype=\"http:\/\/schema.org\/ImageGallery\" > <div class=\"gallery-row\" style=\"width: 640px; height: 282px;\" data-original-width=\"640\" data-original-height=\"282\" > <div class=\"gallery-group images-1\" style=\"width: 428px; height: 282px;\" data-original-width=\"428\" data-original-height=\"282\" > <div class=\"tiled-gallery-item tiled-gallery-item-large\" itemprop=\"associatedMedia\" itemscope itemtype=\"http:\/\/schema.org\/ImageObject\"> <a href=\"https:\/\/eltrabajo.cl\/portal\/perrita-callejera-casi-pierde-la-vida-tras-ser-esterilizada\/shakira2\/\" border=\"0\" itemprop=\"url\"> <meta itemprop=\"width\" content=\"424\"> <meta itemprop=\"height\" content=\"278\"> <img decoding=\"async\" class=\"\" data-attachment-id=\"66665\" data-orig-file=\"https:\/\/eltrabajo.cl\/portal\/wp-content\/uploads\/2016\/02\/Shakira2.jpg\" data-orig-size=\"530,348\" data-comments-opened=\"1\" data-image-meta=\"{&quot;aperture&quot;:&quot;0&quot;,&quot;credit&quot;:&quot;&quot;,&quot;camera&quot;:&quot;&quot;,&quot;caption&quot;:&quot;&quot;,&quot;created_timestamp&quot;:&quot;0&quot;,&quot;copyright&quot;:&quot;&quot;,&quot;focal_length&quot;:&quot;0&quot;,&quot;iso&quot;:&quot;0&quot;,&quot;shutter_speed&quot;:&quot;0&quot;,&quot;title&quot;:&quot;&quot;,&quot;orientation&quot;:&quot;0&quot;}\" data-image-title=\"Shakira2\" data-image-description=\"&lt;p&gt;SOBREVIVIENTE.- Ella es Shakira y est\u00e1 esperando a que alguien la adopte, tiene apenas tres a\u00f1os y ya est\u00e1 esterilizada.&lt;\/p&gt; \" data-medium-file=\"https:\/\/i0.wp.com\/eltrabajo.cl\/portal\/wp-content\/uploads\/2016\/02\/Shakira2.jpg?fit=300%2C197&#038;ssl=1\" data-large-file=\"https:\/\/i0.wp.com\/eltrabajo.cl\/portal\/wp-content\/uploads\/2016\/02\/Shakira2.jpg?fit=530%2C348&#038;ssl=1\" src=\"https:\/\/i0.wp.com\/eltrabajo.cl\/portal\/wp-content\/uploads\/2016\/02\/Shakira2.jpg?w=424&#038;h=278&#038;ssl=1\" srcset=\"https:\/\/i0.wp.com\/eltrabajo.cl\/portal\/wp-content\/uploads\/2016\/02\/Shakira2.jpg?w=530&amp;ssl=1 530w, https:\/\/i0.wp.com\/eltrabajo.cl\/portal\/wp-content\/uploads\/2016\/02\/Shakira2.jpg?resize=200%2C131&amp;ssl=1 200w, https:\/\/i0.wp.com\/eltrabajo.cl\/portal\/wp-content\/uploads\/2016\/02\/Shakira2.jpg?resize=300%2C197&amp;ssl=1 300w, https:\/\/i0.wp.com\/eltrabajo.cl\/portal\/wp-content\/uploads\/2016\/02\/Shakira2.jpg?resize=228%2C150&amp;ssl=1 228w, https:\/\/i0.wp.com\/eltrabajo.cl\/portal\/wp-content\/uploads\/2016\/02\/Shakira2.jpg?resize=400%2C263&amp;ssl=1 400w\" width=\"424\" height=\"278\" loading=\"lazy\" data-original-width=\"424\" data-original-height=\"278\" itemprop=\"http:\/\/schema.org\/image\" title=\"Shakira2\" alt=\"SOBREVIVIENTE.- Ella es Shakira y est\u00e1 esperando a que alguien la adopte, tiene apenas tres a\u00f1os y ya est\u00e1 esterilizada.\" style=\"width: 424px; height: 278px;\" \/> <\/a> <div class=\"tiled-gallery-caption\" itemprop=\"caption description\"> SOBREVIVIENTE.- Ella es Shakira y est\u00e1 esperando a que alguien la adopte, tiene apenas tres a\u00f1os y ya est\u00e1 esterilizada. <\/div> <\/div> <\/div> <!-- close group --> <div class=\"gallery-group images-2\" style=\"width: 212px; height: 282px;\" data-original-width=\"212\" data-original-height=\"282\" > <div class=\"tiled-gallery-item tiled-gallery-item-small\" itemprop=\"associatedMedia\" itemscope itemtype=\"http:\/\/schema.org\/ImageObject\"> <a href=\"https:\/\/eltrabajo.cl\/portal\/perrita-callejera-casi-pierde-la-vida-tras-ser-esterilizada\/shakira3\/\" border=\"0\" itemprop=\"url\"> <meta itemprop=\"width\" content=\"208\"> <meta itemprop=\"height\" content=\"137\"> <img decoding=\"async\" class=\"\" data-attachment-id=\"66666\" data-orig-file=\"https:\/\/eltrabajo.cl\/portal\/wp-content\/uploads\/2016\/02\/Shakira3.jpg\" data-orig-size=\"530,348\" data-comments-opened=\"1\" data-image-meta=\"{&quot;aperture&quot;:&quot;0&quot;,&quot;credit&quot;:&quot;&quot;,&quot;camera&quot;:&quot;&quot;,&quot;caption&quot;:&quot;&quot;,&quot;created_timestamp&quot;:&quot;0&quot;,&quot;copyright&quot;:&quot;&quot;,&quot;focal_length&quot;:&quot;0&quot;,&quot;iso&quot;:&quot;0&quot;,&quot;shutter_speed&quot;:&quot;0&quot;,&quot;title&quot;:&quot;&quot;,&quot;orientation&quot;:&quot;0&quot;}\" data-image-title=\"Shakira3\" data-image-description=\"&lt;p&gt;SOBREVIVIENTE.- Ella es Shakira y est\u00e1 esperando que alguien la adopte. Tiene solo 3 a\u00f1os y ya est\u00e1 esterilizada.&lt;\/p&gt; \" data-medium-file=\"https:\/\/i0.wp.com\/eltrabajo.cl\/portal\/wp-content\/uploads\/2016\/02\/Shakira3.jpg?fit=300%2C197&#038;ssl=1\" data-large-file=\"https:\/\/i0.wp.com\/eltrabajo.cl\/portal\/wp-content\/uploads\/2016\/02\/Shakira3.jpg?fit=530%2C348&#038;ssl=1\" src=\"https:\/\/i0.wp.com\/eltrabajo.cl\/portal\/wp-content\/uploads\/2016\/02\/Shakira3.jpg?w=208&#038;h=137&#038;ssl=1\" srcset=\"https:\/\/i0.wp.com\/eltrabajo.cl\/portal\/wp-content\/uploads\/2016\/02\/Shakira3.jpg?w=530&amp;ssl=1 530w, https:\/\/i0.wp.com\/eltrabajo.cl\/portal\/wp-content\/uploads\/2016\/02\/Shakira3.jpg?resize=200%2C131&amp;ssl=1 200w, https:\/\/i0.wp.com\/eltrabajo.cl\/portal\/wp-content\/uploads\/2016\/02\/Shakira3.jpg?resize=300%2C197&amp;ssl=1 300w, https:\/\/i0.wp.com\/eltrabajo.cl\/portal\/wp-content\/uploads\/2016\/02\/Shakira3.jpg?resize=228%2C150&amp;ssl=1 228w, https:\/\/i0.wp.com\/eltrabajo.cl\/portal\/wp-content\/uploads\/2016\/02\/Shakira3.jpg?resize=400%2C263&amp;ssl=1 400w\" width=\"208\" height=\"137\" loading=\"lazy\" data-original-width=\"208\" data-original-height=\"137\" itemprop=\"http:\/\/schema.org\/image\" title=\"Shakira3\" alt=\"SOBREVIVIENTE.- Ella es Shakira y est\u00e1 esperando que alguien la adopte. Tiene solo 3 a\u00f1os y ya est\u00e1 esterilizada.\" style=\"width: 208px; height: 137px;\" \/> <\/a> <div class=\"tiled-gallery-caption\" itemprop=\"caption description\"> SOBREVIVIENTE.- Ella es Shakira y est\u00e1 esperando que alguien la adopte. Tiene solo 3 a\u00f1os y ya est\u00e1 esterilizada. <\/div> <\/div> <div class=\"tiled-gallery-item tiled-gallery-item-small\" itemprop=\"associatedMedia\" itemscope itemtype=\"http:\/\/schema.org\/ImageObject\"> <a href=\"https:\/\/eltrabajo.cl\/portal\/perrita-callejera-casi-pierde-la-vida-tras-ser-esterilizada\/max-lemaitre\/\" border=\"0\" itemprop=\"url\"> <meta itemprop=\"width\" content=\"208\"> <meta itemprop=\"height\" content=\"137\"> <img decoding=\"async\" class=\"\" data-attachment-id=\"66664\" data-orig-file=\"https:\/\/eltrabajo.cl\/portal\/wp-content\/uploads\/2016\/02\/Max-Lemaitre.jpg\" data-orig-size=\"530,349\" data-comments-opened=\"1\" data-image-meta=\"{&quot;aperture&quot;:&quot;0&quot;,&quot;credit&quot;:&quot;&quot;,&quot;camera&quot;:&quot;&quot;,&quot;caption&quot;:&quot;&quot;,&quot;created_timestamp&quot;:&quot;0&quot;,&quot;copyright&quot;:&quot;&quot;,&quot;focal_length&quot;:&quot;0&quot;,&quot;iso&quot;:&quot;0&quot;,&quot;shutter_speed&quot;:&quot;0&quot;,&quot;title&quot;:&quot;&quot;,&quot;orientation&quot;:&quot;0&quot;}\" data-image-title=\"Max Lemaitre\" data-image-description=\"&lt;p&gt;Max Lemaitre, m\u00e9dico veterinario de San Felipe.&lt;\/p&gt; \" data-medium-file=\"https:\/\/i0.wp.com\/eltrabajo.cl\/portal\/wp-content\/uploads\/2016\/02\/Max-Lemaitre.jpg?fit=300%2C198&#038;ssl=1\" data-large-file=\"https:\/\/i0.wp.com\/eltrabajo.cl\/portal\/wp-content\/uploads\/2016\/02\/Max-Lemaitre.jpg?fit=530%2C349&#038;ssl=1\" src=\"https:\/\/i0.wp.com\/eltrabajo.cl\/portal\/wp-content\/uploads\/2016\/02\/Max-Lemaitre.jpg?w=208&#038;h=137&#038;ssl=1\" srcset=\"https:\/\/i0.wp.com\/eltrabajo.cl\/portal\/wp-content\/uploads\/2016\/02\/Max-Lemaitre.jpg?w=530&amp;ssl=1 530w, https:\/\/i0.wp.com\/eltrabajo.cl\/portal\/wp-content\/uploads\/2016\/02\/Max-Lemaitre.jpg?resize=200%2C132&amp;ssl=1 200w, https:\/\/i0.wp.com\/eltrabajo.cl\/portal\/wp-content\/uploads\/2016\/02\/Max-Lemaitre.jpg?resize=300%2C198&amp;ssl=1 300w, https:\/\/i0.wp.com\/eltrabajo.cl\/portal\/wp-content\/uploads\/2016\/02\/Max-Lemaitre.jpg?resize=228%2C150&amp;ssl=1 228w, https:\/\/i0.wp.com\/eltrabajo.cl\/portal\/wp-content\/uploads\/2016\/02\/Max-Lemaitre.jpg?resize=400%2C263&amp;ssl=1 400w\" width=\"208\" height=\"137\" loading=\"lazy\" data-original-width=\"208\" data-original-height=\"137\" itemprop=\"http:\/\/schema.org\/image\" title=\"Max Lemaitre\" alt=\"Max Lemaitre, m\u00e9dico veterinario de San Felipe.\" style=\"width: 208px; height: 137px;\" \/> <\/a> <div class=\"tiled-gallery-caption\" itemprop=\"caption description\"> Max Lemaitre, m\u00e9dico veterinario de San Felipe. <\/div> <\/div> <\/div> <!-- close group --> <\/div> <!-- close row --> <div class=\"gallery-row\" style=\"width: 640px; height: 212px;\" data-original-width=\"640\" data-original-height=\"212\" > <div class=\"gallery-group images-1\" style=\"width: 320px; height: 212px;\" data-original-width=\"320\" data-original-height=\"212\" > <div class=\"tiled-gallery-item tiled-gallery-item-large\" itemprop=\"associatedMedia\" itemscope itemtype=\"http:\/\/schema.org\/ImageObject\"> <a href=\"https:\/\/eltrabajo.cl\/portal\/perrita-callejera-casi-pierde-la-vida-tras-ser-esterilizada\/gabriela-farfan\/\" border=\"0\" itemprop=\"url\"> <meta itemprop=\"width\" content=\"316\"> <meta itemprop=\"height\" content=\"208\"> <img decoding=\"async\" class=\"\" data-attachment-id=\"66662\" data-orig-file=\"https:\/\/eltrabajo.cl\/portal\/wp-content\/uploads\/2016\/02\/Gabriela-Farfan.jpg\" data-orig-size=\"530,348\" data-comments-opened=\"1\" data-image-meta=\"{&quot;aperture&quot;:&quot;0&quot;,&quot;credit&quot;:&quot;&quot;,&quot;camera&quot;:&quot;&quot;,&quot;caption&quot;:&quot;&quot;,&quot;created_timestamp&quot;:&quot;0&quot;,&quot;copyright&quot;:&quot;&quot;,&quot;focal_length&quot;:&quot;0&quot;,&quot;iso&quot;:&quot;0&quot;,&quot;shutter_speed&quot;:&quot;0&quot;,&quot;title&quot;:&quot;&quot;,&quot;orientation&quot;:&quot;0&quot;}\" data-image-title=\"Gabriela Farfan\" data-image-description=\"&lt;p&gt;Gabriela Farf\u00e1n, voluntaria que ayud\u00f3 en el proceso de rescate de la perrita.&lt;\/p&gt; \" data-medium-file=\"https:\/\/i0.wp.com\/eltrabajo.cl\/portal\/wp-content\/uploads\/2016\/02\/Gabriela-Farfan.jpg?fit=300%2C197&#038;ssl=1\" data-large-file=\"https:\/\/i0.wp.com\/eltrabajo.cl\/portal\/wp-content\/uploads\/2016\/02\/Gabriela-Farfan.jpg?fit=530%2C348&#038;ssl=1\" src=\"https:\/\/i0.wp.com\/eltrabajo.cl\/portal\/wp-content\/uploads\/2016\/02\/Gabriela-Farfan.jpg?w=316&#038;h=208&#038;ssl=1\" srcset=\"https:\/\/i0.wp.com\/eltrabajo.cl\/portal\/wp-content\/uploads\/2016\/02\/Gabriela-Farfan.jpg?w=530&amp;ssl=1 530w, https:\/\/i0.wp.com\/eltrabajo.cl\/portal\/wp-content\/uploads\/2016\/02\/Gabriela-Farfan.jpg?resize=200%2C131&amp;ssl=1 200w, https:\/\/i0.wp.com\/eltrabajo.cl\/portal\/wp-content\/uploads\/2016\/02\/Gabriela-Farfan.jpg?resize=300%2C197&amp;ssl=1 300w, https:\/\/i0.wp.com\/eltrabajo.cl\/portal\/wp-content\/uploads\/2016\/02\/Gabriela-Farfan.jpg?resize=228%2C150&amp;ssl=1 228w, https:\/\/i0.wp.com\/eltrabajo.cl\/portal\/wp-content\/uploads\/2016\/02\/Gabriela-Farfan.jpg?resize=400%2C263&amp;ssl=1 400w\" width=\"316\" height=\"208\" loading=\"lazy\" data-original-width=\"316\" data-original-height=\"208\" itemprop=\"http:\/\/schema.org\/image\" title=\"Gabriela Farfan\" alt=\"Gabriela Farf\u00e1n, voluntaria que ayud\u00f3 en el proceso de rescate de la perrita.\" style=\"width: 316px; height: 208px;\" \/> <\/a> <div class=\"tiled-gallery-caption\" itemprop=\"caption description\"> Gabriela Farf\u00e1n, voluntaria que ayud\u00f3 en el proceso de rescate de la perrita. <\/div> <\/div> <\/div> <!-- close group --> <div class=\"gallery-group images-1\" style=\"width: 320px; height: 212px;\" data-original-width=\"320\" data-original-height=\"212\" > <div class=\"tiled-gallery-item tiled-gallery-item-large\" itemprop=\"associatedMedia\" itemscope itemtype=\"http:\/\/schema.org\/ImageObject\"> <a href=\"https:\/\/eltrabajo.cl\/portal\/perrita-callejera-casi-pierde-la-vida-tras-ser-esterilizada\/luis-soto-2\/\" border=\"0\" itemprop=\"url\"> <meta itemprop=\"width\" content=\"316\"> <meta itemprop=\"height\" content=\"208\"> <img decoding=\"async\" class=\"\" data-attachment-id=\"66663\" data-orig-file=\"https:\/\/eltrabajo.cl\/portal\/wp-content\/uploads\/2016\/02\/Luis-Soto.jpg\" data-orig-size=\"530,349\" data-comments-opened=\"1\" data-image-meta=\"{&quot;aperture&quot;:&quot;0&quot;,&quot;credit&quot;:&quot;&quot;,&quot;camera&quot;:&quot;&quot;,&quot;caption&quot;:&quot;&quot;,&quot;created_timestamp&quot;:&quot;0&quot;,&quot;copyright&quot;:&quot;&quot;,&quot;focal_length&quot;:&quot;0&quot;,&quot;iso&quot;:&quot;0&quot;,&quot;shutter_speed&quot;:&quot;0&quot;,&quot;title&quot;:&quot;&quot;,&quot;orientation&quot;:&quot;0&quot;}\" data-image-title=\"Luis Soto\" data-image-description=\"&lt;p&gt;Luis Soto, alcalde (S) y encargado del Programa de Tenencia Responsable de Mascotas en Llay Llay.&lt;\/p&gt; \" data-medium-file=\"https:\/\/i0.wp.com\/eltrabajo.cl\/portal\/wp-content\/uploads\/2016\/02\/Luis-Soto.jpg?fit=300%2C198&#038;ssl=1\" data-large-file=\"https:\/\/i0.wp.com\/eltrabajo.cl\/portal\/wp-content\/uploads\/2016\/02\/Luis-Soto.jpg?fit=530%2C349&#038;ssl=1\" src=\"https:\/\/i0.wp.com\/eltrabajo.cl\/portal\/wp-content\/uploads\/2016\/02\/Luis-Soto.jpg?w=316&#038;h=208&#038;ssl=1\" srcset=\"https:\/\/i0.wp.com\/eltrabajo.cl\/portal\/wp-content\/uploads\/2016\/02\/Luis-Soto.jpg?w=530&amp;ssl=1 530w, https:\/\/i0.wp.com\/eltrabajo.cl\/portal\/wp-content\/uploads\/2016\/02\/Luis-Soto.jpg?resize=200%2C132&amp;ssl=1 200w, https:\/\/i0.wp.com\/eltrabajo.cl\/portal\/wp-content\/uploads\/2016\/02\/Luis-Soto.jpg?resize=300%2C198&amp;ssl=1 300w, https:\/\/i0.wp.com\/eltrabajo.cl\/portal\/wp-content\/uploads\/2016\/02\/Luis-Soto.jpg?resize=228%2C150&amp;ssl=1 228w, https:\/\/i0.wp.com\/eltrabajo.cl\/portal\/wp-content\/uploads\/2016\/02\/Luis-Soto.jpg?resize=400%2C263&amp;ssl=1 400w\" width=\"316\" height=\"208\" loading=\"lazy\" data-original-width=\"316\" data-original-height=\"208\" itemprop=\"http:\/\/schema.org\/image\" title=\"Luis Soto\" alt=\"Luis Soto, alcalde (S) y encargado del Programa de Tenencia Responsable de Mascotas en Llay Llay.\" style=\"width: 316px; height: 208px;\" \/> <\/a> <div class=\"tiled-gallery-caption\" itemprop=\"caption description\"> Luis Soto, alcalde (S) y encargado del Programa de Tenencia Responsable de Mascotas en Llay Llay. <\/div> <\/div> <\/div> <!-- close group --> <\/div> <!-- close row --> <\/div>\n","protected":false},"excerpt":{"rendered":"<p>Una experiencia desgarradora es la que vivi\u00f3 una perrita callejera de Catemu, luego que algunos vecinos la llevaron a un operativo de esterilizaci\u00f3n que el Municipio de Llay Llay viene realizando desde&#8230;<\/p>\n","protected":false},"author":482,"featured_media":66661,"comment_status":"open","ping_status":"open","sticky":false,"template":"","format":"standard","meta":{"advanced_seo_description":"","jetpack_seo_html_title":"","jetpack_seo_noindex":false,"_jetpack_memberships_contains_paid_content":false,"footnotes":""},"categories":[15],"tags":[],"class_list":["post-66660","post","type-post","status-publish","format-standard","has-post-thumbnail","hentry","category-comunidad"],"jetpack_featured_media_url":"https:\/\/i0.wp.com\/eltrabajo.cl\/portal\/wp-content\/uploads\/2016\/02\/Shakira1a.jpg?fit=530%2C350&ssl=1","jetpack_sharing_enabled":true,"jetpack_likes_enabled":true,"jetpack-related-posts":[],"_links":{"self":[{"href":"https:\/\/eltrabajo.cl\/portal\/wp-json\/wp\/v2\/posts\/66660","targetHints":{"allow":["GET"]}}],"collection":[{"href":"https:\/\/eltrabajo.cl\/portal\/wp-json\/wp\/v2\/posts"}],"about":[{"href":"https:\/\/eltrabajo.cl\/portal\/wp-json\/wp\/v2\/types\/post"}],"author":[{"embeddable":true,"href":"https:\/\/eltrabajo.cl\/portal\/wp-json\/wp\/v2\/users\/482"}],"replies":[{"embeddable":true,"href":"https:\/\/eltrabajo.cl\/portal\/wp-json\/wp\/v2\/comments?post=66660"}],"version-history":[{"count":0,"href":"https:\/\/eltrabajo.cl\/portal\/wp-json\/wp\/v2\/posts\/66660\/revisions"}],"wp:featuredmedia":[{"embeddable":true,"href":"https:\/\/eltrabajo.cl\/portal\/wp-json\/wp\/v2\/media\/66661"}],"wp:attachment":[{"href":"https:\/\/eltrabajo.cl\/portal\/wp-json\/wp\/v2\/media?parent=66660"}],"wp:term":[{"taxonomy":"category","embeddable":true,"href":"https:\/\/eltrabajo.cl\/portal\/wp-json\/wp\/v2\/categories?post=66660"},{"taxonomy":"post_tag","embeddable":true,"href":"https:\/\/eltrabajo.cl\/portal\/wp-json\/wp\/v2\/tags?post=66660"}],"curies":[{"name":"wp","href":"https:\/\/api.w.org\/{rel}","templated":true}]}}