{"id":66668,"date":"2016-02-11T09:26:36","date_gmt":"2016-02-11T12:26:36","guid":{"rendered":"http:\/\/www.eltrabajo.cl\/portal\/?p=66668"},"modified":"2016-02-11T09:26:36","modified_gmt":"2016-02-11T12:26:36","slug":"intendente-regional-no-visito-obras-de-construccion-de-la-nueva-ruta-ch-60","status":"publish","type":"post","link":"https:\/\/eltrabajo.cl\/portal\/intendente-regional-no-visito-obras-de-construccion-de-la-nueva-ruta-ch-60\/","title":{"rendered":"Intendente regional no visit\u00f3 obras de construcci\u00f3n de la nueva ruta CH 60"},"content":{"rendered":"<figure id=\"attachment_66669\" aria-describedby=\"caption-attachment-66669\" style=\"width: 300px\" class=\"wp-caption alignleft\"><img data-recalc-dims=\"1\" loading=\"lazy\" decoding=\"async\" class=\"wp-image-66669 size-medium\" src=\"https:\/\/i0.wp.com\/www.eltrabajo.cl\/portal\/wp-content\/uploads\/2016\/02\/Alcalde-Luis-Pradenas-300x197.jpg?resize=300%2C197\" alt=\"Alcalde de Panquehue, Luis Pradenas.\" width=\"300\" height=\"197\" srcset=\"https:\/\/i0.wp.com\/eltrabajo.cl\/portal\/wp-content\/uploads\/2016\/02\/Alcalde-Luis-Pradenas.jpg?resize=300%2C197&amp;ssl=1 300w, https:\/\/i0.wp.com\/eltrabajo.cl\/portal\/wp-content\/uploads\/2016\/02\/Alcalde-Luis-Pradenas.jpg?resize=200%2C131&amp;ssl=1 200w, https:\/\/i0.wp.com\/eltrabajo.cl\/portal\/wp-content\/uploads\/2016\/02\/Alcalde-Luis-Pradenas.jpg?resize=228%2C150&amp;ssl=1 228w, https:\/\/i0.wp.com\/eltrabajo.cl\/portal\/wp-content\/uploads\/2016\/02\/Alcalde-Luis-Pradenas.jpg?resize=400%2C263&amp;ssl=1 400w, https:\/\/i0.wp.com\/eltrabajo.cl\/portal\/wp-content\/uploads\/2016\/02\/Alcalde-Luis-Pradenas.jpg?w=530&amp;ssl=1 530w\" sizes=\"auto, (max-width: 300px) 100vw, 300px\" \/><figcaption id=\"caption-attachment-66669\" class=\"wp-caption-text\">Alcalde de Panquehue, Luis Pradenas.<\/figcaption><\/figure>\n<ul>\n<li><strong>El alcalde Luis Pradenas se\u00f1al\u00f3 que si bien hubo tiempo para sostener un almuerzo de car\u00e1cter pol\u00edtico, al parecer el retraso de las obras de la CH 60, no es de gran inter\u00e9s.<\/strong><\/li>\n<\/ul>\n<p><strong>PANQUEHUE.<\/strong>&#8211; El alcalde Luis Pradenas, lament\u00f3 que tras su visita al Valle de Aconcagua, el Intendente Regional Gabriel Aldoney, no haya tenido el tiempo y tal vez el inter\u00e9s, para visitar las obras de construcci\u00f3n de la nueva ruta CH 60, que lleva esperando m\u00e1s de 10 a\u00f1os para su terminaci\u00f3n.<br \/>\nEl jefe comunal si bien estaba al tanto de la visita de la autoridad regional, ten\u00eda la esperanza de poder reunirse con \u00e9l, con el fin de conocer los detalles de la demora que ha tenido la ejecuci\u00f3n del proyecto, luego que entrara en la etapa de evaluaci\u00f3n, la Declaraci\u00f3n de Impacto Ambiental (DIA) sobre el proceso de extracci\u00f3n de \u00e1ridos.<br \/>\nEl alcalde Pradenas sin la intenci\u00f3n de polemizar, reiter\u00f3 que la comunidad cada d\u00eda m\u00e1s se decepciona de la pol\u00edtica y los pol\u00edticos en particular, porque si bien hay tiempo para hacer visitas a proyectos en comunas como San Felipe o Putaendo, no entiende por qu\u00e9 se deja fuera a la comuna de Panquehue, cuando la ruta CH 60, es uno de los proyectos con mayor inversi\u00f3n, despu\u00e9s de la construcci\u00f3n del embalse de Chacrillas, sin embargo \u2013dijo- si hab\u00eda tiempo, para que el Intendente se reuniera con representantes de la Nueva Mayor\u00eda, en un almuerzo de car\u00e1cter pol\u00edtico, en horas de trabajo, para evaluar el proceso de campa\u00f1a municipales.<br \/>\n\u201cYo entiendo que cuando una autoridad y en este caso particular el Intendente Regional, que es el representante directo de la Presidenta de la Rep\u00fablica en la regi\u00f3n, realiza una visita utilizando para ello veh\u00edculo fiscal y vi\u00e1tico, es para sostener reuniones con autoridades, en temas que son del inter\u00e9s de la comunidad y por lo mismo \u2013 y la gente lo sabe muy bien- la construcci\u00f3n de la nueva CH 60, es de mayor inter\u00e9s, que un almuerzo pol\u00edtico para ver si los candidatos a alcalde de Aconcagua, de su conglomerado pol\u00edtico resultar\u00e1n ganadores.<br \/>\nSe me critica de ser muy duro en mis comentarios, sin embargo gracias a esa rigidez y a exigir que se cumplan las cosas, se reiniciaron las obras de la CH 60, donde hasta septiembre del 2015 llev\u00e1bamos un avance del 15 %, sin embargo esta paralizaci\u00f3n de faenas, en vez de avanzar vamos en retroceso.<br \/>\nEn m\u00e1s de una oportunidad le ha solicitado al Gobernador y al Seremi que se pronuncien sobre lo que est\u00e1 pasando y lo \u00fanico que se consigue es silencio, por lo tanto, tendr\u00e9 nuevamente que solicitar una entrevista con el Ministro del MOP o la propia presidenta para saber lo que est\u00e1 pasando\u201d.<\/p>\n","protected":false},"excerpt":{"rendered":"<p>El alcalde Luis Pradenas se\u00f1al\u00f3 que si bien hubo tiempo para sostener un almuerzo de car\u00e1cter pol\u00edtico, al parecer el retraso de las obras de la CH 60, no es de gran&#8230;<\/p>\n","protected":false},"author":482,"featured_media":66669,"comment_status":"open","ping_status":"open","sticky":false,"template":"","format":"standard","meta":{"advanced_seo_description":"","jetpack_seo_html_title":"","jetpack_seo_noindex":false,"_jetpack_memberships_contains_paid_content":false,"footnotes":""},"categories":[15],"tags":[],"class_list":["post-66668","post","type-post","status-publish","format-standard","has-post-thumbnail","hentry","category-comunidad"],"jetpack_featured_media_url":"https:\/\/i0.wp.com\/eltrabajo.cl\/portal\/wp-content\/uploads\/2016\/02\/Alcalde-Luis-Pradenas.jpg?fit=530%2C348&ssl=1","jetpack_sharing_enabled":true,"jetpack_likes_enabled":true,"jetpack-related-posts":[],"_links":{"self":[{"href":"https:\/\/eltrabajo.cl\/portal\/wp-json\/wp\/v2\/posts\/66668","targetHints":{"allow":["GET"]}}],"collection":[{"href":"https:\/\/eltrabajo.cl\/portal\/wp-json\/wp\/v2\/posts"}],"about":[{"href":"https:\/\/eltrabajo.cl\/portal\/wp-json\/wp\/v2\/types\/post"}],"author":[{"embeddable":true,"href":"https:\/\/eltrabajo.cl\/portal\/wp-json\/wp\/v2\/users\/482"}],"replies":[{"embeddable":true,"href":"https:\/\/eltrabajo.cl\/portal\/wp-json\/wp\/v2\/comments?post=66668"}],"version-history":[{"count":0,"href":"https:\/\/eltrabajo.cl\/portal\/wp-json\/wp\/v2\/posts\/66668\/revisions"}],"wp:featuredmedia":[{"embeddable":true,"href":"https:\/\/eltrabajo.cl\/portal\/wp-json\/wp\/v2\/media\/66669"}],"wp:attachment":[{"href":"https:\/\/eltrabajo.cl\/portal\/wp-json\/wp\/v2\/media?parent=66668"}],"wp:term":[{"taxonomy":"category","embeddable":true,"href":"https:\/\/eltrabajo.cl\/portal\/wp-json\/wp\/v2\/categories?post=66668"},{"taxonomy":"post_tag","embeddable":true,"href":"https:\/\/eltrabajo.cl\/portal\/wp-json\/wp\/v2\/tags?post=66668"}],"curies":[{"name":"wp","href":"https:\/\/api.w.org\/{rel}","templated":true}]}}