{"id":66674,"date":"2016-02-11T09:33:24","date_gmt":"2016-02-11T12:33:24","guid":{"rendered":"http:\/\/www.eltrabajo.cl\/portal\/?p=66674"},"modified":"2016-02-11T09:33:24","modified_gmt":"2016-02-11T12:33:24","slug":"san-felipe-de-mi-rock-2016-se-realizara-este-sabado-en-la-terraza","status":"publish","type":"post","link":"https:\/\/eltrabajo.cl\/portal\/san-felipe-de-mi-rock-2016-se-realizara-este-sabado-en-la-terraza\/","title":{"rendered":"\u2018San Felipe de mi Rock 2016\u2019 se realizar\u00e1 este s\u00e1bado en la terraza"},"content":{"rendered":"<figure id=\"attachment_66675\" aria-describedby=\"caption-attachment-66675\" style=\"width: 300px\" class=\"wp-caption alignleft\"><img data-recalc-dims=\"1\" loading=\"lazy\" decoding=\"async\" class=\"wp-image-66675 size-medium\" src=\"https:\/\/i0.wp.com\/www.eltrabajo.cl\/portal\/wp-content\/uploads\/2016\/02\/asiris1-300x198.jpg?resize=300%2C198\" alt=\"ASIRIS.- Esta es una de las bandas de Rock que estar\u00e1 tomando el control de las acciones este s\u00e1bado en la terraza de la Plaza de Armas.\" width=\"300\" height=\"198\" srcset=\"https:\/\/i0.wp.com\/eltrabajo.cl\/portal\/wp-content\/uploads\/2016\/02\/asiris1.jpg?resize=300%2C198&amp;ssl=1 300w, https:\/\/i0.wp.com\/eltrabajo.cl\/portal\/wp-content\/uploads\/2016\/02\/asiris1.jpg?resize=200%2C132&amp;ssl=1 200w, https:\/\/i0.wp.com\/eltrabajo.cl\/portal\/wp-content\/uploads\/2016\/02\/asiris1.jpg?resize=228%2C150&amp;ssl=1 228w, https:\/\/i0.wp.com\/eltrabajo.cl\/portal\/wp-content\/uploads\/2016\/02\/asiris1.jpg?resize=400%2C263&amp;ssl=1 400w, https:\/\/i0.wp.com\/eltrabajo.cl\/portal\/wp-content\/uploads\/2016\/02\/asiris1.jpg?w=530&amp;ssl=1 530w\" sizes=\"auto, (max-width: 300px) 100vw, 300px\" \/><figcaption id=\"caption-attachment-66675\" class=\"wp-caption-text\">ASIRIS.- Esta es una de las bandas de Rock que estar\u00e1 tomando el control de las acciones este s\u00e1bado en la terraza de la Plaza de Armas.<\/figcaption><\/figure>\n<p>\u2018San Felipe de mi Rock 2016\u2019, una original iniciativa de un estudiante de 4\u00ba medio del Liceo Bicentenario Cordillera, es la que dar\u00e1 como resultado el primer encuentro de bandas aconcag\u00fcinas. Una cita para los amantes del Rock que est\u00e1 pactada para las 20:00 horas de este s\u00e1bado en la terraza, en nuestra Plaza de Armas. Se trata del joven de 17 a\u00f1os y vecino de San Felipe, Ricardo Campos.<\/p>\n<p><strong>CINCO BANDAS<\/strong><br \/>\n\u00abDesde hace a\u00f1os que soy bajista, participo en la Banda Fiks estoy invitando a todos los sanfelipe\u00f1os para que nos encontremos en la terraza municipal este s\u00e1bado. Estar\u00e1n cinco bandas del valle: Fiks, No Fake, Krash Motor, Asiris y la de mayor trayectoria, La Cayetano\u00bb, inform\u00f3 Campos a Diario El Trabajo.<br \/>\nPero si nuestros lectores creen que s\u00f3lo se tratar\u00e1 de una tarde-noche de rock, hoy les decimos que no es as\u00ed, pues seg\u00fan inform\u00f3 este joven m\u00fasico local, \u00abdos estilos son los que estaremos tocando en s\u00e1bado, el Rock convencional y Rockabilly Blues, que es una combinaci\u00f3n de Rock y Blues, tambi\u00e9n deseo agradecer a Ricardo Ruiz de Cultura Municipal, quien nos est\u00e1 ayudando harto para que este encuentro de bandas tenga los permisos y espacios adecuados para realizarse\u00bb, agreg\u00f3 Campos.<br \/>\nSeg\u00fan supo Diario El Trabajo, \u2018San Felipe de mi Rock 2016\u2019 es un proyecto experimental, que dependiendo de la respuesta del p\u00fablico sanfelipe\u00f1o, esta se seguir\u00eda realizando en otras fechas futuras, \u00abpero de igual forma los dem\u00e1s m\u00fasicos y yo, estaremos siempre tocando y alegrando escenarios con nuestras bandas, as\u00ed que los esperamos el s\u00e1bado en la terraza\u00bb, puntualiz\u00f3 el organizador.<br \/>\n<strong>Roberto Gonz\u00e1lez Short<\/strong><br \/>\n<strong>rgonzalez@eltrabajo.cl<\/strong><\/p>\n<div class=\"tiled-gallery type-rectangular tiled-gallery-unresized\" data-original-width=\"640\" data-carousel-extra='null' itemscope itemtype=\"http:\/\/schema.org\/ImageGallery\" > <div class=\"gallery-row\" style=\"width: 640px; height: 283px;\" data-original-width=\"640\" data-original-height=\"283\" > <div class=\"gallery-group images-1\" style=\"width: 427px; height: 283px;\" data-original-width=\"427\" data-original-height=\"283\" > <div class=\"tiled-gallery-item tiled-gallery-item-large\" itemprop=\"associatedMedia\" itemscope itemtype=\"http:\/\/schema.org\/ImageObject\"> <a href=\"https:\/\/eltrabajo.cl\/portal\/san-felipe-de-mi-rock-2016-se-realizara-este-sabado-en-la-terraza\/nofake1\/\" border=\"0\" itemprop=\"url\"> <meta itemprop=\"width\" content=\"423\"> <meta itemprop=\"height\" content=\"279\"> <img decoding=\"async\" class=\"\" data-attachment-id=\"66677\" data-orig-file=\"https:\/\/eltrabajo.cl\/portal\/wp-content\/uploads\/2016\/02\/NoFake1.jpg\" data-orig-size=\"530,350\" data-comments-opened=\"1\" data-image-meta=\"{&quot;aperture&quot;:&quot;0&quot;,&quot;credit&quot;:&quot;&quot;,&quot;camera&quot;:&quot;&quot;,&quot;caption&quot;:&quot;&quot;,&quot;created_timestamp&quot;:&quot;0&quot;,&quot;copyright&quot;:&quot;&quot;,&quot;focal_length&quot;:&quot;0&quot;,&quot;iso&quot;:&quot;0&quot;,&quot;shutter_speed&quot;:&quot;0&quot;,&quot;title&quot;:&quot;&quot;,&quot;orientation&quot;:&quot;0&quot;}\" data-image-title=\"NoFake1\" data-image-description=\"&lt;p&gt;NO FAKE.- Esta banda por ejemplo, es una de las agrupaciones m\u00e1s desequilibrantes a la hora de presentarse, a los j\u00f3venes les encanta su m\u00fasica y tienen much\u00edsimos fans en el valle.&lt;\/p&gt; \" data-medium-file=\"https:\/\/i0.wp.com\/eltrabajo.cl\/portal\/wp-content\/uploads\/2016\/02\/NoFake1.jpg?fit=300%2C198&#038;ssl=1\" data-large-file=\"https:\/\/i0.wp.com\/eltrabajo.cl\/portal\/wp-content\/uploads\/2016\/02\/NoFake1.jpg?fit=530%2C350&#038;ssl=1\" src=\"https:\/\/i0.wp.com\/eltrabajo.cl\/portal\/wp-content\/uploads\/2016\/02\/NoFake1.jpg?w=423&#038;h=279&#038;ssl=1\" srcset=\"https:\/\/i0.wp.com\/eltrabajo.cl\/portal\/wp-content\/uploads\/2016\/02\/NoFake1.jpg?w=530&amp;ssl=1 530w, https:\/\/i0.wp.com\/eltrabajo.cl\/portal\/wp-content\/uploads\/2016\/02\/NoFake1.jpg?resize=200%2C132&amp;ssl=1 200w, https:\/\/i0.wp.com\/eltrabajo.cl\/portal\/wp-content\/uploads\/2016\/02\/NoFake1.jpg?resize=300%2C198&amp;ssl=1 300w, https:\/\/i0.wp.com\/eltrabajo.cl\/portal\/wp-content\/uploads\/2016\/02\/NoFake1.jpg?resize=227%2C150&amp;ssl=1 227w, https:\/\/i0.wp.com\/eltrabajo.cl\/portal\/wp-content\/uploads\/2016\/02\/NoFake1.jpg?resize=400%2C264&amp;ssl=1 400w\" width=\"423\" height=\"279\" loading=\"lazy\" data-original-width=\"423\" data-original-height=\"279\" itemprop=\"http:\/\/schema.org\/image\" title=\"NoFake1\" alt=\"NO FAKE.- Esta banda por ejemplo, es una de las agrupaciones m\u00e1s desequilibrantes a la hora de presentarse, a los j\u00f3venes les encanta su m\u00fasica y tienen much\u00edsimos fans en el valle.\" style=\"width: 423px; height: 279px;\" \/> <\/a> <div class=\"tiled-gallery-caption\" itemprop=\"caption description\"> NO FAKE.- Esta banda por ejemplo, es una de las agrupaciones m\u00e1s desequilibrantes a la hora de presentarse, a los j\u00f3venes les encanta su m\u00fasica y tienen much\u00edsimos fans en el valle. <\/div> <\/div> <\/div> <!-- close group --> <div class=\"gallery-group images-2\" style=\"width: 213px; height: 283px;\" data-original-width=\"213\" data-original-height=\"283\" > <div class=\"tiled-gallery-item tiled-gallery-item-small\" itemprop=\"associatedMedia\" itemscope itemtype=\"http:\/\/schema.org\/ImageObject\"> <a href=\"https:\/\/eltrabajo.cl\/portal\/san-felipe-de-mi-rock-2016-se-realizara-este-sabado-en-la-terraza\/cayetano33\/\" border=\"0\" itemprop=\"url\"> <meta itemprop=\"width\" content=\"209\"> <meta itemprop=\"height\" content=\"138\"> <img decoding=\"async\" class=\"\" data-attachment-id=\"66676\" data-orig-file=\"https:\/\/eltrabajo.cl\/portal\/wp-content\/uploads\/2016\/02\/Cayetano33.jpg\" data-orig-size=\"530,349\" data-comments-opened=\"1\" data-image-meta=\"{&quot;aperture&quot;:&quot;0&quot;,&quot;credit&quot;:&quot;&quot;,&quot;camera&quot;:&quot;&quot;,&quot;caption&quot;:&quot;&quot;,&quot;created_timestamp&quot;:&quot;0&quot;,&quot;copyright&quot;:&quot;&quot;,&quot;focal_length&quot;:&quot;0&quot;,&quot;iso&quot;:&quot;0&quot;,&quot;shutter_speed&quot;:&quot;0&quot;,&quot;title&quot;:&quot;&quot;,&quot;orientation&quot;:&quot;0&quot;}\" data-image-title=\"Cayetano33\" data-image-description=\"&lt;p&gt;LA CAYETANO.- Esta banda tiene cinco a\u00f1os en el mercado, muy cotizada y tocar\u00e1 gratos temas para los presentes en el primer \u2018San Felipe de mi Rock 2016\u2019.&lt;\/p&gt; \" data-medium-file=\"https:\/\/i0.wp.com\/eltrabajo.cl\/portal\/wp-content\/uploads\/2016\/02\/Cayetano33.jpg?fit=300%2C198&#038;ssl=1\" data-large-file=\"https:\/\/i0.wp.com\/eltrabajo.cl\/portal\/wp-content\/uploads\/2016\/02\/Cayetano33.jpg?fit=530%2C349&#038;ssl=1\" src=\"https:\/\/i0.wp.com\/eltrabajo.cl\/portal\/wp-content\/uploads\/2016\/02\/Cayetano33.jpg?w=209&#038;h=138&#038;ssl=1\" srcset=\"https:\/\/i0.wp.com\/eltrabajo.cl\/portal\/wp-content\/uploads\/2016\/02\/Cayetano33.jpg?w=530&amp;ssl=1 530w, https:\/\/i0.wp.com\/eltrabajo.cl\/portal\/wp-content\/uploads\/2016\/02\/Cayetano33.jpg?resize=200%2C132&amp;ssl=1 200w, https:\/\/i0.wp.com\/eltrabajo.cl\/portal\/wp-content\/uploads\/2016\/02\/Cayetano33.jpg?resize=300%2C198&amp;ssl=1 300w, https:\/\/i0.wp.com\/eltrabajo.cl\/portal\/wp-content\/uploads\/2016\/02\/Cayetano33.jpg?resize=228%2C150&amp;ssl=1 228w, https:\/\/i0.wp.com\/eltrabajo.cl\/portal\/wp-content\/uploads\/2016\/02\/Cayetano33.jpg?resize=400%2C263&amp;ssl=1 400w\" width=\"209\" height=\"138\" loading=\"lazy\" data-original-width=\"209\" data-original-height=\"138\" itemprop=\"http:\/\/schema.org\/image\" title=\"Cayetano33\" alt=\"LA CAYETANO.- Esta banda tiene cinco a\u00f1os en el mercado, muy cotizada y tocar\u00e1 gratos temas para los presentes en el primer \u2018San Felipe de mi Rock 2016\u2019.\" style=\"width: 209px; height: 138px;\" \/> <\/a> <div class=\"tiled-gallery-caption\" itemprop=\"caption description\"> LA CAYETANO.- Esta banda tiene cinco a\u00f1os en el mercado, muy cotizada y tocar\u00e1 gratos temas para los presentes en el primer \u2018San Felipe de mi Rock 2016\u2019. <\/div> <\/div> <div class=\"tiled-gallery-item tiled-gallery-item-small\" itemprop=\"associatedMedia\" itemscope itemtype=\"http:\/\/schema.org\/ImageObject\"> <a href=\"https:\/\/eltrabajo.cl\/portal\/san-felipe-de-mi-rock-2016-se-realizara-este-sabado-en-la-terraza\/ricardo-campos\/\" border=\"0\" itemprop=\"url\"> <meta itemprop=\"width\" content=\"209\"> <meta itemprop=\"height\" content=\"137\"> <img decoding=\"async\" class=\"\" data-attachment-id=\"66678\" data-orig-file=\"https:\/\/eltrabajo.cl\/portal\/wp-content\/uploads\/2016\/02\/Ricardo-Campos.jpg\" data-orig-size=\"530,348\" data-comments-opened=\"1\" data-image-meta=\"{&quot;aperture&quot;:&quot;0&quot;,&quot;credit&quot;:&quot;&quot;,&quot;camera&quot;:&quot;&quot;,&quot;caption&quot;:&quot;&quot;,&quot;created_timestamp&quot;:&quot;0&quot;,&quot;copyright&quot;:&quot;&quot;,&quot;focal_length&quot;:&quot;0&quot;,&quot;iso&quot;:&quot;0&quot;,&quot;shutter_speed&quot;:&quot;0&quot;,&quot;title&quot;:&quot;&quot;,&quot;orientation&quot;:&quot;0&quot;}\" data-image-title=\"Ricardo Campos\" data-image-description=\"&lt;p&gt;EL GENIO.- Ricardo Campos, bajista de 17 a\u00f1os, es el organizador del \u2018San Felipe de mi Rock 2016\u2019.&lt;\/p&gt; \" data-medium-file=\"https:\/\/i0.wp.com\/eltrabajo.cl\/portal\/wp-content\/uploads\/2016\/02\/Ricardo-Campos.jpg?fit=300%2C197&#038;ssl=1\" data-large-file=\"https:\/\/i0.wp.com\/eltrabajo.cl\/portal\/wp-content\/uploads\/2016\/02\/Ricardo-Campos.jpg?fit=530%2C348&#038;ssl=1\" src=\"https:\/\/i0.wp.com\/eltrabajo.cl\/portal\/wp-content\/uploads\/2016\/02\/Ricardo-Campos.jpg?w=209&#038;h=137&#038;ssl=1\" srcset=\"https:\/\/i0.wp.com\/eltrabajo.cl\/portal\/wp-content\/uploads\/2016\/02\/Ricardo-Campos.jpg?w=530&amp;ssl=1 530w, https:\/\/i0.wp.com\/eltrabajo.cl\/portal\/wp-content\/uploads\/2016\/02\/Ricardo-Campos.jpg?resize=200%2C131&amp;ssl=1 200w, https:\/\/i0.wp.com\/eltrabajo.cl\/portal\/wp-content\/uploads\/2016\/02\/Ricardo-Campos.jpg?resize=300%2C197&amp;ssl=1 300w, https:\/\/i0.wp.com\/eltrabajo.cl\/portal\/wp-content\/uploads\/2016\/02\/Ricardo-Campos.jpg?resize=228%2C150&amp;ssl=1 228w, https:\/\/i0.wp.com\/eltrabajo.cl\/portal\/wp-content\/uploads\/2016\/02\/Ricardo-Campos.jpg?resize=400%2C263&amp;ssl=1 400w\" width=\"209\" height=\"137\" loading=\"lazy\" data-original-width=\"209\" data-original-height=\"137\" itemprop=\"http:\/\/schema.org\/image\" title=\"Ricardo Campos\" alt=\"EL GENIO.- Ricardo Campos, bajista de 17 a\u00f1os, es el organizador del \u2018San Felipe de mi Rock 2016\u2019.\" style=\"width: 209px; height: 137px;\" \/> <\/a> <div class=\"tiled-gallery-caption\" itemprop=\"caption description\"> EL GENIO.- Ricardo Campos, bajista de 17 a\u00f1os, es el organizador del \u2018San Felipe de mi Rock 2016\u2019. <\/div> <\/div> <\/div> <!-- close group --> <\/div> <!-- close row --> <\/div>\n","protected":false},"excerpt":{"rendered":"<p>\u2018San Felipe de mi Rock 2016\u2019, una original iniciativa de un estudiante de 4\u00ba medio del Liceo Bicentenario Cordillera, es la que dar\u00e1 como resultado el primer encuentro de bandas aconcag\u00fcinas. Una&#8230;<\/p>\n","protected":false},"author":482,"featured_media":66675,"comment_status":"open","ping_status":"open","sticky":false,"template":"","format":"standard","meta":{"advanced_seo_description":"","jetpack_seo_html_title":"","jetpack_seo_noindex":false,"_jetpack_memberships_contains_paid_content":false,"footnotes":""},"categories":[15],"tags":[],"class_list":["post-66674","post","type-post","status-publish","format-standard","has-post-thumbnail","hentry","category-comunidad"],"jetpack_featured_media_url":"https:\/\/i0.wp.com\/eltrabajo.cl\/portal\/wp-content\/uploads\/2016\/02\/asiris1.jpg?fit=530%2C349&ssl=1","jetpack_sharing_enabled":true,"jetpack_likes_enabled":true,"jetpack-related-posts":[],"_links":{"self":[{"href":"https:\/\/eltrabajo.cl\/portal\/wp-json\/wp\/v2\/posts\/66674","targetHints":{"allow":["GET"]}}],"collection":[{"href":"https:\/\/eltrabajo.cl\/portal\/wp-json\/wp\/v2\/posts"}],"about":[{"href":"https:\/\/eltrabajo.cl\/portal\/wp-json\/wp\/v2\/types\/post"}],"author":[{"embeddable":true,"href":"https:\/\/eltrabajo.cl\/portal\/wp-json\/wp\/v2\/users\/482"}],"replies":[{"embeddable":true,"href":"https:\/\/eltrabajo.cl\/portal\/wp-json\/wp\/v2\/comments?post=66674"}],"version-history":[{"count":0,"href":"https:\/\/eltrabajo.cl\/portal\/wp-json\/wp\/v2\/posts\/66674\/revisions"}],"wp:featuredmedia":[{"embeddable":true,"href":"https:\/\/eltrabajo.cl\/portal\/wp-json\/wp\/v2\/media\/66675"}],"wp:attachment":[{"href":"https:\/\/eltrabajo.cl\/portal\/wp-json\/wp\/v2\/media?parent=66674"}],"wp:term":[{"taxonomy":"category","embeddable":true,"href":"https:\/\/eltrabajo.cl\/portal\/wp-json\/wp\/v2\/categories?post=66674"},{"taxonomy":"post_tag","embeddable":true,"href":"https:\/\/eltrabajo.cl\/portal\/wp-json\/wp\/v2\/tags?post=66674"}],"curies":[{"name":"wp","href":"https:\/\/api.w.org\/{rel}","templated":true}]}}