{"id":66680,"date":"2016-02-11T09:35:50","date_gmt":"2016-02-11T12:35:50","guid":{"rendered":"http:\/\/www.eltrabajo.cl\/portal\/?p=66680"},"modified":"2016-02-11T09:35:50","modified_gmt":"2016-02-11T12:35:50","slug":"exalumnos-de-la-escuela-de-el-asiento-viajaron-a-conocer-ciudades-del-norte","status":"publish","type":"post","link":"https:\/\/eltrabajo.cl\/portal\/exalumnos-de-la-escuela-de-el-asiento-viajaron-a-conocer-ciudades-del-norte\/","title":{"rendered":"Exalumnos de la escuela de El Asiento viajaron a conocer ciudades del norte"},"content":{"rendered":"<figure id=\"attachment_66681\" aria-describedby=\"caption-attachment-66681\" style=\"width: 300px\" class=\"wp-caption alignleft\"><img data-recalc-dims=\"1\" loading=\"lazy\" decoding=\"async\" class=\"wp-image-66681 size-medium\" src=\"https:\/\/i0.wp.com\/www.eltrabajo.cl\/portal\/wp-content\/uploads\/2016\/02\/porta-Playa-Punta-Rieles-300x198.jpg?resize=300%2C198\" alt=\"VACACIONES DE LUJO.- Ya en Playa Punta Rieles, los estudiantes dieron rienda suelta a sus ganas de correr por la playa y mojarse en el mar.\" width=\"300\" height=\"198\" srcset=\"https:\/\/i0.wp.com\/eltrabajo.cl\/portal\/wp-content\/uploads\/2016\/02\/porta-Playa-Punta-Rieles.jpg?resize=300%2C198&amp;ssl=1 300w, https:\/\/i0.wp.com\/eltrabajo.cl\/portal\/wp-content\/uploads\/2016\/02\/porta-Playa-Punta-Rieles.jpg?resize=200%2C132&amp;ssl=1 200w, https:\/\/i0.wp.com\/eltrabajo.cl\/portal\/wp-content\/uploads\/2016\/02\/porta-Playa-Punta-Rieles.jpg?resize=228%2C150&amp;ssl=1 228w, https:\/\/i0.wp.com\/eltrabajo.cl\/portal\/wp-content\/uploads\/2016\/02\/porta-Playa-Punta-Rieles.jpg?resize=400%2C263&amp;ssl=1 400w, https:\/\/i0.wp.com\/eltrabajo.cl\/portal\/wp-content\/uploads\/2016\/02\/porta-Playa-Punta-Rieles.jpg?w=530&amp;ssl=1 530w\" sizes=\"auto, (max-width: 300px) 100vw, 300px\" \/><figcaption id=\"caption-attachment-66681\" class=\"wp-caption-text\">VACACIONES DE LUJO.- Ya en Playa Punta Rieles, los estudiantes dieron rienda suelta a sus ganas de correr por la playa y mojarse en el mar.<\/figcaption><\/figure>\n<p>Luego de un a\u00f1o lectivo 2015 lleno de paro de profesores; un invierno cruel y todos los retos personales que debieron superar los catorce exestudiantes de la Escuela Jos\u00e9 Bernardo Su\u00e1rez de El Asiento, recibieron un regalo inesperado pero bien ganado. Se trata de un viaje \u2018todo pagado\u2019 a Mejillones y otras bellas ciudades del norte de nuestro pa\u00eds.<br \/>\n\u00abHasta que lleg\u00f3 el momento, nervios, ansias, miedo por la hermosa e inolvidable traves\u00eda a Mejillones, de partida algunos temores de todos los que participamos de esta gira de estudio, por el hecho de subirnos a ese monstruo de los aires y ponernos a volar, al cabo de aproximadamente dos horas de vuelo, aterrizamos a la ciudad de Antofagasta, algunos con mareos, dolor de cabeza, o\u00eddos tapados en fin, aterrizamos contentos y dispuestos a disfrutar toda la semana\u00bb, explic\u00f3 el profesor Rodrigo L\u00f3pez Aranda, encargado de acompa\u00f1ar a sus exalumnos.<\/p>\n<p><strong>TODO AVENTURA<\/strong><br \/>\nYa en Antofagasta, a los peque\u00f1itos los esperaba un bus de la Municipalidad de Mejillones, iniciando as\u00ed la traves\u00eda de nueve inolvidables d\u00edas de vacaciones, \u00abcreemos que no nos faltaron horas para conocer toda la ciudad y sus alrededores, por nombrar s\u00f3lo algunos, San Pedro de Atacama; Valle de La Luna; La Portada de Antofagasta; Playa Hornitos; Punta de Rieles; Mirador Punta Angamos, tambi\u00e9n visitamos museos, industrias mineras; tardes de Karaoke; piscinas y paseos a loberas en lancha\u00bb, coment\u00f3 una de las estudiantes a su regreso.<br \/>\nEste viaje, hospedaje y todas las atenciones para la comitiva escolar, fue ofrecida por cuenta del alcalde de Mejillones, don Marcelino Carvajal Ferreira, y por su grupo de colaboradores.<br \/>\n<strong>Roberto Gonz\u00e1lez Short<\/strong><br \/>\n<strong>rgonzalez@eltrabajo.cl<\/strong><\/p>\n<div class=\"tiled-gallery type-rectangular tiled-gallery-unresized\" data-original-width=\"640\" data-carousel-extra='null' itemscope itemtype=\"http:\/\/schema.org\/ImageGallery\" > <div class=\"gallery-row\" style=\"width: 640px; height: 212px;\" data-original-width=\"640\" data-original-height=\"212\" > <div class=\"gallery-group images-1\" style=\"width: 319px; height: 212px;\" data-original-width=\"319\" data-original-height=\"212\" > <div class=\"tiled-gallery-item tiled-gallery-item-large\" itemprop=\"associatedMedia\" itemscope itemtype=\"http:\/\/schema.org\/ImageObject\"> <a href=\"https:\/\/eltrabajo.cl\/portal\/exalumnos-de-la-escuela-de-el-asiento-viajaron-a-conocer-ciudades-del-norte\/gira33\/\" border=\"0\" itemprop=\"url\"> <meta itemprop=\"width\" content=\"315\"> <meta itemprop=\"height\" content=\"208\"> <img decoding=\"async\" class=\"\" data-attachment-id=\"66682\" data-orig-file=\"https:\/\/eltrabajo.cl\/portal\/wp-content\/uploads\/2016\/02\/Gira33.jpg\" data-orig-size=\"528,349\" data-comments-opened=\"1\" data-image-meta=\"{&quot;aperture&quot;:&quot;0&quot;,&quot;credit&quot;:&quot;&quot;,&quot;camera&quot;:&quot;&quot;,&quot;caption&quot;:&quot;&quot;,&quot;created_timestamp&quot;:&quot;0&quot;,&quot;copyright&quot;:&quot;&quot;,&quot;focal_length&quot;:&quot;0&quot;,&quot;iso&quot;:&quot;0&quot;,&quot;shutter_speed&quot;:&quot;0&quot;,&quot;title&quot;:&quot;&quot;,&quot;orientation&quot;:&quot;0&quot;}\" data-image-title=\"Gira33\" data-image-description=\"&lt;p&gt;AVENTURA INOLVIDABLE.- Los ni\u00f1os de El Asiento nunca hab\u00edan volado en avi\u00f3n y no conoc\u00edan las ciudades que vitaron.&lt;\/p&gt; \" data-medium-file=\"https:\/\/i0.wp.com\/eltrabajo.cl\/portal\/wp-content\/uploads\/2016\/02\/Gira33.jpg?fit=300%2C198&#038;ssl=1\" data-large-file=\"https:\/\/i0.wp.com\/eltrabajo.cl\/portal\/wp-content\/uploads\/2016\/02\/Gira33.jpg?fit=528%2C349&#038;ssl=1\" src=\"https:\/\/i0.wp.com\/eltrabajo.cl\/portal\/wp-content\/uploads\/2016\/02\/Gira33.jpg?w=315&#038;h=208&#038;ssl=1\" srcset=\"https:\/\/i0.wp.com\/eltrabajo.cl\/portal\/wp-content\/uploads\/2016\/02\/Gira33.jpg?w=528&amp;ssl=1 528w, https:\/\/i0.wp.com\/eltrabajo.cl\/portal\/wp-content\/uploads\/2016\/02\/Gira33.jpg?resize=200%2C132&amp;ssl=1 200w, https:\/\/i0.wp.com\/eltrabajo.cl\/portal\/wp-content\/uploads\/2016\/02\/Gira33.jpg?resize=300%2C198&amp;ssl=1 300w, https:\/\/i0.wp.com\/eltrabajo.cl\/portal\/wp-content\/uploads\/2016\/02\/Gira33.jpg?resize=227%2C150&amp;ssl=1 227w, https:\/\/i0.wp.com\/eltrabajo.cl\/portal\/wp-content\/uploads\/2016\/02\/Gira33.jpg?resize=400%2C264&amp;ssl=1 400w\" width=\"315\" height=\"208\" loading=\"lazy\" data-original-width=\"315\" data-original-height=\"208\" itemprop=\"http:\/\/schema.org\/image\" title=\"Gira33\" alt=\"AVENTURA INOLVIDABLE.- Los ni\u00f1os de El Asiento nunca hab\u00edan volado en avi\u00f3n y no conoc\u00edan las ciudades que vitaron.\" style=\"width: 315px; height: 208px;\" \/> <\/a> <div class=\"tiled-gallery-caption\" itemprop=\"caption description\"> AVENTURA INOLVIDABLE.- Los ni\u00f1os de El Asiento nunca hab\u00edan volado en avi\u00f3n y no conoc\u00edan las ciudades que vitaron. <\/div> <\/div> <\/div> <!-- close group --> <div class=\"gallery-group images-1\" style=\"width: 321px; height: 212px;\" data-original-width=\"321\" data-original-height=\"212\" > <div class=\"tiled-gallery-item tiled-gallery-item-large\" itemprop=\"associatedMedia\" itemscope itemtype=\"http:\/\/schema.org\/ImageObject\"> <a href=\"https:\/\/eltrabajo.cl\/portal\/exalumnos-de-la-escuela-de-el-asiento-viajaron-a-conocer-ciudades-del-norte\/lancha1\/\" border=\"0\" itemprop=\"url\"> <meta itemprop=\"width\" content=\"317\"> <meta itemprop=\"height\" content=\"208\"> <img decoding=\"async\" class=\"\" data-attachment-id=\"66683\" data-orig-file=\"https:\/\/eltrabajo.cl\/portal\/wp-content\/uploads\/2016\/02\/Lancha1.jpg\" data-orig-size=\"530,349\" data-comments-opened=\"1\" data-image-meta=\"{&quot;aperture&quot;:&quot;0&quot;,&quot;credit&quot;:&quot;&quot;,&quot;camera&quot;:&quot;&quot;,&quot;caption&quot;:&quot;&quot;,&quot;created_timestamp&quot;:&quot;0&quot;,&quot;copyright&quot;:&quot;&quot;,&quot;focal_length&quot;:&quot;0&quot;,&quot;iso&quot;:&quot;0&quot;,&quot;shutter_speed&quot;:&quot;0&quot;,&quot;title&quot;:&quot;&quot;,&quot;orientation&quot;:&quot;0&quot;}\" data-image-title=\"Lancha1\" data-image-description=\"&lt;p&gt;PASEOS EN LANCHA.- El profesor Rodrigo L\u00f3pez estuvo siempre muy cerca de los chicos, para cuidar de su bienestar durante esos d\u00edas en el norte.&lt;\/p&gt; \" data-medium-file=\"https:\/\/i0.wp.com\/eltrabajo.cl\/portal\/wp-content\/uploads\/2016\/02\/Lancha1.jpg?fit=300%2C198&#038;ssl=1\" data-large-file=\"https:\/\/i0.wp.com\/eltrabajo.cl\/portal\/wp-content\/uploads\/2016\/02\/Lancha1.jpg?fit=530%2C349&#038;ssl=1\" src=\"https:\/\/i0.wp.com\/eltrabajo.cl\/portal\/wp-content\/uploads\/2016\/02\/Lancha1.jpg?w=317&#038;h=208&#038;ssl=1\" srcset=\"https:\/\/i0.wp.com\/eltrabajo.cl\/portal\/wp-content\/uploads\/2016\/02\/Lancha1.jpg?w=530&amp;ssl=1 530w, https:\/\/i0.wp.com\/eltrabajo.cl\/portal\/wp-content\/uploads\/2016\/02\/Lancha1.jpg?resize=200%2C132&amp;ssl=1 200w, https:\/\/i0.wp.com\/eltrabajo.cl\/portal\/wp-content\/uploads\/2016\/02\/Lancha1.jpg?resize=300%2C198&amp;ssl=1 300w, https:\/\/i0.wp.com\/eltrabajo.cl\/portal\/wp-content\/uploads\/2016\/02\/Lancha1.jpg?resize=228%2C150&amp;ssl=1 228w, https:\/\/i0.wp.com\/eltrabajo.cl\/portal\/wp-content\/uploads\/2016\/02\/Lancha1.jpg?resize=400%2C263&amp;ssl=1 400w\" width=\"317\" height=\"208\" loading=\"lazy\" data-original-width=\"317\" data-original-height=\"208\" itemprop=\"http:\/\/schema.org\/image\" title=\"Lancha1\" alt=\"PASEOS EN LANCHA.- El profesor Rodrigo L\u00f3pez estuvo siempre muy cerca de los chicos, para cuidar de su bienestar durante esos d\u00edas en el norte.\" style=\"width: 317px; height: 208px;\" \/> <\/a> <div class=\"tiled-gallery-caption\" itemprop=\"caption description\"> PASEOS EN LANCHA.- El profesor Rodrigo L\u00f3pez estuvo siempre muy cerca de los chicos, para cuidar de su bienestar durante esos d\u00edas en el norte. <\/div> <\/div> <\/div> <!-- close group --> <\/div> <!-- close row --> <\/div>\n","protected":false},"excerpt":{"rendered":"<p>Luego de un a\u00f1o lectivo 2015 lleno de paro de profesores; un invierno cruel y todos los retos personales que debieron superar los catorce exestudiantes de la Escuela Jos\u00e9 Bernardo Su\u00e1rez de&#8230;<\/p>\n","protected":false},"author":482,"featured_media":66681,"comment_status":"open","ping_status":"open","sticky":false,"template":"","format":"standard","meta":{"advanced_seo_description":"","jetpack_seo_html_title":"","jetpack_seo_noindex":false,"_jetpack_memberships_contains_paid_content":false,"footnotes":""},"categories":[15],"tags":[],"class_list":["post-66680","post","type-post","status-publish","format-standard","has-post-thumbnail","hentry","category-comunidad"],"jetpack_featured_media_url":"https:\/\/i0.wp.com\/eltrabajo.cl\/portal\/wp-content\/uploads\/2016\/02\/porta-Playa-Punta-Rieles.jpg?fit=530%2C349&ssl=1","jetpack_sharing_enabled":true,"jetpack_likes_enabled":true,"jetpack-related-posts":[],"_links":{"self":[{"href":"https:\/\/eltrabajo.cl\/portal\/wp-json\/wp\/v2\/posts\/66680","targetHints":{"allow":["GET"]}}],"collection":[{"href":"https:\/\/eltrabajo.cl\/portal\/wp-json\/wp\/v2\/posts"}],"about":[{"href":"https:\/\/eltrabajo.cl\/portal\/wp-json\/wp\/v2\/types\/post"}],"author":[{"embeddable":true,"href":"https:\/\/eltrabajo.cl\/portal\/wp-json\/wp\/v2\/users\/482"}],"replies":[{"embeddable":true,"href":"https:\/\/eltrabajo.cl\/portal\/wp-json\/wp\/v2\/comments?post=66680"}],"version-history":[{"count":0,"href":"https:\/\/eltrabajo.cl\/portal\/wp-json\/wp\/v2\/posts\/66680\/revisions"}],"wp:featuredmedia":[{"embeddable":true,"href":"https:\/\/eltrabajo.cl\/portal\/wp-json\/wp\/v2\/media\/66681"}],"wp:attachment":[{"href":"https:\/\/eltrabajo.cl\/portal\/wp-json\/wp\/v2\/media?parent=66680"}],"wp:term":[{"taxonomy":"category","embeddable":true,"href":"https:\/\/eltrabajo.cl\/portal\/wp-json\/wp\/v2\/categories?post=66680"},{"taxonomy":"post_tag","embeddable":true,"href":"https:\/\/eltrabajo.cl\/portal\/wp-json\/wp\/v2\/tags?post=66680"}],"curies":[{"name":"wp","href":"https:\/\/api.w.org\/{rel}","templated":true}]}}