{"id":66686,"date":"2016-02-11T09:37:51","date_gmt":"2016-02-11T12:37:51","guid":{"rendered":"http:\/\/www.eltrabajo.cl\/portal\/?p=66686"},"modified":"2016-02-11T09:37:51","modified_gmt":"2016-02-11T12:37:51","slug":"programa-nacional-chile-celebra-se-llevara-a-cabo-este-viernes-desde-las-14-hasta-las-20-horas","status":"publish","type":"post","link":"https:\/\/eltrabajo.cl\/portal\/programa-nacional-chile-celebra-se-llevara-a-cabo-este-viernes-desde-las-14-hasta-las-20-horas\/","title":{"rendered":"Programa nacional Chile Celebra se llevar\u00e1 a cabo este viernes desde las 14 hasta las 20 horas"},"content":{"rendered":"<figure id=\"attachment_66687\" aria-describedby=\"caption-attachment-66687\" style=\"width: 300px\" class=\"wp-caption alignleft\"><img data-recalc-dims=\"1\" loading=\"lazy\" decoding=\"async\" class=\"wp-image-66687 size-medium\" src=\"https:\/\/i0.wp.com\/www.eltrabajo.cl\/portal\/wp-content\/uploads\/2016\/02\/FOTO-5-SABINA-CASTRO-COORDINADORA-DE-LA-OFICINA-MUNIICIPAL-DE-LA-JUVENTUD-DE-SAN-FELIPE-300x198.jpg?resize=300%2C198\" alt=\"Sabina Castro, coordinadora de la Oficina Municipal de la Juventud San Felipe.\" width=\"300\" height=\"198\" srcset=\"https:\/\/i0.wp.com\/eltrabajo.cl\/portal\/wp-content\/uploads\/2016\/02\/FOTO-5-SABINA-CASTRO-COORDINADORA-DE-LA-OFICINA-MUNIICIPAL-DE-LA-JUVENTUD-DE-SAN-FELIPE.jpg?resize=300%2C198&amp;ssl=1 300w, https:\/\/i0.wp.com\/eltrabajo.cl\/portal\/wp-content\/uploads\/2016\/02\/FOTO-5-SABINA-CASTRO-COORDINADORA-DE-LA-OFICINA-MUNIICIPAL-DE-LA-JUVENTUD-DE-SAN-FELIPE.jpg?resize=200%2C132&amp;ssl=1 200w, https:\/\/i0.wp.com\/eltrabajo.cl\/portal\/wp-content\/uploads\/2016\/02\/FOTO-5-SABINA-CASTRO-COORDINADORA-DE-LA-OFICINA-MUNIICIPAL-DE-LA-JUVENTUD-DE-SAN-FELIPE.jpg?resize=228%2C150&amp;ssl=1 228w, https:\/\/i0.wp.com\/eltrabajo.cl\/portal\/wp-content\/uploads\/2016\/02\/FOTO-5-SABINA-CASTRO-COORDINADORA-DE-LA-OFICINA-MUNIICIPAL-DE-LA-JUVENTUD-DE-SAN-FELIPE.jpg?resize=400%2C263&amp;ssl=1 400w, https:\/\/i0.wp.com\/eltrabajo.cl\/portal\/wp-content\/uploads\/2016\/02\/FOTO-5-SABINA-CASTRO-COORDINADORA-DE-LA-OFICINA-MUNIICIPAL-DE-LA-JUVENTUD-DE-SAN-FELIPE.jpg?w=530&amp;ssl=1 530w\" sizes=\"auto, (max-width: 300px) 100vw, 300px\" \/><figcaption id=\"caption-attachment-66687\" class=\"wp-caption-text\">Sabina Castro, coordinadora de la Oficina Municipal de la Juventud San Felipe.<\/figcaption><\/figure>\n<ul>\n<li><strong>La instancia tiene como objetivo promover la actividad f\u00edsica, la alimentaci\u00f3n saludable y adem\u00e1s informar respecto de ciertos programas p\u00fablicos destinados a j\u00f3venes de la provincia.<\/strong><\/li>\n<\/ul>\n<p>Nuevamente el bandej\u00f3n central de la Alameda Chacabuco, entre las calles Salinas y Coimas ser\u00e1 escenario de un evento socio cultural destinado principalmente a los j\u00f3venes de la Provincia de San Felipe. En esta oportunidad, ma\u00f1ana viernes se desarrollar\u00e1 desde las 14 horas el programa Chile Celebra, instancia recreativa que impulsa el Instituto Nacional de la Juventud (Injuv) y que cuenta con el apoyo de la Oficina Municipal de la Juventud de la comuna.<br \/>\nSabina Castro, coordinadora de este organismo municipal invit\u00f3 a toda la ciudadan\u00eda a participar de este encuentro que, entre otras cosas, busca promover la actividad f\u00edsica y la vida saludable.<br \/>\n\u201cTendremos clases de yoga, de zumba, stands informativos y adem\u00e1s se va a estar entregando la tarjeta joven y dando a conocer una serie de ofertas p\u00fablicas que el gobierno tiene disponibles para los adolescentes de toda la provincia, porque \u00e9ste es un evento en el que pueden participar vecinos de todas las comunas, no s\u00f3lo de San Felipe\u201d, enfatiz\u00f3 Castro.<br \/>\nEn la oportunidad, la profesional aprovech\u00f3 de se\u00f1alar que el Segundo Encuentro de Muralistas realizado la semana reci\u00e9n pasada tuvo una muy buena convocatoria y que pr\u00f3ximamente los trabajos se estar\u00e1n exhibiendo en los Cesfam San Felipe El Real y Segismundo Iturra.<\/p>\n","protected":false},"excerpt":{"rendered":"<p>La instancia tiene como objetivo promover la actividad f\u00edsica, la alimentaci\u00f3n saludable y adem\u00e1s informar respecto de ciertos programas p\u00fablicos destinados a j\u00f3venes de la provincia. Nuevamente el bandej\u00f3n central de la&#8230;<\/p>\n","protected":false},"author":482,"featured_media":66687,"comment_status":"open","ping_status":"open","sticky":false,"template":"","format":"standard","meta":{"advanced_seo_description":"","jetpack_seo_html_title":"","jetpack_seo_noindex":false,"_jetpack_memberships_contains_paid_content":false,"footnotes":""},"categories":[15],"tags":[],"class_list":["post-66686","post","type-post","status-publish","format-standard","has-post-thumbnail","hentry","category-comunidad"],"jetpack_featured_media_url":"https:\/\/i0.wp.com\/eltrabajo.cl\/portal\/wp-content\/uploads\/2016\/02\/FOTO-5-SABINA-CASTRO-COORDINADORA-DE-LA-OFICINA-MUNIICIPAL-DE-LA-JUVENTUD-DE-SAN-FELIPE.jpg?fit=530%2C349&ssl=1","jetpack_sharing_enabled":true,"jetpack_likes_enabled":true,"jetpack-related-posts":[],"_links":{"self":[{"href":"https:\/\/eltrabajo.cl\/portal\/wp-json\/wp\/v2\/posts\/66686","targetHints":{"allow":["GET"]}}],"collection":[{"href":"https:\/\/eltrabajo.cl\/portal\/wp-json\/wp\/v2\/posts"}],"about":[{"href":"https:\/\/eltrabajo.cl\/portal\/wp-json\/wp\/v2\/types\/post"}],"author":[{"embeddable":true,"href":"https:\/\/eltrabajo.cl\/portal\/wp-json\/wp\/v2\/users\/482"}],"replies":[{"embeddable":true,"href":"https:\/\/eltrabajo.cl\/portal\/wp-json\/wp\/v2\/comments?post=66686"}],"version-history":[{"count":0,"href":"https:\/\/eltrabajo.cl\/portal\/wp-json\/wp\/v2\/posts\/66686\/revisions"}],"wp:featuredmedia":[{"embeddable":true,"href":"https:\/\/eltrabajo.cl\/portal\/wp-json\/wp\/v2\/media\/66687"}],"wp:attachment":[{"href":"https:\/\/eltrabajo.cl\/portal\/wp-json\/wp\/v2\/media?parent=66686"}],"wp:term":[{"taxonomy":"category","embeddable":true,"href":"https:\/\/eltrabajo.cl\/portal\/wp-json\/wp\/v2\/categories?post=66686"},{"taxonomy":"post_tag","embeddable":true,"href":"https:\/\/eltrabajo.cl\/portal\/wp-json\/wp\/v2\/tags?post=66686"}],"curies":[{"name":"wp","href":"https:\/\/api.w.org\/{rel}","templated":true}]}}