{"id":66689,"date":"2016-02-11T09:39:59","date_gmt":"2016-02-11T12:39:59","guid":{"rendered":"http:\/\/www.eltrabajo.cl\/portal\/?p=66689"},"modified":"2016-02-11T09:39:59","modified_gmt":"2016-02-11T12:39:59","slug":"julio-zegers-mena-presidente-comunal-de-putaendo-de-la-dc-es-evidente-que-en-san-felipe-nuestra-militancia-esta-con-patricio-freire","status":"publish","type":"post","link":"https:\/\/eltrabajo.cl\/portal\/julio-zegers-mena-presidente-comunal-de-putaendo-de-la-dc-es-evidente-que-en-san-felipe-nuestra-militancia-esta-con-patricio-freire\/","title":{"rendered":"Julio Zegers Mena, presidente Comunal de Putaendo de la DC:\u00a0\u201cEs evidente que en San Felipe nuestra militancia est\u00e1 con Patricio Freire\u201d"},"content":{"rendered":"<figure id=\"attachment_66690\" aria-describedby=\"caption-attachment-66690\" style=\"width: 300px\" class=\"wp-caption alignleft\"><img data-recalc-dims=\"1\" loading=\"lazy\" decoding=\"async\" class=\"wp-image-66690 size-medium\" src=\"https:\/\/i0.wp.com\/www.eltrabajo.cl\/portal\/wp-content\/uploads\/2016\/02\/DIRIGENTES-DEMOCRACIA-CRISTIANA-APOYAN-A-FREIRE-300x197.jpg?resize=300%2C197\" alt=\"Diversos representantes de la Democracia Cristiana de la provincia de San Felipe se reunieron junto al Intendente de Valpara\u00edso Gabriel Aldoney para entregar su apoyo a la reelecci\u00f3n del alcalde Patricio Freire.\" width=\"300\" height=\"197\" srcset=\"https:\/\/i0.wp.com\/eltrabajo.cl\/portal\/wp-content\/uploads\/2016\/02\/DIRIGENTES-DEMOCRACIA-CRISTIANA-APOYAN-A-FREIRE.jpg?resize=300%2C197&amp;ssl=1 300w, https:\/\/i0.wp.com\/eltrabajo.cl\/portal\/wp-content\/uploads\/2016\/02\/DIRIGENTES-DEMOCRACIA-CRISTIANA-APOYAN-A-FREIRE.jpg?resize=200%2C131&amp;ssl=1 200w, https:\/\/i0.wp.com\/eltrabajo.cl\/portal\/wp-content\/uploads\/2016\/02\/DIRIGENTES-DEMOCRACIA-CRISTIANA-APOYAN-A-FREIRE.jpg?resize=228%2C150&amp;ssl=1 228w, https:\/\/i0.wp.com\/eltrabajo.cl\/portal\/wp-content\/uploads\/2016\/02\/DIRIGENTES-DEMOCRACIA-CRISTIANA-APOYAN-A-FREIRE.jpg?resize=400%2C263&amp;ssl=1 400w, https:\/\/i0.wp.com\/eltrabajo.cl\/portal\/wp-content\/uploads\/2016\/02\/DIRIGENTES-DEMOCRACIA-CRISTIANA-APOYAN-A-FREIRE.jpg?w=530&amp;ssl=1 530w\" sizes=\"auto, (max-width: 300px) 100vw, 300px\" \/><figcaption id=\"caption-attachment-66690\" class=\"wp-caption-text\">Diversos representantes de la Democracia Cristiana de la provincia de San Felipe se reunieron junto al Intendente de Valpara\u00edso Gabriel Aldoney para entregar su apoyo a la reelecci\u00f3n del alcalde Patricio Freire.<\/figcaption><\/figure>\n<ul>\n<li><strong>Un grupo de connotados dirigentes de la falange, principalmente de la comuna de San Felipe, respaldaron p\u00fablicamente la reelecci\u00f3n del alcalde Patricio Freire, argumentando que es la opci\u00f3n que representa a los militantes de la DC en esa comuna.<\/strong><\/li>\n<\/ul>\n<p><strong>PUTAENDO.<\/strong>&#8211; La visita del Intendente Regional Gabriel Aldoney el martes pasado a la Provincia de San Felipe contempl\u00f3, entre otros eventos, un almuerzo con dirigentes de la Democracia Cristiana de varias comunas del Valle de Aconcagua, donde connotados l\u00edderes de la DC entregaron un cerrado apoyo a la gesti\u00f3n del alcalde Patricio Freire, respaldando su reelecci\u00f3n al cargo.<br \/>\nAl conocer esta informaci\u00f3n consultamos al Presidente Comunal de Putaendo de la Democracia Cristiana, Julio Zegers Mena, quien sostuvo que efectivamente varios militantes de la DC, entre ellos consejeros distritales, concejales y candidatos del partido, apoyan decididamente la gesti\u00f3n que ha desarrollado en estos a\u00f1os el Alcalde Patricio Freire y est\u00e1n convencidos que su candidatura a la reelecci\u00f3n es la mejor alternativa para San Felipe, pues Freire ha demostrado ser un alcalde con gran capacidad, liderazgo y una gran cercan\u00eda con los sanfelipe\u00f1os, que va m\u00e1s all\u00e1 de una tendencia pol\u00edtica, cualidades que son reconocidas transversalmente por los vecinos, dirigentes e incluso por quienes piensan pol\u00edticamente distinto a \u00e9l.<br \/>\n\u201cEs evidente que en San Felipe nuestra militancia dem\u00f3crata cristiana est\u00e1 con Patricio Freire y eso qued\u00f3 demostrado con el apoyo un\u00e1nime que recibi\u00f3 por parte de nuestro partido, pues tanto a nivel distrital como comunal en San Felipe, los militantes consideran que el actual alcalde es la mejor opci\u00f3n para que San Felipe siga creciendo\u201d, apunt\u00f3 el dirigente pol\u00edtico, que adem\u00e1s descart\u00f3 un conflicto al interior de la Democracia Cristiana en cuanto a apoyar a Patricio Freire, porque es demasiado evidente que se ha ganado y se merece un nuevo per\u00edodo como alcalde representando a la Nueva Mayor\u00eda en las pr\u00f3ximas elecciones de octubre.<br \/>\nPresente en la reuni\u00f3n estuvo Boris Leiva, 1er Vicepresidente Distrital; Mauricio Mass, Vicepresidente Comunal de la DC en San Felipe; Gonzalo Pe\u00f1a, Director Regional de la DGA; Margarita Puebla, candidata a alcaldesa de Llay Llay; Luis Pinilla, candidato a concejal en San Felipe; Leopoldo Iglesias, consejero distrital de la Falange; Hugo Mu\u00f1oz, Concejal de Llay Llay, y V\u00edctor Leiva, Presidente Distrital.<\/p>\n","protected":false},"excerpt":{"rendered":"<p>Un grupo de connotados dirigentes de la falange, principalmente de la comuna de San Felipe, respaldaron p\u00fablicamente la reelecci\u00f3n del alcalde Patricio Freire, argumentando que es la opci\u00f3n que representa a los&#8230;<\/p>\n","protected":false},"author":482,"featured_media":66690,"comment_status":"open","ping_status":"open","sticky":false,"template":"","format":"standard","meta":{"advanced_seo_description":"","jetpack_seo_html_title":"","jetpack_seo_noindex":false,"_jetpack_memberships_contains_paid_content":false,"footnotes":""},"categories":[15],"tags":[],"class_list":["post-66689","post","type-post","status-publish","format-standard","has-post-thumbnail","hentry","category-comunidad"],"jetpack_featured_media_url":"https:\/\/i0.wp.com\/eltrabajo.cl\/portal\/wp-content\/uploads\/2016\/02\/DIRIGENTES-DEMOCRACIA-CRISTIANA-APOYAN-A-FREIRE.jpg?fit=530%2C348&ssl=1","jetpack_sharing_enabled":true,"jetpack_likes_enabled":true,"jetpack-related-posts":[],"_links":{"self":[{"href":"https:\/\/eltrabajo.cl\/portal\/wp-json\/wp\/v2\/posts\/66689","targetHints":{"allow":["GET"]}}],"collection":[{"href":"https:\/\/eltrabajo.cl\/portal\/wp-json\/wp\/v2\/posts"}],"about":[{"href":"https:\/\/eltrabajo.cl\/portal\/wp-json\/wp\/v2\/types\/post"}],"author":[{"embeddable":true,"href":"https:\/\/eltrabajo.cl\/portal\/wp-json\/wp\/v2\/users\/482"}],"replies":[{"embeddable":true,"href":"https:\/\/eltrabajo.cl\/portal\/wp-json\/wp\/v2\/comments?post=66689"}],"version-history":[{"count":0,"href":"https:\/\/eltrabajo.cl\/portal\/wp-json\/wp\/v2\/posts\/66689\/revisions"}],"wp:featuredmedia":[{"embeddable":true,"href":"https:\/\/eltrabajo.cl\/portal\/wp-json\/wp\/v2\/media\/66690"}],"wp:attachment":[{"href":"https:\/\/eltrabajo.cl\/portal\/wp-json\/wp\/v2\/media?parent=66689"}],"wp:term":[{"taxonomy":"category","embeddable":true,"href":"https:\/\/eltrabajo.cl\/portal\/wp-json\/wp\/v2\/categories?post=66689"},{"taxonomy":"post_tag","embeddable":true,"href":"https:\/\/eltrabajo.cl\/portal\/wp-json\/wp\/v2\/tags?post=66689"}],"curies":[{"name":"wp","href":"https:\/\/api.w.org\/{rel}","templated":true}]}}