{"id":66692,"date":"2016-02-11T09:42:33","date_gmt":"2016-02-11T12:42:33","guid":{"rendered":"http:\/\/www.eltrabajo.cl\/portal\/?p=66692"},"modified":"2016-02-11T09:42:33","modified_gmt":"2016-02-11T12:42:33","slug":"seremi-de-mineria-asegura-que-no-existe-dano-en-el-entorno-producto-de-faenas-mineras-de-andes-copper","status":"publish","type":"post","link":"https:\/\/eltrabajo.cl\/portal\/seremi-de-mineria-asegura-que-no-existe-dano-en-el-entorno-producto-de-faenas-mineras-de-andes-copper\/","title":{"rendered":"Seremi de Miner\u00eda asegura que no existe da\u00f1o en el entorno producto de faenas mineras de Andes Copper"},"content":{"rendered":"<figure id=\"attachment_66693\" aria-describedby=\"caption-attachment-66693\" style=\"width: 300px\" class=\"wp-caption alignleft\"><img data-recalc-dims=\"1\" loading=\"lazy\" decoding=\"async\" class=\"wp-image-66693 size-medium\" src=\"https:\/\/i0.wp.com\/www.eltrabajo.cl\/portal\/wp-content\/uploads\/2016\/02\/Seremi-de-Mineria-Alonso-Retamales-300x198.jpg?resize=300%2C198\" alt=\"Seremi de Miner\u00eda, Alonso Retamales.\" width=\"300\" height=\"198\" srcset=\"https:\/\/i0.wp.com\/eltrabajo.cl\/portal\/wp-content\/uploads\/2016\/02\/Seremi-de-Mineria-Alonso-Retamales.jpg?resize=300%2C198&amp;ssl=1 300w, https:\/\/i0.wp.com\/eltrabajo.cl\/portal\/wp-content\/uploads\/2016\/02\/Seremi-de-Mineria-Alonso-Retamales.jpg?resize=200%2C132&amp;ssl=1 200w, https:\/\/i0.wp.com\/eltrabajo.cl\/portal\/wp-content\/uploads\/2016\/02\/Seremi-de-Mineria-Alonso-Retamales.jpg?resize=227%2C150&amp;ssl=1 227w, https:\/\/i0.wp.com\/eltrabajo.cl\/portal\/wp-content\/uploads\/2016\/02\/Seremi-de-Mineria-Alonso-Retamales.jpg?resize=400%2C264&amp;ssl=1 400w, https:\/\/i0.wp.com\/eltrabajo.cl\/portal\/wp-content\/uploads\/2016\/02\/Seremi-de-Mineria-Alonso-Retamales.jpg?w=530&amp;ssl=1 530w\" sizes=\"auto, (max-width: 300px) 100vw, 300px\" \/><figcaption id=\"caption-attachment-66693\" class=\"wp-caption-text\">Seremi de Miner\u00eda, Alonso Retamales.<\/figcaption><\/figure>\n<p><strong>PUTAENDO.<\/strong>&#8211; El Seremi de Miner\u00eda Alonso Retamales confirm\u00f3 a nuestro medio que durante la semana pasada, junto a un equipo t\u00e9cnico visit\u00f3 los trabajos de prospecci\u00f3n que la empresa minera Andes Copper desarrolla al interior de la localidad de Los Patos.<br \/>\nLa autoridad regional precis\u00f3 que la visita fue provechosa pues pudo comprobar en terreno que la multinacional canadiense s\u00f3lo est\u00e1 efectuando sondajes menores y que no existe da\u00f1o en el entorno producto de las faenas mineras.<br \/>\nEn este sentido, Retamales a\u00f1adi\u00f3 que el cauce del R\u00edo Roc\u00edn no ha sido alterado ni intervenido como han sostenido algunas organizaciones, y esto, seg\u00fan indic\u00f3, lo pudo comprobar no tan s\u00f3lo desde su punto de vista, sino que tambi\u00e9n con la apreciaci\u00f3n de profesionales que lo acompa\u00f1aron en la visita, lo que le permiti\u00f3 ver en terreno que la empresa est\u00e1 cumpliendo con las normativas vigentes correspondientes a la etapa de sondajes.<br \/>\nEl Seremi de Miner\u00eda expres\u00f3 que tal como lo ha se\u00f1alado en varias instancias, este es un proceso primario, asegurando que la comuna de Putaendo tendr\u00e1 todas las alternativas de opini\u00f3n e intervenci\u00f3n cuando corresponda, porque este proyecto a\u00fan est\u00e1 lejos de ser presentado para el estudio de impacto medioambiental.<br \/>\nConsultado si en esta visita de fiscalizaci\u00f3n no fue invitada alguna autoridad comunal o de la Junta de Vigilancia del R\u00edo Putaendo, Alonso Retamales manifest\u00f3 que esto no fue necesario, ya que fue acompa\u00f1ado por un equipo t\u00e9cnico de la Seremi de Miner\u00eda, que finalmente deber\u00e1 enviar un informe.<br \/>\nEn tanto, el Intendente Regional, Gabriel Aldoney Vargas, asegur\u00f3 que espera conocer en profundidad el proyecto minero, para lo cual la empresa ejecutora solicit\u00f3 una audiencia a trav\u00e9s de la Ley del Lobby, por lo que la pr\u00f3xima semana sostendr\u00e1 una reuni\u00f3n con los ejecutivos de Andes Copper. Junto con ello la m\u00e1xima autoridad regional sostuvo que la comunidad tendr\u00e1 la m\u00e1s absoluta garant\u00eda de que conforme a los distintos procesos de participaci\u00f3n ciudadana, la postura y opini\u00f3n de las autoridades y habitantes de Putaendo ser\u00e1n vitales en el futuro del proyecto minero.<br \/>\n<strong>Patricio Gallardo M.<\/strong><\/p>\n","protected":false},"excerpt":{"rendered":"<p>PUTAENDO.&#8211; El Seremi de Miner\u00eda Alonso Retamales confirm\u00f3 a nuestro medio que durante la semana pasada, junto a un equipo t\u00e9cnico visit\u00f3 los trabajos de prospecci\u00f3n que la empresa minera Andes Copper&#8230;<\/p>\n","protected":false},"author":482,"featured_media":66693,"comment_status":"open","ping_status":"open","sticky":false,"template":"","format":"standard","meta":{"advanced_seo_description":"","jetpack_seo_html_title":"","jetpack_seo_noindex":false,"_jetpack_memberships_contains_paid_content":false,"footnotes":""},"categories":[1],"tags":[],"class_list":["post-66692","post","type-post","status-publish","format-standard","has-post-thumbnail","hentry","category-cronica"],"jetpack_featured_media_url":"https:\/\/i0.wp.com\/eltrabajo.cl\/portal\/wp-content\/uploads\/2016\/02\/Seremi-de-Mineria-Alonso-Retamales.jpg?fit=530%2C350&ssl=1","jetpack_sharing_enabled":true,"jetpack_likes_enabled":true,"jetpack-related-posts":[],"_links":{"self":[{"href":"https:\/\/eltrabajo.cl\/portal\/wp-json\/wp\/v2\/posts\/66692","targetHints":{"allow":["GET"]}}],"collection":[{"href":"https:\/\/eltrabajo.cl\/portal\/wp-json\/wp\/v2\/posts"}],"about":[{"href":"https:\/\/eltrabajo.cl\/portal\/wp-json\/wp\/v2\/types\/post"}],"author":[{"embeddable":true,"href":"https:\/\/eltrabajo.cl\/portal\/wp-json\/wp\/v2\/users\/482"}],"replies":[{"embeddable":true,"href":"https:\/\/eltrabajo.cl\/portal\/wp-json\/wp\/v2\/comments?post=66692"}],"version-history":[{"count":0,"href":"https:\/\/eltrabajo.cl\/portal\/wp-json\/wp\/v2\/posts\/66692\/revisions"}],"wp:featuredmedia":[{"embeddable":true,"href":"https:\/\/eltrabajo.cl\/portal\/wp-json\/wp\/v2\/media\/66693"}],"wp:attachment":[{"href":"https:\/\/eltrabajo.cl\/portal\/wp-json\/wp\/v2\/media?parent=66692"}],"wp:term":[{"taxonomy":"category","embeddable":true,"href":"https:\/\/eltrabajo.cl\/portal\/wp-json\/wp\/v2\/categories?post=66692"},{"taxonomy":"post_tag","embeddable":true,"href":"https:\/\/eltrabajo.cl\/portal\/wp-json\/wp\/v2\/tags?post=66692"}],"curies":[{"name":"wp","href":"https:\/\/api.w.org\/{rel}","templated":true}]}}