{"id":66695,"date":"2016-02-11T09:44:26","date_gmt":"2016-02-11T12:44:26","guid":{"rendered":"http:\/\/www.eltrabajo.cl\/portal\/?p=66695"},"modified":"2016-02-11T09:44:26","modified_gmt":"2016-02-11T12:44:26","slug":"reafirman-compromiso-de-situar-a-putaendo-como-capital-patrimonial-de-aconcagua","status":"publish","type":"post","link":"https:\/\/eltrabajo.cl\/portal\/reafirman-compromiso-de-situar-a-putaendo-como-capital-patrimonial-de-aconcagua\/","title":{"rendered":"Reafirman compromiso de situar a Putaendo como Capital Patrimonial de Aconcagua"},"content":{"rendered":"<figure id=\"attachment_66696\" aria-describedby=\"caption-attachment-66696\" style=\"width: 300px\" class=\"wp-caption alignleft\"><img data-recalc-dims=\"1\" loading=\"lazy\" decoding=\"async\" class=\"wp-image-66696 size-medium\" src=\"https:\/\/i0.wp.com\/www.eltrabajo.cl\/portal\/wp-content\/uploads\/2016\/02\/Capilla-El-Tartaro-300x198.jpg?resize=300%2C198\" alt=\"Diversas autoridades asistieron a la ceremonia inauguraci\u00f3n del Paseo Peatonal Monolito Capilla El T\u00e1rtaro. \" width=\"300\" height=\"198\" srcset=\"https:\/\/i0.wp.com\/eltrabajo.cl\/portal\/wp-content\/uploads\/2016\/02\/Capilla-El-Tartaro.jpg?resize=300%2C198&amp;ssl=1 300w, https:\/\/i0.wp.com\/eltrabajo.cl\/portal\/wp-content\/uploads\/2016\/02\/Capilla-El-Tartaro.jpg?resize=200%2C132&amp;ssl=1 200w, https:\/\/i0.wp.com\/eltrabajo.cl\/portal\/wp-content\/uploads\/2016\/02\/Capilla-El-Tartaro.jpg?resize=228%2C150&amp;ssl=1 228w, https:\/\/i0.wp.com\/eltrabajo.cl\/portal\/wp-content\/uploads\/2016\/02\/Capilla-El-Tartaro.jpg?resize=400%2C263&amp;ssl=1 400w, https:\/\/i0.wp.com\/eltrabajo.cl\/portal\/wp-content\/uploads\/2016\/02\/Capilla-El-Tartaro.jpg?w=530&amp;ssl=1 530w\" sizes=\"auto, (max-width: 300px) 100vw, 300px\" \/><figcaption id=\"caption-attachment-66696\" class=\"wp-caption-text\">Diversas autoridades asistieron a la ceremonia inauguraci\u00f3n del Paseo Peatonal Monolito Capilla El T\u00e1rtaro.<\/figcaption><\/figure>\n<ul>\n<li><strong>Inauguraci\u00f3n del entorno a la Capilla El T\u00e1rtaro y nueva versi\u00f3n de la \u2018Cabalgata por la Senda de Los Libertadores\u2019 promueven el resguardo de la historia del pa\u00eds en nuestra comuna.<\/strong><\/li>\n<\/ul>\n<p><strong>PUTAENDO<\/strong>.- Importantes avances en materia de patrimonio hist\u00f3rico y cultural han ocurrido en Putaendo durante los \u00faltimos d\u00edas: La inauguraci\u00f3n del cambio de imagen al monolito de El T\u00e1rtaro, que luce completamente renovado y una nueva versi\u00f3n de la \u2018Cabalgata por la Senda de Los Libertadores\u2019. Ambas iniciativas han tenido gran convocatoria y aceptaci\u00f3n en la comunidad.<br \/>\nAs\u00ed lo manifest\u00f3 el alcalde Guillermo Reyes, enfatizando que ser la \u2018Capital Patrimonial\u2019 no s\u00f3lo es un slogan, sino una responsabilidad de la actual administraci\u00f3n municipal con los habitantes de Putaendo.<br \/>\nEn este contexto, hace algunos d\u00edas la m\u00e1xima autoridad comunal encabez\u00f3 la ceremonia de inauguraci\u00f3n del Paseo Peatonal Monolito Capilla El T\u00e1rtaro. La inversi\u00f3n, que borde\u00f3 los 40 millones de pesos, cambi\u00f3 por completo la imagen del sector. Nuevas y modernas veredas, esca\u00f1os, iluminaci\u00f3n, etc. muestran un hermoso y nuevo panorama de una zona que estaba pr\u00e1cticamente abandonada.<br \/>\n\u201cFue una promesa que le hicimos a la comunidad que era poner en valor este lugar. Aqu\u00ed un d\u00eda 7 de febrero San Mart\u00edn se baj\u00f3 de su caballo para orar por el destino de su empresa, ya que le quedaba bastante por recorrer hasta Santiago. Esto merec\u00eda algo mucho mejor, era muy modesto y creo que se han cumplido las expectativas que la comunidad ten\u00eda\u201d, expres\u00f3 Guillermo Reyes.<br \/>\nEn este aspecto, ya han comenzado algunas gestiones para recuperar la Capilla El T\u00e1rtaro, que es propiedad privada, con el fin de crear todo un sitio de gran potencial hist\u00f3rico.<\/p>\n<p><strong>ESPERANDO EL BICENTENARIO\u00a0DE LA CABALGATA<\/strong><br \/>\nPor otro lado, el pasado martes una expedici\u00f3n de m\u00e1s de 70 personas emprendi\u00f3 rumbo hacia la frontera con argentina en la iniciativa llamada \u2018Porque Chile es Tuyo: Cabalgando por la Senda de Los Libertadores, Yo amo viajar por Putaendo y su Cordillera\u2019.<br \/>\nA la ceremonia asistieron m\u00faltiples autoridades regionales encabezadas por el intendente Gabriel Aldoney Vargas. \u00c9l destac\u00f3 la preservaci\u00f3n del patrimonio en Putaendo en una versi\u00f3n importante de la Cabalgata, puesto que el 2017 se cumplen 200 a\u00f1os de la haza\u00f1a del Ej\u00e9rcito de Los Andes.<br \/>\n\u201cNosotros tenemos una gran obligaci\u00f3n como Gobierno Regional. Lo conversamos con el alcalde Reyes, en el sentido de que tenemos que prepararnos lo mejor posible para que el pr\u00f3ximo a\u00f1o sea una celebraci\u00f3n que no s\u00f3lo trascienda a Putaendo, a nuestra regi\u00f3n, sino que tambi\u00e9n se pueda expresar hacia el pa\u00eds lo que significa conmemorar una fiesta de este tipo\u201d, afirm\u00f3 el intendente Aldoney.<br \/>\nPara el alcalde, es un orgullo mantener este tipo de iniciativas hist\u00f3ricas, en donde familias pueden disfrutar de este patrimonial momento. Para este a\u00f1o incluso se tendr\u00e1 un registro de la actividad que podr\u00eda ser promocionada de forma educativa y cultural para esperar con ansias el bicentenario del recorrido.<br \/>\n\u201cEsperamos que sea una traves\u00eda sin dificultades. Estamos muy motivados porque esta cabalgata precede al a\u00f1o 2017 en los 200 a\u00f1os del Cruce. Esperamos coordinarnos con el Ej\u00e9rcito de Chile y con el Ej\u00e9rcito de Argentina para que el pr\u00f3ximo a\u00f1o sea de gran calidad\u201d, mencion\u00f3 el alcalde Reyes.<br \/>\nEste 2016 la iniciativa est\u00e1 financiada por el Fondo Nacional de Desarrollo Regional (FNDR) a trav\u00e9s de Sernatur. La delegaci\u00f3n chilena es encabezada por el funcionario municipal Carlos Lobos y el viernes 12 de febrero celebrar\u00e1n el encuentro con la expedici\u00f3n argentina en el Hito Fronterizo de Los Patos.<\/p>\n","protected":false},"excerpt":{"rendered":"<p>Inauguraci\u00f3n del entorno a la Capilla El T\u00e1rtaro y nueva versi\u00f3n de la \u2018Cabalgata por la Senda de Los Libertadores\u2019 promueven el resguardo de la historia del pa\u00eds en nuestra comuna. PUTAENDO.-&#8230;<\/p>\n","protected":false},"author":482,"featured_media":66696,"comment_status":"open","ping_status":"open","sticky":false,"template":"","format":"standard","meta":{"advanced_seo_description":"","jetpack_seo_html_title":"","jetpack_seo_noindex":false,"_jetpack_memberships_contains_paid_content":false,"footnotes":""},"categories":[1],"tags":[],"class_list":["post-66695","post","type-post","status-publish","format-standard","has-post-thumbnail","hentry","category-cronica"],"jetpack_featured_media_url":"https:\/\/i0.wp.com\/eltrabajo.cl\/portal\/wp-content\/uploads\/2016\/02\/Capilla-El-Tartaro.jpg?fit=530%2C349&ssl=1","jetpack_sharing_enabled":true,"jetpack_likes_enabled":true,"jetpack-related-posts":[],"_links":{"self":[{"href":"https:\/\/eltrabajo.cl\/portal\/wp-json\/wp\/v2\/posts\/66695","targetHints":{"allow":["GET"]}}],"collection":[{"href":"https:\/\/eltrabajo.cl\/portal\/wp-json\/wp\/v2\/posts"}],"about":[{"href":"https:\/\/eltrabajo.cl\/portal\/wp-json\/wp\/v2\/types\/post"}],"author":[{"embeddable":true,"href":"https:\/\/eltrabajo.cl\/portal\/wp-json\/wp\/v2\/users\/482"}],"replies":[{"embeddable":true,"href":"https:\/\/eltrabajo.cl\/portal\/wp-json\/wp\/v2\/comments?post=66695"}],"version-history":[{"count":0,"href":"https:\/\/eltrabajo.cl\/portal\/wp-json\/wp\/v2\/posts\/66695\/revisions"}],"wp:featuredmedia":[{"embeddable":true,"href":"https:\/\/eltrabajo.cl\/portal\/wp-json\/wp\/v2\/media\/66696"}],"wp:attachment":[{"href":"https:\/\/eltrabajo.cl\/portal\/wp-json\/wp\/v2\/media?parent=66695"}],"wp:term":[{"taxonomy":"category","embeddable":true,"href":"https:\/\/eltrabajo.cl\/portal\/wp-json\/wp\/v2\/categories?post=66695"},{"taxonomy":"post_tag","embeddable":true,"href":"https:\/\/eltrabajo.cl\/portal\/wp-json\/wp\/v2\/tags?post=66695"}],"curies":[{"name":"wp","href":"https:\/\/api.w.org\/{rel}","templated":true}]}}