{"id":66698,"date":"2016-02-11T09:46:14","date_gmt":"2016-02-11T12:46:14","guid":{"rendered":"http:\/\/www.eltrabajo.cl\/portal\/?p=66698"},"modified":"2016-02-11T09:46:14","modified_gmt":"2016-02-11T12:46:14","slug":"detienen-a-sujeto-implicado-en-balacera-en-barrio-la-concepcion","status":"publish","type":"post","link":"https:\/\/eltrabajo.cl\/portal\/detienen-a-sujeto-implicado-en-balacera-en-barrio-la-concepcion\/","title":{"rendered":"Detienen a sujeto implicado en balacera en Barrio La Concepci\u00f3n"},"content":{"rendered":"<figure id=\"attachment_66699\" aria-describedby=\"caption-attachment-66699\" style=\"width: 300px\" class=\"wp-caption alignleft\"><img data-recalc-dims=\"1\" loading=\"lazy\" decoding=\"async\" class=\"wp-image-66699 size-medium\" src=\"https:\/\/i0.wp.com\/www.eltrabajo.cl\/portal\/wp-content\/uploads\/2016\/02\/Armas-balacera-barrio-concepcion-300x198.jpg?resize=300%2C198\" alt=\"En el allanamiento se incaut\u00f3 un rev\u00f3lver calibre 22 con su respectiva munici\u00f3n y casquetes percutados, una escopeta hechiza, un sable, una peque\u00f1a cantidad de cannabis sativa y una placa de Gendarmer\u00eda.\" width=\"300\" height=\"198\" srcset=\"https:\/\/i0.wp.com\/eltrabajo.cl\/portal\/wp-content\/uploads\/2016\/02\/Armas-balacera-barrio-concepcion.jpg?resize=300%2C198&amp;ssl=1 300w, https:\/\/i0.wp.com\/eltrabajo.cl\/portal\/wp-content\/uploads\/2016\/02\/Armas-balacera-barrio-concepcion.jpg?resize=200%2C132&amp;ssl=1 200w, https:\/\/i0.wp.com\/eltrabajo.cl\/portal\/wp-content\/uploads\/2016\/02\/Armas-balacera-barrio-concepcion.jpg?resize=228%2C150&amp;ssl=1 228w, https:\/\/i0.wp.com\/eltrabajo.cl\/portal\/wp-content\/uploads\/2016\/02\/Armas-balacera-barrio-concepcion.jpg?resize=400%2C263&amp;ssl=1 400w, https:\/\/i0.wp.com\/eltrabajo.cl\/portal\/wp-content\/uploads\/2016\/02\/Armas-balacera-barrio-concepcion.jpg?w=530&amp;ssl=1 530w\" sizes=\"auto, (max-width: 300px) 100vw, 300px\" \/><figcaption id=\"caption-attachment-66699\" class=\"wp-caption-text\">En el allanamiento se incaut\u00f3 un rev\u00f3lver calibre 22 con su respectiva munici\u00f3n y casquetes percutados, una escopeta hechiza, un sable, una peque\u00f1a cantidad de cannabis sativa y una placa de Gendarmer\u00eda.<\/figcaption><\/figure>\n<ul>\n<li><strong>PDI incaut\u00f3 un rev\u00f3lver, una escopeta hechiza y droga en uno de los domicilios allanados.<\/strong><\/li>\n<\/ul>\n<p><strong>LOS ANDES.<\/strong>&#8211; La Brigada Investigadora de Robos de la PDI detuvo a uno de los sujetos involucrados en una balacera ocurrida la tarde del martes en una cancha del Barrio La Concepci\u00f3n durante un enfrentamiento entre grupos rivales, logrando adem\u00e1s la incautaci\u00f3n de armas y drogas.<br \/>\nLa situaci\u00f3n comenz\u00f3 a gestarse luego que un sujeto apodado como \u2018El Rucio\u2019 se encontr\u00f3 en el interior de un local comercial ubicado en la calle Los Morenos con Mar\u00eda Luisa Bombal con otro individuo de iniciales J.C.F. con quien mantienen rencillas personales.<br \/>\nAll\u00ed se habr\u00eda producido un altercado donde \u2018El Rucio\u2019 extrajo un rev\u00f3lver y dispar\u00f3 contra J.C.F., ante lo cual este \u00faltimo huy\u00f3 hacia el Barrio La Concepci\u00f3n buscando refugio en una cancha de baby f\u00fatbol donde a esa hora jugaban ni\u00f1os y j\u00f3venes.<br \/>\nEl agresor junto a un amigo salieron persiguiendo a la v\u00edctima y al llegar a la cancha continuaron efectuando disparos, poniendo en riesgo la vida de las personas que all\u00ed se encontraban.<br \/>\nTras el ataque se dieron a la fuga, mientras que el sujeto que era buscado por los agresores dio aviso a la PDI de la situaci\u00f3n, aportando la identidad de sus atacantes.<br \/>\nEl Jefe de la Brigada de Robos, Subprefecto Juan S\u00e1nchez Quiroz, indic\u00f3 que tras recibir la denuncia comenzaron con las diligencias tendientes a la ubicaci\u00f3n de los agresores y conforme una orden tramitada por la fiscal\u00eda ante el Tribunal de Garant\u00eda se realizaron allanamientos en tres domicilios, dos en el Barrio La Concepci\u00f3n y un tercero en el centro de la ciudad.<br \/>\nEn uno de ellos se incaut\u00f3 un rev\u00f3lver calibre 22 con su respectiva munici\u00f3n y casquetes percutados, una escopeta hechiza, un sable, una peque\u00f1a cantidad de cannabis sativa y una placa de Gendarmer\u00eda cuyo origen ser\u00e1 investigado.<br \/>\nEl Subprefecto S\u00e1nchez dijo que afortunadamente no hubo personas lesionadas por los disparos efectuados por los atacantes y se investiga el origen de las armas y si estas han sido usadas para cometer alg\u00fan il\u00edcito.<br \/>\nEn uno de los inmuebles fue detenido uno de los agresores, quien no ser\u00eda el autor de los disparos, identificado como I.J.G.R., de 24 a\u00f1os, alias \u2018El Black\u2019, quien fue puesto a disposici\u00f3n del Tribunal de Garant\u00eda la ma\u00f1ana de este mi\u00e9rcoles.<br \/>\nUna vez controlada su detenci\u00f3n el fiscal Jorge Alfaro lo formaliz\u00f3 por los delitos de amenazas y porte ilegal de armas de fuego y armas prohibidas, solicitando la medida cautelar de prisi\u00f3n preventiva.<br \/>\nEllo debido a que este sujeto mantiene causas vigentes y en marzo del a\u00f1o 2015 fue detenido tras agredir a funcionarios de Carabineros durante un procedimiento en el mismo Barrio La Concepci\u00f3n.<br \/>\nEn virtud de estos antecedentes la jueza Valeria Crosa estim\u00f3 que la libertad del imputado representa un peligro para la seguridad de la sociedad y decret\u00f3 su ingreso a prisi\u00f3n preventiva por los tres meses que durar\u00e1 la investigaci\u00f3n.<br \/>\nAsimismo, la PDI contin\u00faa en la b\u00fasqueda del sujeto que efectu\u00f3 los disparos y quien est\u00e1 plenamente identificado.<\/p>\n","protected":false},"excerpt":{"rendered":"<p>PDI incaut\u00f3 un rev\u00f3lver, una escopeta hechiza y droga en uno de los domicilios allanados. LOS ANDES.&#8211; La Brigada Investigadora de Robos de la PDI detuvo a uno de los sujetos involucrados&#8230;<\/p>\n","protected":false},"author":482,"featured_media":66699,"comment_status":"open","ping_status":"open","sticky":false,"template":"","format":"standard","meta":{"advanced_seo_description":"","jetpack_seo_html_title":"","jetpack_seo_noindex":false,"_jetpack_memberships_contains_paid_content":false,"footnotes":""},"categories":[21],"tags":[],"class_list":["post-66698","post","type-post","status-publish","format-standard","has-post-thumbnail","hentry","category-policial"],"jetpack_featured_media_url":"https:\/\/i0.wp.com\/eltrabajo.cl\/portal\/wp-content\/uploads\/2016\/02\/Armas-balacera-barrio-concepcion.jpg?fit=530%2C349&ssl=1","jetpack_sharing_enabled":true,"jetpack_likes_enabled":true,"jetpack-related-posts":[],"_links":{"self":[{"href":"https:\/\/eltrabajo.cl\/portal\/wp-json\/wp\/v2\/posts\/66698","targetHints":{"allow":["GET"]}}],"collection":[{"href":"https:\/\/eltrabajo.cl\/portal\/wp-json\/wp\/v2\/posts"}],"about":[{"href":"https:\/\/eltrabajo.cl\/portal\/wp-json\/wp\/v2\/types\/post"}],"author":[{"embeddable":true,"href":"https:\/\/eltrabajo.cl\/portal\/wp-json\/wp\/v2\/users\/482"}],"replies":[{"embeddable":true,"href":"https:\/\/eltrabajo.cl\/portal\/wp-json\/wp\/v2\/comments?post=66698"}],"version-history":[{"count":0,"href":"https:\/\/eltrabajo.cl\/portal\/wp-json\/wp\/v2\/posts\/66698\/revisions"}],"wp:featuredmedia":[{"embeddable":true,"href":"https:\/\/eltrabajo.cl\/portal\/wp-json\/wp\/v2\/media\/66699"}],"wp:attachment":[{"href":"https:\/\/eltrabajo.cl\/portal\/wp-json\/wp\/v2\/media?parent=66698"}],"wp:term":[{"taxonomy":"category","embeddable":true,"href":"https:\/\/eltrabajo.cl\/portal\/wp-json\/wp\/v2\/categories?post=66698"},{"taxonomy":"post_tag","embeddable":true,"href":"https:\/\/eltrabajo.cl\/portal\/wp-json\/wp\/v2\/tags?post=66698"}],"curies":[{"name":"wp","href":"https:\/\/api.w.org\/{rel}","templated":true}]}}