{"id":66701,"date":"2016-02-11T09:48:15","date_gmt":"2016-02-11T12:48:15","guid":{"rendered":"http:\/\/www.eltrabajo.cl\/portal\/?p=66701"},"modified":"2016-02-11T09:48:15","modified_gmt":"2016-02-11T12:48:15","slug":"carabineros-incauta-7-plantas-de-cannabis-sativa-de-gran-tamano-en-villa-aconcagua","status":"publish","type":"post","link":"https:\/\/eltrabajo.cl\/portal\/carabineros-incauta-7-plantas-de-cannabis-sativa-de-gran-tamano-en-villa-aconcagua\/","title":{"rendered":"Carabineros incauta 7 plantas de cannabis sativa de gran tama\u00f1o en villa Aconcagua"},"content":{"rendered":"<figure id=\"attachment_66702\" aria-describedby=\"caption-attachment-66702\" style=\"width: 300px\" class=\"wp-caption alignleft\"><img data-recalc-dims=\"1\" loading=\"lazy\" decoding=\"async\" class=\"wp-image-66702 size-medium\" src=\"https:\/\/i0.wp.com\/www.eltrabajo.cl\/portal\/wp-content\/uploads\/2016\/02\/FOTO-2-SIETE-PLANTAS-FUERON-DECOMISADAS-EN-VILLA-ACONCAGUA-300x198.jpg?resize=300%2C198\" alt=\"Siete plantas fueron decomisadas en villa Aconcagua de San Felipe. Las especies ser\u00e1n entregadas a la Seremi de Salud Aconcagua.\" width=\"300\" height=\"198\" srcset=\"https:\/\/i0.wp.com\/eltrabajo.cl\/portal\/wp-content\/uploads\/2016\/02\/FOTO-2-SIETE-PLANTAS-FUERON-DECOMISADAS-EN-VILLA-ACONCAGUA.jpg?resize=300%2C198&amp;ssl=1 300w, https:\/\/i0.wp.com\/eltrabajo.cl\/portal\/wp-content\/uploads\/2016\/02\/FOTO-2-SIETE-PLANTAS-FUERON-DECOMISADAS-EN-VILLA-ACONCAGUA.jpg?resize=200%2C132&amp;ssl=1 200w, https:\/\/i0.wp.com\/eltrabajo.cl\/portal\/wp-content\/uploads\/2016\/02\/FOTO-2-SIETE-PLANTAS-FUERON-DECOMISADAS-EN-VILLA-ACONCAGUA.jpg?resize=228%2C150&amp;ssl=1 228w, https:\/\/i0.wp.com\/eltrabajo.cl\/portal\/wp-content\/uploads\/2016\/02\/FOTO-2-SIETE-PLANTAS-FUERON-DECOMISADAS-EN-VILLA-ACONCAGUA.jpg?resize=400%2C263&amp;ssl=1 400w, https:\/\/i0.wp.com\/eltrabajo.cl\/portal\/wp-content\/uploads\/2016\/02\/FOTO-2-SIETE-PLANTAS-FUERON-DECOMISADAS-EN-VILLA-ACONCAGUA.jpg?w=530&amp;ssl=1 530w\" sizes=\"auto, (max-width: 300px) 100vw, 300px\" \/><figcaption id=\"caption-attachment-66702\" class=\"wp-caption-text\">Siete plantas fueron decomisadas en villa Aconcagua de San Felipe. Las especies ser\u00e1n entregadas a la Seremi de Salud Aconcagua.<\/figcaption><\/figure>\n<ul>\n<li><strong>Hallazgo se produjo gracias a un operativo policial por robo en propiedad colindante, desde donde se pod\u00eda apreciar la plantaci\u00f3n.<\/strong><\/li>\n<\/ul>\n<p>Mientras efectivos del plan cuadrante de Carabineros de San Felipe realizaban un procedimiento de verificaci\u00f3n de un robo en el terminal de taxis colectivo de la villa Aconcagua, se detect\u00f3 en una vivienda colindante la presencia de varias plantas de cannabis sativa que sobrepasaban la pandereta divisoria de ambas propiedades.<br \/>\nTras indagar respecto del modus operandi del robo sufrido en la terminal de transporte p\u00fablico, los funcionarios policiales se dirigieron a la vivienda contigua y luego de entrevistarse con su propietario, \u00e9ste reconoci\u00f3 ser el due\u00f1o del ilegal cultivo.<br \/>\nAs\u00ed lo relat\u00f3 el Subcomisario de los servicios de la Segunda Comisar\u00eda de San Felipe, Capit\u00e1n Alfredo Castillo, quien detall\u00f3 que \u201cen un cierre perimetral colindante al terminal de taxis, se pod\u00eda ver desde ese lugar, un domicilio con gran cantidad de cultivo de marihuana, seg\u00fan lo que se apreciaba en ese momento, plantas de 2.5 a 3 metros de alto, las cuales sobresal\u00edan de la propiedad\u201d, asegur\u00f3.<br \/>\nRespecto del procedimiento de rigor que siguieron los efectivos policiales, Castillo a\u00f1adi\u00f3 que \u201cen este caso se consult\u00f3 con el due\u00f1o de la vivienda en cuesti\u00f3n, quien permiti\u00f3 el ingreso de nuestro personal, ya que se le dio a conocer que desde afuera se pod\u00eda notar el evidente cultivo de marihuana\u2026fue as\u00ed como se logr\u00f3 incautar la cantidad de 7 plantas de casi 3 metros de alto\u201d, apunt\u00f3.<br \/>\nEl detenido fue identificado con las iniciales E.V.U.G, de 29 a\u00f1os, residente de la ciudad de san Felipe, quien fuera pasado a control de detenci\u00f3n durante la jornada de ayer en el Tribunal de Garant\u00eda de San Felipe. Mientras tanto, las plantas ser\u00edan derivadas a dependencias del Servicio de Salud Aconcagua.<\/p>\n","protected":false},"excerpt":{"rendered":"<p>Hallazgo se produjo gracias a un operativo policial por robo en propiedad colindante, desde donde se pod\u00eda apreciar la plantaci\u00f3n. Mientras efectivos del plan cuadrante de Carabineros de San Felipe realizaban un&#8230;<\/p>\n","protected":false},"author":482,"featured_media":66702,"comment_status":"open","ping_status":"open","sticky":false,"template":"","format":"standard","meta":{"advanced_seo_description":"","jetpack_seo_html_title":"","jetpack_seo_noindex":false,"_jetpack_memberships_contains_paid_content":false,"footnotes":""},"categories":[21],"tags":[],"class_list":["post-66701","post","type-post","status-publish","format-standard","has-post-thumbnail","hentry","category-policial"],"jetpack_featured_media_url":"https:\/\/i0.wp.com\/eltrabajo.cl\/portal\/wp-content\/uploads\/2016\/02\/FOTO-2-SIETE-PLANTAS-FUERON-DECOMISADAS-EN-VILLA-ACONCAGUA.jpg?fit=530%2C349&ssl=1","jetpack_sharing_enabled":true,"jetpack_likes_enabled":true,"jetpack-related-posts":[],"_links":{"self":[{"href":"https:\/\/eltrabajo.cl\/portal\/wp-json\/wp\/v2\/posts\/66701","targetHints":{"allow":["GET"]}}],"collection":[{"href":"https:\/\/eltrabajo.cl\/portal\/wp-json\/wp\/v2\/posts"}],"about":[{"href":"https:\/\/eltrabajo.cl\/portal\/wp-json\/wp\/v2\/types\/post"}],"author":[{"embeddable":true,"href":"https:\/\/eltrabajo.cl\/portal\/wp-json\/wp\/v2\/users\/482"}],"replies":[{"embeddable":true,"href":"https:\/\/eltrabajo.cl\/portal\/wp-json\/wp\/v2\/comments?post=66701"}],"version-history":[{"count":0,"href":"https:\/\/eltrabajo.cl\/portal\/wp-json\/wp\/v2\/posts\/66701\/revisions"}],"wp:featuredmedia":[{"embeddable":true,"href":"https:\/\/eltrabajo.cl\/portal\/wp-json\/wp\/v2\/media\/66702"}],"wp:attachment":[{"href":"https:\/\/eltrabajo.cl\/portal\/wp-json\/wp\/v2\/media?parent=66701"}],"wp:term":[{"taxonomy":"category","embeddable":true,"href":"https:\/\/eltrabajo.cl\/portal\/wp-json\/wp\/v2\/categories?post=66701"},{"taxonomy":"post_tag","embeddable":true,"href":"https:\/\/eltrabajo.cl\/portal\/wp-json\/wp\/v2\/tags?post=66701"}],"curies":[{"name":"wp","href":"https:\/\/api.w.org\/{rel}","templated":true}]}}