{"id":66704,"date":"2016-02-11T09:53:29","date_gmt":"2016-02-11T12:53:29","guid":{"rendered":"http:\/\/www.eltrabajo.cl\/portal\/?p=66704"},"modified":"2016-02-11T09:53:29","modified_gmt":"2016-02-11T12:53:29","slug":"operativos-policiales-consiguieron-recuperar-dos-vehiculos-robados","status":"publish","type":"post","link":"https:\/\/eltrabajo.cl\/portal\/operativos-policiales-consiguieron-recuperar-dos-vehiculos-robados\/","title":{"rendered":"Operativos policiales consiguieron recuperar dos veh\u00edculos robados"},"content":{"rendered":"<figure id=\"attachment_66705\" aria-describedby=\"caption-attachment-66705\" style=\"width: 300px\" class=\"wp-caption alignleft\"><img data-recalc-dims=\"1\" loading=\"lazy\" decoding=\"async\" class=\"wp-image-66705 size-medium\" src=\"https:\/\/i0.wp.com\/www.eltrabajo.cl\/portal\/wp-content\/uploads\/2016\/02\/FOTO-4-ASI-QUEDO-EL-VEHICULO-QUE-FUE-RECUPERADO-300x198.jpg?resize=300%2C198\" alt=\"As\u00ed qued\u00f3 el veh\u00edculo que fue recuperado por Carabineros de San Felipe en inmediaciones de villa Bernardo Cruz.\" width=\"300\" height=\"198\" srcset=\"https:\/\/i0.wp.com\/eltrabajo.cl\/portal\/wp-content\/uploads\/2016\/02\/FOTO-4-ASI-QUEDO-EL-VEHICULO-QUE-FUE-RECUPERADO.jpg?resize=300%2C198&amp;ssl=1 300w, https:\/\/i0.wp.com\/eltrabajo.cl\/portal\/wp-content\/uploads\/2016\/02\/FOTO-4-ASI-QUEDO-EL-VEHICULO-QUE-FUE-RECUPERADO.jpg?resize=200%2C132&amp;ssl=1 200w, https:\/\/i0.wp.com\/eltrabajo.cl\/portal\/wp-content\/uploads\/2016\/02\/FOTO-4-ASI-QUEDO-EL-VEHICULO-QUE-FUE-RECUPERADO.jpg?resize=227%2C150&amp;ssl=1 227w, https:\/\/i0.wp.com\/eltrabajo.cl\/portal\/wp-content\/uploads\/2016\/02\/FOTO-4-ASI-QUEDO-EL-VEHICULO-QUE-FUE-RECUPERADO.jpg?resize=400%2C264&amp;ssl=1 400w, https:\/\/i0.wp.com\/eltrabajo.cl\/portal\/wp-content\/uploads\/2016\/02\/FOTO-4-ASI-QUEDO-EL-VEHICULO-QUE-FUE-RECUPERADO.jpg?w=530&amp;ssl=1 530w\" sizes=\"auto, (max-width: 300px) 100vw, 300px\" \/><figcaption id=\"caption-attachment-66705\" class=\"wp-caption-text\">As\u00ed qued\u00f3 el veh\u00edculo que fue recuperado por Carabineros de San Felipe en inmediaciones de villa Bernardo Cruz.<\/figcaption><\/figure>\n<ul>\n<li><strong>Se trata de un veh\u00edculo con encargo desde el 6 de febrero, que estaba en poder de dos j\u00f3venes, uno de ellos menor de edad. Mientras que el segundo caso se trat\u00f3 de un mini bus que fue interceptado a s\u00f3lo 13 minutos de que su propietario hiciera la denuncia.<\/strong><\/li>\n<\/ul>\n<p>Durante la madrugada del mi\u00e9rcoles, a trav\u00e9s de distintos operativos policiales, se registr\u00f3 la detenci\u00f3n de 3 individuos que fueron sorprendidos desplaz\u00e1ndose en las comunas de San Felipe y Llay Llay en 2 veh\u00edculos que hab\u00edan sido reportados como robados por cada uno de sus propietarios.<br \/>\nEl primero de los casos, involucra a un joven de 19 a\u00f1os identificado como Lenin Mois\u00e9s C\u00f3rdova Pino, quien junto a un menor de 16 a\u00f1os suscrito con las iniciales H.H.M.C. fueron sorprendidos al interior del veh\u00edculo marca Hyunday, modelo Accent, a\u00f1o 2014, color plateado; cuyo propietario, domiciliado en la ciudad de Los Andes, hab\u00eda denunciado su robo el pasado s\u00e1bado 6 de febrero.<br \/>\nAs\u00ed afirm\u00f3 el Subcomisario de los Servicios de la 2\u00aa Comisar\u00eda de San Felipe, Capit\u00e1n Alfredo Castillo, quien relat\u00f3 que \u201cel procedimiento comenz\u00f3 mientras personal de nuestra unidad se encontraba patrullando en las inmediaciones de villa Bernardo Cruz. Al momento de querer controlar el veh\u00edculo, \u00e9ste habr\u00eda intentado huir, provoc\u00e1ndose una persecuci\u00f3n que termin\u00f3 con una colisi\u00f3n del autom\u00f3vil contra un \u00e1rbol y tras lo cual se comprob\u00f3 que uno de los sujetos portaba un arma de fogueo. Finalmente los sujetos fueron detenidos a eso de las 2.15 am en el pasaje Cordillera frente al n\u00famero 47\u201d, describi\u00f3.<br \/>\nSeg\u00fan agreg\u00f3 Castillo, el veh\u00edculo sufri\u00f3 da\u00f1os de consideraci\u00f3n pero logr\u00f3 ser devuelto a su propietario, mientras que los antisociales \u2013ambos con antecedentes penales- fueron pasados a control de detenci\u00f3n durante la jornada de ayer en el Juzgado de Garant\u00eda de San Felipe.<br \/>\nEl segundo caso corresponde a un mini bus que fue reportado como robado cerca de las 7 am de ayer mi\u00e9rcoles, cuando Carabineros de la comuna de Llay Llay recibi\u00f3 la denuncia del propietario de este veh\u00edculo, domiciliado en el sector de Alcides Vargas, quien aseguraba que \u00e9ste le hab\u00eda sido sustra\u00eddo alrededor de las 5 am.<br \/>\nDe acuerdo a lo narrado por el propio Capit\u00e1n Castillo, una vez que la guardia de la unidad policial recibi\u00f3 la denuncia, de inmediato se dio aviso a las patrullas que se encontraban en las distintas poblaciones de la comuna y en tiempo r\u00e9cord, tan s\u00f3lo 13 minutos despu\u00e9s de haber sido alertados, funcionarios policiales lograron la detenci\u00f3n de un sujeto de 47 a\u00f1os, identificado como Luis Alejandro Silva Berrios, quien fue sorprendido transitando a bordo del m\u00f3vil por calle Patricio Lynch, donde finalmente fue detenido y pasado a control de detenci\u00f3n al mediod\u00eda de ayer.<\/p>\n<div class=\"tiled-gallery type-rectangular tiled-gallery-unresized\" data-original-width=\"640\" data-carousel-extra='null' itemscope itemtype=\"http:\/\/schema.org\/ImageGallery\" > <div class=\"gallery-row\" style=\"width: 640px; height: 283px;\" data-original-width=\"640\" data-original-height=\"283\" > <div class=\"gallery-group images-1\" style=\"width: 428px; height: 283px;\" data-original-width=\"428\" data-original-height=\"283\" > <div class=\"tiled-gallery-item tiled-gallery-item-large\" itemprop=\"associatedMedia\" itemscope itemtype=\"http:\/\/schema.org\/ImageObject\"> <a href=\"https:\/\/eltrabajo.cl\/portal\/operativos-policiales-consiguieron-recuperar-dos-vehiculos-robados\/foto-7-luis-alejandro-silva-berrios-de-47-anos\/\" border=\"0\" itemprop=\"url\"> <meta itemprop=\"width\" content=\"424\"> <meta itemprop=\"height\" content=\"279\"> <img decoding=\"async\" class=\"\" data-attachment-id=\"66708\" data-orig-file=\"https:\/\/eltrabajo.cl\/portal\/wp-content\/uploads\/2016\/02\/FOTO-7-Luis-Alejandro-Silva-Berrios-DE-47-ANOS.jpg\" data-orig-size=\"530,349\" data-comments-opened=\"1\" data-image-meta=\"{&quot;aperture&quot;:&quot;0&quot;,&quot;credit&quot;:&quot;&quot;,&quot;camera&quot;:&quot;&quot;,&quot;caption&quot;:&quot;&quot;,&quot;created_timestamp&quot;:&quot;0&quot;,&quot;copyright&quot;:&quot;&quot;,&quot;focal_length&quot;:&quot;0&quot;,&quot;iso&quot;:&quot;0&quot;,&quot;shutter_speed&quot;:&quot;0&quot;,&quot;title&quot;:&quot;&quot;,&quot;orientation&quot;:&quot;0&quot;}\" data-image-title=\"FOTO 7 Luis Alejandro Silva Berrios DE 47 ANOS\" data-image-description=\"&lt;p&gt;Luis Alejandro Silva Berrios de 47 a\u00f1os, quien fuera encontrado a bordo del mini bus en calle Patricio Lynch, comuna de Llay Llay.&lt;\/p&gt; \" data-medium-file=\"https:\/\/i0.wp.com\/eltrabajo.cl\/portal\/wp-content\/uploads\/2016\/02\/FOTO-7-Luis-Alejandro-Silva-Berrios-DE-47-ANOS.jpg?fit=300%2C198&#038;ssl=1\" data-large-file=\"https:\/\/i0.wp.com\/eltrabajo.cl\/portal\/wp-content\/uploads\/2016\/02\/FOTO-7-Luis-Alejandro-Silva-Berrios-DE-47-ANOS.jpg?fit=530%2C349&#038;ssl=1\" src=\"https:\/\/i0.wp.com\/eltrabajo.cl\/portal\/wp-content\/uploads\/2016\/02\/FOTO-7-Luis-Alejandro-Silva-Berrios-DE-47-ANOS.jpg?w=424&#038;h=279&#038;ssl=1\" srcset=\"https:\/\/i0.wp.com\/eltrabajo.cl\/portal\/wp-content\/uploads\/2016\/02\/FOTO-7-Luis-Alejandro-Silva-Berrios-DE-47-ANOS.jpg?w=530&amp;ssl=1 530w, https:\/\/i0.wp.com\/eltrabajo.cl\/portal\/wp-content\/uploads\/2016\/02\/FOTO-7-Luis-Alejandro-Silva-Berrios-DE-47-ANOS.jpg?resize=200%2C132&amp;ssl=1 200w, https:\/\/i0.wp.com\/eltrabajo.cl\/portal\/wp-content\/uploads\/2016\/02\/FOTO-7-Luis-Alejandro-Silva-Berrios-DE-47-ANOS.jpg?resize=300%2C198&amp;ssl=1 300w, https:\/\/i0.wp.com\/eltrabajo.cl\/portal\/wp-content\/uploads\/2016\/02\/FOTO-7-Luis-Alejandro-Silva-Berrios-DE-47-ANOS.jpg?resize=228%2C150&amp;ssl=1 228w, https:\/\/i0.wp.com\/eltrabajo.cl\/portal\/wp-content\/uploads\/2016\/02\/FOTO-7-Luis-Alejandro-Silva-Berrios-DE-47-ANOS.jpg?resize=400%2C263&amp;ssl=1 400w\" width=\"424\" height=\"279\" loading=\"lazy\" data-original-width=\"424\" data-original-height=\"279\" itemprop=\"http:\/\/schema.org\/image\" title=\"FOTO 7 Luis Alejandro Silva Berrios DE 47 ANOS\" alt=\"Luis Alejandro Silva Berrios de 47 a\u00f1os, quien fuera encontrado a bordo del mini bus en calle Patricio Lynch, comuna de Llay Llay.\" style=\"width: 424px; height: 279px;\" \/> <\/a> <div class=\"tiled-gallery-caption\" itemprop=\"caption description\"> Luis Alejandro Silva Berrios de 47 a\u00f1os, quien fuera encontrado a bordo del mini bus en calle Patricio Lynch, comuna de Llay Llay. <\/div> <\/div> <\/div> <!-- close group --> <div class=\"gallery-group images-2\" style=\"width: 212px; height: 283px;\" data-original-width=\"212\" data-original-height=\"283\" > <div class=\"tiled-gallery-item tiled-gallery-item-small\" itemprop=\"associatedMedia\" itemscope itemtype=\"http:\/\/schema.org\/ImageObject\"> <a href=\"https:\/\/eltrabajo.cl\/portal\/operativos-policiales-consiguieron-recuperar-dos-vehiculos-robados\/foto-5-lenin-moises-cordova-pino-19-anos\/\" border=\"0\" itemprop=\"url\"> <meta itemprop=\"width\" content=\"208\"> <meta itemprop=\"height\" content=\"138\"> <img decoding=\"async\" class=\"\" data-attachment-id=\"66706\" data-orig-file=\"https:\/\/eltrabajo.cl\/portal\/wp-content\/uploads\/2016\/02\/FOTO-5-LENIN-MOISES-CORDOVA-PINO-19-ANOS.jpg\" data-orig-size=\"530,350\" data-comments-opened=\"1\" data-image-meta=\"{&quot;aperture&quot;:&quot;0&quot;,&quot;credit&quot;:&quot;&quot;,&quot;camera&quot;:&quot;&quot;,&quot;caption&quot;:&quot;&quot;,&quot;created_timestamp&quot;:&quot;0&quot;,&quot;copyright&quot;:&quot;&quot;,&quot;focal_length&quot;:&quot;0&quot;,&quot;iso&quot;:&quot;0&quot;,&quot;shutter_speed&quot;:&quot;0&quot;,&quot;title&quot;:&quot;&quot;,&quot;orientation&quot;:&quot;0&quot;}\" data-image-title=\"FOTO 5 LENIN MOISES CORDOVA PINO 19 ANOS\" data-image-description=\"&lt;p&gt;Lenin Mois\u00e9s C\u00f3rdova Pino, 19 a\u00f1os, uno de los imputados por el robo del Hyunday Accent.&lt;\/p&gt; \" data-medium-file=\"https:\/\/i0.wp.com\/eltrabajo.cl\/portal\/wp-content\/uploads\/2016\/02\/FOTO-5-LENIN-MOISES-CORDOVA-PINO-19-ANOS.jpg?fit=300%2C198&#038;ssl=1\" data-large-file=\"https:\/\/i0.wp.com\/eltrabajo.cl\/portal\/wp-content\/uploads\/2016\/02\/FOTO-5-LENIN-MOISES-CORDOVA-PINO-19-ANOS.jpg?fit=530%2C350&#038;ssl=1\" src=\"https:\/\/i0.wp.com\/eltrabajo.cl\/portal\/wp-content\/uploads\/2016\/02\/FOTO-5-LENIN-MOISES-CORDOVA-PINO-19-ANOS.jpg?w=208&#038;h=138&#038;ssl=1\" srcset=\"https:\/\/i0.wp.com\/eltrabajo.cl\/portal\/wp-content\/uploads\/2016\/02\/FOTO-5-LENIN-MOISES-CORDOVA-PINO-19-ANOS.jpg?w=530&amp;ssl=1 530w, https:\/\/i0.wp.com\/eltrabajo.cl\/portal\/wp-content\/uploads\/2016\/02\/FOTO-5-LENIN-MOISES-CORDOVA-PINO-19-ANOS.jpg?resize=200%2C132&amp;ssl=1 200w, https:\/\/i0.wp.com\/eltrabajo.cl\/portal\/wp-content\/uploads\/2016\/02\/FOTO-5-LENIN-MOISES-CORDOVA-PINO-19-ANOS.jpg?resize=300%2C198&amp;ssl=1 300w, https:\/\/i0.wp.com\/eltrabajo.cl\/portal\/wp-content\/uploads\/2016\/02\/FOTO-5-LENIN-MOISES-CORDOVA-PINO-19-ANOS.jpg?resize=227%2C150&amp;ssl=1 227w, https:\/\/i0.wp.com\/eltrabajo.cl\/portal\/wp-content\/uploads\/2016\/02\/FOTO-5-LENIN-MOISES-CORDOVA-PINO-19-ANOS.jpg?resize=400%2C264&amp;ssl=1 400w\" width=\"208\" height=\"138\" loading=\"lazy\" data-original-width=\"208\" data-original-height=\"138\" itemprop=\"http:\/\/schema.org\/image\" title=\"FOTO 5 LENIN MOISES CORDOVA PINO 19 ANOS\" alt=\"Lenin Mois\u00e9s C\u00f3rdova Pino, 19 a\u00f1os, uno de los imputados por el robo del Hyunday Accent.\" style=\"width: 208px; height: 138px;\" \/> <\/a> <div class=\"tiled-gallery-caption\" itemprop=\"caption description\"> Lenin Mois\u00e9s C\u00f3rdova Pino, 19 a\u00f1os, uno de los imputados por el robo del Hyunday Accent. <\/div> <\/div> <div class=\"tiled-gallery-item tiled-gallery-item-small\" itemprop=\"associatedMedia\" itemscope itemtype=\"http:\/\/schema.org\/ImageObject\"> <a href=\"https:\/\/eltrabajo.cl\/portal\/operativos-policiales-consiguieron-recuperar-dos-vehiculos-robados\/foto-6-menor-de-edad-identificado\/\" border=\"0\" itemprop=\"url\"> <meta itemprop=\"width\" content=\"208\"> <meta itemprop=\"height\" content=\"137\"> <img decoding=\"async\" class=\"\" data-attachment-id=\"66707\" data-orig-file=\"https:\/\/eltrabajo.cl\/portal\/wp-content\/uploads\/2016\/02\/FOTO-6-MENOR-DE-EDAD-IDENTIFICADO-.jpg\" data-orig-size=\"530,349\" data-comments-opened=\"1\" data-image-meta=\"{&quot;aperture&quot;:&quot;0&quot;,&quot;credit&quot;:&quot;&quot;,&quot;camera&quot;:&quot;&quot;,&quot;caption&quot;:&quot;&quot;,&quot;created_timestamp&quot;:&quot;0&quot;,&quot;copyright&quot;:&quot;&quot;,&quot;focal_length&quot;:&quot;0&quot;,&quot;iso&quot;:&quot;0&quot;,&quot;shutter_speed&quot;:&quot;0&quot;,&quot;title&quot;:&quot;&quot;,&quot;orientation&quot;:&quot;0&quot;}\" data-image-title=\"FOTO 6 MENOR DE EDAD IDENTIFICADO\" data-image-description=\"&lt;p&gt;Menor de edad identificado con las iniciales H.H.M.C detenido por encontrarse desplaz\u00e1ndose al interior del veh\u00edculo robado.&lt;\/p&gt; \" data-medium-file=\"https:\/\/i0.wp.com\/eltrabajo.cl\/portal\/wp-content\/uploads\/2016\/02\/FOTO-6-MENOR-DE-EDAD-IDENTIFICADO-.jpg?fit=300%2C198&#038;ssl=1\" data-large-file=\"https:\/\/i0.wp.com\/eltrabajo.cl\/portal\/wp-content\/uploads\/2016\/02\/FOTO-6-MENOR-DE-EDAD-IDENTIFICADO-.jpg?fit=530%2C349&#038;ssl=1\" src=\"https:\/\/i0.wp.com\/eltrabajo.cl\/portal\/wp-content\/uploads\/2016\/02\/FOTO-6-MENOR-DE-EDAD-IDENTIFICADO-.jpg?w=208&#038;h=137&#038;ssl=1\" srcset=\"https:\/\/i0.wp.com\/eltrabajo.cl\/portal\/wp-content\/uploads\/2016\/02\/FOTO-6-MENOR-DE-EDAD-IDENTIFICADO-.jpg?w=530&amp;ssl=1 530w, https:\/\/i0.wp.com\/eltrabajo.cl\/portal\/wp-content\/uploads\/2016\/02\/FOTO-6-MENOR-DE-EDAD-IDENTIFICADO-.jpg?resize=200%2C132&amp;ssl=1 200w, https:\/\/i0.wp.com\/eltrabajo.cl\/portal\/wp-content\/uploads\/2016\/02\/FOTO-6-MENOR-DE-EDAD-IDENTIFICADO-.jpg?resize=300%2C198&amp;ssl=1 300w, https:\/\/i0.wp.com\/eltrabajo.cl\/portal\/wp-content\/uploads\/2016\/02\/FOTO-6-MENOR-DE-EDAD-IDENTIFICADO-.jpg?resize=228%2C150&amp;ssl=1 228w, https:\/\/i0.wp.com\/eltrabajo.cl\/portal\/wp-content\/uploads\/2016\/02\/FOTO-6-MENOR-DE-EDAD-IDENTIFICADO-.jpg?resize=400%2C263&amp;ssl=1 400w\" width=\"208\" height=\"137\" loading=\"lazy\" data-original-width=\"208\" data-original-height=\"137\" itemprop=\"http:\/\/schema.org\/image\" title=\"FOTO 6 MENOR DE EDAD IDENTIFICADO\" alt=\"Menor de edad identificado con las iniciales H.H.M.C detenido por encontrarse desplaz\u00e1ndose al interior del veh\u00edculo robado.\" style=\"width: 208px; height: 137px;\" \/> <\/a> <div class=\"tiled-gallery-caption\" itemprop=\"caption description\"> Menor de edad identificado con las iniciales H.H.M.C detenido por encontrarse desplaz\u00e1ndose al interior del veh\u00edculo robado. <\/div> <\/div> <\/div> <!-- close group --> <\/div> <!-- close row --> <\/div>\n","protected":false},"excerpt":{"rendered":"<p>Se trata de un veh\u00edculo con encargo desde el 6 de febrero, que estaba en poder de dos j\u00f3venes, uno de ellos menor de edad. Mientras que el segundo caso se trat\u00f3&#8230;<\/p>\n","protected":false},"author":482,"featured_media":66705,"comment_status":"open","ping_status":"open","sticky":false,"template":"","format":"standard","meta":{"advanced_seo_description":"","jetpack_seo_html_title":"","jetpack_seo_noindex":false,"_jetpack_memberships_contains_paid_content":false,"footnotes":""},"categories":[21],"tags":[],"class_list":["post-66704","post","type-post","status-publish","format-standard","has-post-thumbnail","hentry","category-policial"],"jetpack_featured_media_url":"https:\/\/i0.wp.com\/eltrabajo.cl\/portal\/wp-content\/uploads\/2016\/02\/FOTO-4-ASI-QUEDO-EL-VEHICULO-QUE-FUE-RECUPERADO.jpg?fit=530%2C350&ssl=1","jetpack_sharing_enabled":true,"jetpack_likes_enabled":true,"jetpack-related-posts":[],"_links":{"self":[{"href":"https:\/\/eltrabajo.cl\/portal\/wp-json\/wp\/v2\/posts\/66704","targetHints":{"allow":["GET"]}}],"collection":[{"href":"https:\/\/eltrabajo.cl\/portal\/wp-json\/wp\/v2\/posts"}],"about":[{"href":"https:\/\/eltrabajo.cl\/portal\/wp-json\/wp\/v2\/types\/post"}],"author":[{"embeddable":true,"href":"https:\/\/eltrabajo.cl\/portal\/wp-json\/wp\/v2\/users\/482"}],"replies":[{"embeddable":true,"href":"https:\/\/eltrabajo.cl\/portal\/wp-json\/wp\/v2\/comments?post=66704"}],"version-history":[{"count":0,"href":"https:\/\/eltrabajo.cl\/portal\/wp-json\/wp\/v2\/posts\/66704\/revisions"}],"wp:featuredmedia":[{"embeddable":true,"href":"https:\/\/eltrabajo.cl\/portal\/wp-json\/wp\/v2\/media\/66705"}],"wp:attachment":[{"href":"https:\/\/eltrabajo.cl\/portal\/wp-json\/wp\/v2\/media?parent=66704"}],"wp:term":[{"taxonomy":"category","embeddable":true,"href":"https:\/\/eltrabajo.cl\/portal\/wp-json\/wp\/v2\/categories?post=66704"},{"taxonomy":"post_tag","embeddable":true,"href":"https:\/\/eltrabajo.cl\/portal\/wp-json\/wp\/v2\/tags?post=66704"}],"curies":[{"name":"wp","href":"https:\/\/api.w.org\/{rel}","templated":true}]}}