{"id":66711,"date":"2016-02-11T09:55:41","date_gmt":"2016-02-11T12:55:41","guid":{"rendered":"http:\/\/www.eltrabajo.cl\/portal\/?p=66711"},"modified":"2016-02-11T09:55:41","modified_gmt":"2016-02-11T12:55:41","slug":"joven-obrero-de-21-anos-muere-electrocutado-en-faena-de-construccion","status":"publish","type":"post","link":"https:\/\/eltrabajo.cl\/portal\/joven-obrero-de-21-anos-muere-electrocutado-en-faena-de-construccion\/","title":{"rendered":"Joven obrero de 21 a\u00f1os muere electrocutado en faena de construcci\u00f3n"},"content":{"rendered":"<figure id=\"attachment_66712\" aria-describedby=\"caption-attachment-66712\" style=\"width: 300px\" class=\"wp-caption alignleft\"><img data-recalc-dims=\"1\" loading=\"lazy\" decoding=\"async\" class=\"wp-image-66712 size-medium\" src=\"https:\/\/i0.wp.com\/www.eltrabajo.cl\/portal\/wp-content\/uploads\/2016\/02\/mario-ramirez-orellana-300x197.jpg?resize=300%2C197\" alt=\"Mario Ram\u00edrez Orellana ten\u00eda solo 21 a\u00f1os. Su temprana partida deja profundas huellas en sus familiares y seres queridos.\" width=\"300\" height=\"197\" srcset=\"https:\/\/i0.wp.com\/eltrabajo.cl\/portal\/wp-content\/uploads\/2016\/02\/mario-ramirez-orellana.jpg?resize=300%2C197&amp;ssl=1 300w, https:\/\/i0.wp.com\/eltrabajo.cl\/portal\/wp-content\/uploads\/2016\/02\/mario-ramirez-orellana.jpg?resize=200%2C131&amp;ssl=1 200w, https:\/\/i0.wp.com\/eltrabajo.cl\/portal\/wp-content\/uploads\/2016\/02\/mario-ramirez-orellana.jpg?resize=228%2C150&amp;ssl=1 228w, https:\/\/i0.wp.com\/eltrabajo.cl\/portal\/wp-content\/uploads\/2016\/02\/mario-ramirez-orellana.jpg?resize=400%2C263&amp;ssl=1 400w, https:\/\/i0.wp.com\/eltrabajo.cl\/portal\/wp-content\/uploads\/2016\/02\/mario-ramirez-orellana.jpg?w=530&amp;ssl=1 530w\" sizes=\"auto, (max-width: 300px) 100vw, 300px\" \/><figcaption id=\"caption-attachment-66712\" class=\"wp-caption-text\">Mario Ram\u00edrez Orellana ten\u00eda solo 21 a\u00f1os. Su temprana partida deja profundas huellas en sus familiares y seres queridos.<\/figcaption><\/figure>\n<p>Un joven obrero de solo 21 a\u00f1os de edad falleci\u00f3 electrocutado la tarde de ayer mi\u00e9rcoles cuando trabajaba en una obra en construcci\u00f3n en la Avenida 12 de Febrero en San Felipe.<br \/>\nEl hecho se registr\u00f3 a eso de las 18 horas, cuando el joven se encontraba trabajando en la citada obra con un \u2018trompo\u2019 para mezclar cemento.<br \/>\nEn esas circunstancias, repentinamente, cuando intentaba mover la pesada m\u00e1quina mezcladora, la cual se encontraba conectada a la red de energ\u00eda el\u00e9ctrica, el joven obrero habr\u00eda tropezado, cayendo junto con la herramienta en un charco de agua, lo que habr\u00eda desencadenado la tragedia al recibir una descarga el\u00e9ctrica producto del contacto con el vital elemento, reconocido por sus propiedades conductoras de electricidad.<br \/>\nAl cierre de la presente edici\u00f3n, lamentablemente no fue posible conocer en forma oficial mayores antecedentes de lo sucedido, siendo incluso dif\u00edcil establecer la identidad de la joven v\u00edctima, aunque seg\u00fan versiones extraoficiales se tratar\u00eda de Mario Ram\u00edrez Orellana, de 21 a\u00f1os de edad, quien registraba domicilio en la villa San Camilo de esta ciudad.<br \/>\nEl joven hab\u00eda cursado sus estudios en el Liceo Roberto Humeres de San Felipe, o Liceo Polit\u00e9cnico. Hab\u00eda nacido el 19 de junio de 1994 y como ya se ha dicho ten\u00eda solo 21 a\u00f1os de edad.<br \/>\nA trav\u00e9s de las redes sociales, sus amigos dejaron emotivos mensajes de despedida, lamentando lo ocurrido y la temprana partido de un joven que se ve\u00eda lleno de vida, pero al que el destino le deparaba una corta existencia.<br \/>\nCabe destacar que hasta el lugar lleg\u00f3 personal de Carabineros y de la Brigada de Homicidios de la Polic\u00eda de Investigaciones, quienes efectuaron los peritajes preliminares al cuerpo de la v\u00edctima intentando establecer las causas del deceso, situaci\u00f3n que en todo caso deber\u00e1 determinar el Servicio M\u00e9dico Legal tras practicar la autopsia de rigor.<\/p>\n","protected":false},"excerpt":{"rendered":"<p>Un joven obrero de solo 21 a\u00f1os de edad falleci\u00f3 electrocutado la tarde de ayer mi\u00e9rcoles cuando trabajaba en una obra en construcci\u00f3n en la Avenida 12 de Febrero en San Felipe&#8230;.<\/p>\n","protected":false},"author":482,"featured_media":66712,"comment_status":"open","ping_status":"open","sticky":false,"template":"","format":"standard","meta":{"advanced_seo_description":"","jetpack_seo_html_title":"","jetpack_seo_noindex":false,"_jetpack_memberships_contains_paid_content":false,"footnotes":""},"categories":[21],"tags":[],"class_list":["post-66711","post","type-post","status-publish","format-standard","has-post-thumbnail","hentry","category-policial"],"jetpack_featured_media_url":"https:\/\/i0.wp.com\/eltrabajo.cl\/portal\/wp-content\/uploads\/2016\/02\/mario-ramirez-orellana.jpg?fit=530%2C348&ssl=1","jetpack_sharing_enabled":true,"jetpack_likes_enabled":true,"jetpack-related-posts":[],"_links":{"self":[{"href":"https:\/\/eltrabajo.cl\/portal\/wp-json\/wp\/v2\/posts\/66711","targetHints":{"allow":["GET"]}}],"collection":[{"href":"https:\/\/eltrabajo.cl\/portal\/wp-json\/wp\/v2\/posts"}],"about":[{"href":"https:\/\/eltrabajo.cl\/portal\/wp-json\/wp\/v2\/types\/post"}],"author":[{"embeddable":true,"href":"https:\/\/eltrabajo.cl\/portal\/wp-json\/wp\/v2\/users\/482"}],"replies":[{"embeddable":true,"href":"https:\/\/eltrabajo.cl\/portal\/wp-json\/wp\/v2\/comments?post=66711"}],"version-history":[{"count":0,"href":"https:\/\/eltrabajo.cl\/portal\/wp-json\/wp\/v2\/posts\/66711\/revisions"}],"wp:featuredmedia":[{"embeddable":true,"href":"https:\/\/eltrabajo.cl\/portal\/wp-json\/wp\/v2\/media\/66712"}],"wp:attachment":[{"href":"https:\/\/eltrabajo.cl\/portal\/wp-json\/wp\/v2\/media?parent=66711"}],"wp:term":[{"taxonomy":"category","embeddable":true,"href":"https:\/\/eltrabajo.cl\/portal\/wp-json\/wp\/v2\/categories?post=66711"},{"taxonomy":"post_tag","embeddable":true,"href":"https:\/\/eltrabajo.cl\/portal\/wp-json\/wp\/v2\/tags?post=66711"}],"curies":[{"name":"wp","href":"https:\/\/api.w.org\/{rel}","templated":true}]}}