{"id":66720,"date":"2016-02-12T09:36:48","date_gmt":"2016-02-12T12:36:48","guid":{"rendered":"http:\/\/www.eltrabajo.cl\/portal\/?p=66720"},"modified":"2016-02-12T09:36:48","modified_gmt":"2016-02-12T12:36:48","slug":"fallecio-reconocido-exfuncionario-del-hospital-san-antonio-de-putaendo","status":"publish","type":"post","link":"https:\/\/eltrabajo.cl\/portal\/fallecio-reconocido-exfuncionario-del-hospital-san-antonio-de-putaendo\/","title":{"rendered":"Falleci\u00f3 reconocido exfuncionario del Hospital San Antonio de Putaendo"},"content":{"rendered":"<figure id=\"attachment_66721\" aria-describedby=\"caption-attachment-66721\" style=\"width: 300px\" class=\"wp-caption alignleft\"><img data-recalc-dims=\"1\" loading=\"lazy\" decoding=\"async\" class=\"wp-image-66721 size-medium\" src=\"https:\/\/i0.wp.com\/www.eltrabajo.cl\/portal\/wp-content\/uploads\/2016\/02\/Patricio-Collao-Collao-300x197.jpg?resize=300%2C197\" alt=\"Patricio Collao Collao falleci\u00f3 a los 46 a\u00f1os, tras enfrentar una agresiva enfermedad.\" width=\"300\" height=\"197\" srcset=\"https:\/\/i0.wp.com\/eltrabajo.cl\/portal\/wp-content\/uploads\/2016\/02\/Patricio-Collao-Collao.jpg?resize=300%2C197&amp;ssl=1 300w, https:\/\/i0.wp.com\/eltrabajo.cl\/portal\/wp-content\/uploads\/2016\/02\/Patricio-Collao-Collao.jpg?resize=200%2C131&amp;ssl=1 200w, https:\/\/i0.wp.com\/eltrabajo.cl\/portal\/wp-content\/uploads\/2016\/02\/Patricio-Collao-Collao.jpg?resize=228%2C150&amp;ssl=1 228w, https:\/\/i0.wp.com\/eltrabajo.cl\/portal\/wp-content\/uploads\/2016\/02\/Patricio-Collao-Collao.jpg?resize=400%2C263&amp;ssl=1 400w, https:\/\/i0.wp.com\/eltrabajo.cl\/portal\/wp-content\/uploads\/2016\/02\/Patricio-Collao-Collao.jpg?w=530&amp;ssl=1 530w\" sizes=\"auto, (max-width: 300px) 100vw, 300px\" \/><figcaption id=\"caption-attachment-66721\" class=\"wp-caption-text\">Patricio Collao Collao falleci\u00f3 a los 46 a\u00f1os, tras enfrentar una agresiva enfermedad.<\/figcaption><\/figure>\n<p><strong>PUTAENDO.<\/strong>&#8211; Tras enfrentar una agresiva enfermedad y luego de dar una dura lucha por su vida, falleci\u00f3 el querido y recordado exfuncionario del Hospital San Antonio, Patricio Collao Collao.<br \/>\nUn joven muy conocido por su trabajo en el Hospital San Antonio donde destac\u00f3 por su sencillez y humildad, caracter\u00edsticas que le acompa\u00f1aron en su vida personal pues su familia, su gran tesoro como siempre lo dijo, supo reconocer en \u00e9l esas cualidades, en especial sus hijos.<br \/>\nAmante de la naturaleza, quedan en el recuerdo sus constantes aventuras junto a los suyos. Era trabajador, emprendedor y siempre estuvo preocupado que a los suyos no les faltara nada. En el \u00faltimo tiempo era todo un maestro \u2018chasquilla\u2019 de la construcci\u00f3n junto a su amigo, jefe y hermano.<br \/>\nSu fuerza y fortaleza no fueron suficiente para ganar la dura lucha contra una agresiva enfermedad que a muy corta edad le arrebat\u00f3 la vida, pero el recuerdo entre los suyos y quienes compartieron con \u00e9l perdurar\u00e1 eternamente.<br \/>\nNuestro medio env\u00eda las m\u00e1s sinceras condolencias a la familia y amigos de Patricio Collao Collao que hoy descansa en paz.<br \/>\n<strong>Patricio Gallardo M.<\/strong><\/p>\n","protected":false},"excerpt":{"rendered":"<p>PUTAENDO.&#8211; Tras enfrentar una agresiva enfermedad y luego de dar una dura lucha por su vida, falleci\u00f3 el querido y recordado exfuncionario del Hospital San Antonio, Patricio Collao Collao. Un joven muy&#8230;<\/p>\n","protected":false},"author":482,"featured_media":66721,"comment_status":"open","ping_status":"open","sticky":false,"template":"","format":"standard","meta":{"advanced_seo_description":"","jetpack_seo_html_title":"","jetpack_seo_noindex":false,"_jetpack_memberships_contains_paid_content":false,"footnotes":""},"categories":[15],"tags":[],"class_list":["post-66720","post","type-post","status-publish","format-standard","has-post-thumbnail","hentry","category-comunidad"],"jetpack_featured_media_url":"https:\/\/i0.wp.com\/eltrabajo.cl\/portal\/wp-content\/uploads\/2016\/02\/Patricio-Collao-Collao.jpg?fit=530%2C348&ssl=1","jetpack_sharing_enabled":true,"jetpack_likes_enabled":true,"jetpack-related-posts":[],"_links":{"self":[{"href":"https:\/\/eltrabajo.cl\/portal\/wp-json\/wp\/v2\/posts\/66720","targetHints":{"allow":["GET"]}}],"collection":[{"href":"https:\/\/eltrabajo.cl\/portal\/wp-json\/wp\/v2\/posts"}],"about":[{"href":"https:\/\/eltrabajo.cl\/portal\/wp-json\/wp\/v2\/types\/post"}],"author":[{"embeddable":true,"href":"https:\/\/eltrabajo.cl\/portal\/wp-json\/wp\/v2\/users\/482"}],"replies":[{"embeddable":true,"href":"https:\/\/eltrabajo.cl\/portal\/wp-json\/wp\/v2\/comments?post=66720"}],"version-history":[{"count":0,"href":"https:\/\/eltrabajo.cl\/portal\/wp-json\/wp\/v2\/posts\/66720\/revisions"}],"wp:featuredmedia":[{"embeddable":true,"href":"https:\/\/eltrabajo.cl\/portal\/wp-json\/wp\/v2\/media\/66721"}],"wp:attachment":[{"href":"https:\/\/eltrabajo.cl\/portal\/wp-json\/wp\/v2\/media?parent=66720"}],"wp:term":[{"taxonomy":"category","embeddable":true,"href":"https:\/\/eltrabajo.cl\/portal\/wp-json\/wp\/v2\/categories?post=66720"},{"taxonomy":"post_tag","embeddable":true,"href":"https:\/\/eltrabajo.cl\/portal\/wp-json\/wp\/v2\/tags?post=66720"}],"curies":[{"name":"wp","href":"https:\/\/api.w.org\/{rel}","templated":true}]}}