{"id":66723,"date":"2016-02-12T09:40:31","date_gmt":"2016-02-12T12:40:31","guid":{"rendered":"http:\/\/www.eltrabajo.cl\/portal\/?p=66723"},"modified":"2016-02-12T09:40:31","modified_gmt":"2016-02-12T12:40:31","slug":"romantica-presentacion-realizo-leo-dan-en-chaya-andina","status":"publish","type":"post","link":"https:\/\/eltrabajo.cl\/portal\/romantica-presentacion-realizo-leo-dan-en-chaya-andina\/","title":{"rendered":"Rom\u00e1ntica presentaci\u00f3n realiz\u00f3 Leo Dan en Chaya andina"},"content":{"rendered":"<figure id=\"attachment_66724\" aria-describedby=\"caption-attachment-66724\" style=\"width: 300px\" class=\"wp-caption alignleft\"><img data-recalc-dims=\"1\" loading=\"lazy\" decoding=\"async\" class=\"wp-image-66724 size-medium\" src=\"https:\/\/i0.wp.com\/www.eltrabajo.cl\/portal\/wp-content\/uploads\/2016\/02\/Leo-Dan-300x197.jpg?resize=300%2C197\" alt=\"Lleno de \u00e9xitos, Leo Dan realiz\u00f3 una c\u00e1lida presentaci\u00f3n en la tercera noche de la Fiesta de la Chaya 2016.\" width=\"300\" height=\"197\" srcset=\"https:\/\/i0.wp.com\/eltrabajo.cl\/portal\/wp-content\/uploads\/2016\/02\/Leo-Dan.jpg?resize=300%2C197&amp;ssl=1 300w, https:\/\/i0.wp.com\/eltrabajo.cl\/portal\/wp-content\/uploads\/2016\/02\/Leo-Dan.jpg?resize=200%2C131&amp;ssl=1 200w, https:\/\/i0.wp.com\/eltrabajo.cl\/portal\/wp-content\/uploads\/2016\/02\/Leo-Dan.jpg?resize=228%2C150&amp;ssl=1 228w, https:\/\/i0.wp.com\/eltrabajo.cl\/portal\/wp-content\/uploads\/2016\/02\/Leo-Dan.jpg?resize=400%2C263&amp;ssl=1 400w, https:\/\/i0.wp.com\/eltrabajo.cl\/portal\/wp-content\/uploads\/2016\/02\/Leo-Dan.jpg?w=530&amp;ssl=1 530w\" sizes=\"auto, (max-width: 300px) 100vw, 300px\" \/><figcaption id=\"caption-attachment-66724\" class=\"wp-caption-text\">Lleno de \u00e9xitos, Leo Dan realiz\u00f3 una c\u00e1lida presentaci\u00f3n en la tercera noche de la Fiesta de la Chaya 2016.<\/figcaption><\/figure>\n<ul>\n<li><strong>El trasandino logr\u00f3 momentos de verdadera intimidad con la gente.<\/strong><\/li>\n<\/ul>\n<p><strong>LOS ANDES.<\/strong>&#8211; Una Plaza de Armas de Los Andes colmada de gente recibi\u00f3 el pasado mi\u00e9rcoles a Leo Dan, en la tercera noche de la Fiesta de la Chaya 2016. El \u00eddolo argentino encant\u00f3 al p\u00fablico con un show de hora y media, demostrando por qu\u00e9 sus canciones son tan recordadas y reconocidas por distintas generaciones.<br \/>\nComo de costumbre, la participaci\u00f3n de artistas locales ha sido la regla de oro en la organizaci\u00f3n del evento, a cargo de la Municipalidad de Los Andes. As\u00ed, la responsabilidad de abrir la jornada musical le correspondi\u00f3 al andino Gregory Godoy, \u2018El Pr\u00edncipe de la M\u00fasica Norte\u00f1a\u2019. El joven cantante entusiasm\u00f3 con su presentaci\u00f3n y dej\u00f3 la mesa servida al autor de \u2018C\u00f3mo te extra\u00f1o mi amor\u2019.<br \/>\nA las diez de la noche, subi\u00f3 al escenario Leo Dan. Acompa\u00f1ado por tres coristas y una banda de experimentados m\u00fasicos, dio rienda suelta a una lista de temas que forman parte del cat\u00e1logo de grandes \u00e9xitos de la m\u00fasica popular latinoamericana.<br \/>\nCon una notable interacci\u00f3n con el p\u00fabico, la seguidilla de recuerdos s\u00f3lo tuvo pausa para contar chistes, algunas an\u00e9cdotas y agradecer a Dios. El trasandino logr\u00f3 momentos de verdadera intimidad con la gente, subiendo al escenario a mujeres, hombres y ni\u00f1os, con quienes cant\u00f3, bail\u00f3 y brome\u00f3.<br \/>\nFinalizado el espect\u00e1culo, Leo Dan destac\u00f3 la respuesta del p\u00fablico y aprovech\u00f3 de enviar un mensaje lleno de optimismo y espiritualidad. \u00abFue maravilloso, creo que la gente disfrut\u00f3 y todos hemos disfrutado, porque el ambiente se prest\u00f3, la gente cant\u00f3 y grupos de gente mayor que aplaud\u00edan y bailaban, hasta de 80 para arriba. Bendiciones para todos. No aflojen, la vida es linda y corta, disfr\u00fatenla, aprov\u00e9chenla y que Dios los bendiga\u00bb.<br \/>\nEn sus primeras tres noches, la Fiesta de la Chaya de Los Andes confirm\u00f3 que sigue siendo el evento m\u00e1s popular de la zona durante el verano. Con una multitudinaria convocatoria, el municipio ha logrado sumar p\u00fablicos de diferentes edades y gustos musicales en cada una de sus jornadas.<br \/>\nLa fiesta continuaba el jueves con Los Tres y el viernes con Los Tetas. Las seis noches de show concluyen este s\u00e1bado, con los cr\u00e9ditos locales de Malditos Sudacas y Banda Rex.<\/p>\n","protected":false},"excerpt":{"rendered":"<p>El trasandino logr\u00f3 momentos de verdadera intimidad con la gente. LOS ANDES.&#8211; Una Plaza de Armas de Los Andes colmada de gente recibi\u00f3 el pasado mi\u00e9rcoles a Leo Dan, en la tercera&#8230;<\/p>\n","protected":false},"author":482,"featured_media":66724,"comment_status":"open","ping_status":"open","sticky":false,"template":"","format":"standard","meta":{"advanced_seo_description":"","jetpack_seo_html_title":"","jetpack_seo_noindex":false,"_jetpack_memberships_contains_paid_content":false,"footnotes":""},"categories":[1],"tags":[],"class_list":["post-66723","post","type-post","status-publish","format-standard","has-post-thumbnail","hentry","category-cronica"],"jetpack_featured_media_url":"https:\/\/i0.wp.com\/eltrabajo.cl\/portal\/wp-content\/uploads\/2016\/02\/Leo-Dan.jpg?fit=530%2C348&ssl=1","jetpack_sharing_enabled":true,"jetpack_likes_enabled":true,"jetpack-related-posts":[],"_links":{"self":[{"href":"https:\/\/eltrabajo.cl\/portal\/wp-json\/wp\/v2\/posts\/66723","targetHints":{"allow":["GET"]}}],"collection":[{"href":"https:\/\/eltrabajo.cl\/portal\/wp-json\/wp\/v2\/posts"}],"about":[{"href":"https:\/\/eltrabajo.cl\/portal\/wp-json\/wp\/v2\/types\/post"}],"author":[{"embeddable":true,"href":"https:\/\/eltrabajo.cl\/portal\/wp-json\/wp\/v2\/users\/482"}],"replies":[{"embeddable":true,"href":"https:\/\/eltrabajo.cl\/portal\/wp-json\/wp\/v2\/comments?post=66723"}],"version-history":[{"count":0,"href":"https:\/\/eltrabajo.cl\/portal\/wp-json\/wp\/v2\/posts\/66723\/revisions"}],"wp:featuredmedia":[{"embeddable":true,"href":"https:\/\/eltrabajo.cl\/portal\/wp-json\/wp\/v2\/media\/66724"}],"wp:attachment":[{"href":"https:\/\/eltrabajo.cl\/portal\/wp-json\/wp\/v2\/media?parent=66723"}],"wp:term":[{"taxonomy":"category","embeddable":true,"href":"https:\/\/eltrabajo.cl\/portal\/wp-json\/wp\/v2\/categories?post=66723"},{"taxonomy":"post_tag","embeddable":true,"href":"https:\/\/eltrabajo.cl\/portal\/wp-json\/wp\/v2\/tags?post=66723"}],"curies":[{"name":"wp","href":"https:\/\/api.w.org\/{rel}","templated":true}]}}