{"id":66726,"date":"2016-02-12T09:42:06","date_gmt":"2016-02-12T12:42:06","guid":{"rendered":"http:\/\/www.eltrabajo.cl\/portal\/?p=66726"},"modified":"2016-02-12T09:43:05","modified_gmt":"2016-02-12T12:43:05","slug":"generan-300-cupos-para-continuidad-de-estudios-gracias-a-convenio-entre-sence-y-uac","status":"publish","type":"post","link":"https:\/\/eltrabajo.cl\/portal\/generan-300-cupos-para-continuidad-de-estudios-gracias-a-convenio-entre-sence-y-uac\/","title":{"rendered":"Generan 300 cupos para continuidad de estudios gracias a convenio entre Sence y UAC"},"content":{"rendered":"<figure id=\"attachment_66727\" aria-describedby=\"caption-attachment-66727\" style=\"width: 300px\" class=\"wp-caption alignleft\"><img data-recalc-dims=\"1\" loading=\"lazy\" decoding=\"async\" class=\"wp-image-66727 size-medium\" src=\"https:\/\/i0.wp.com\/www.eltrabajo.cl\/portal\/wp-content\/uploads\/2016\/02\/Alianza-Sence-UAC-300x198.jpg?resize=300%2C198\" alt=\"El lanzamiento del programa se realiz\u00f3 en la Gobernaci\u00f3n de Los Andes, estableciendo un convenio que generar\u00e1 300 cupos para 4 distintos cursos.\" width=\"300\" height=\"198\" srcset=\"https:\/\/i0.wp.com\/eltrabajo.cl\/portal\/wp-content\/uploads\/2016\/02\/Alianza-Sence-UAC.jpg?resize=300%2C198&amp;ssl=1 300w, https:\/\/i0.wp.com\/eltrabajo.cl\/portal\/wp-content\/uploads\/2016\/02\/Alianza-Sence-UAC.jpg?resize=200%2C132&amp;ssl=1 200w, https:\/\/i0.wp.com\/eltrabajo.cl\/portal\/wp-content\/uploads\/2016\/02\/Alianza-Sence-UAC.jpg?resize=228%2C150&amp;ssl=1 228w, https:\/\/i0.wp.com\/eltrabajo.cl\/portal\/wp-content\/uploads\/2016\/02\/Alianza-Sence-UAC.jpg?resize=400%2C263&amp;ssl=1 400w, https:\/\/i0.wp.com\/eltrabajo.cl\/portal\/wp-content\/uploads\/2016\/02\/Alianza-Sence-UAC.jpg?w=530&amp;ssl=1 530w\" sizes=\"auto, (max-width: 300px) 100vw, 300px\" \/><figcaption id=\"caption-attachment-66727\" class=\"wp-caption-text\">El lanzamiento del programa se realiz\u00f3 en la Gobernaci\u00f3n de Los Andes, estableciendo un convenio que generar\u00e1 300 cupos para 4 distintos cursos.<\/figcaption><\/figure>\n<p><strong>LOS ANDES.<\/strong>&#8211; Trescientas personas que participan del programa \u2018M\u00e1s Capaz\u2019 en la provincia podr\u00e1n acceder a la continuidad de estudios superiores de manera gratuita gracias a un convenio firmado por el Sence y la Universidad de Aconcagua.<br \/>\nEl lanzamiento de este programa fue realizado en la gobernaci\u00f3n provincial de Los Andes y en la oportunidad, la Subdirectora Nacional de Sence destac\u00f3 su importancia ya que permite dar continuidad de estudios a persona de la provincia adscritas al \u2018M\u00e1s Capaz\u2019 como parte del proceso vinculado al modelo de educaci\u00f3n contin\u00faa, \u00abdonde personas podr\u00e1n acceder a una capacitaci\u00f3n de 300 horas en un oficio para posteriormente poder generar una inserci\u00f3n autom\u00e1tica en una carrera t\u00e9cnica de nivel superior en la Universidad de Aconcagua\u00bb.<br \/>\nDestac\u00f3 que esta instituci\u00f3n de educaci\u00f3n superior dispone de estos 300 cupos para continuidad de estudios, \u00abpero b\u00e1sicamente lo que nos importa destacar es que hoy d\u00eda los j\u00f3venes, y mujeres de la provincia van a tener una oportunidad de poder generar condiciones de trazabilidad en su vida laboral y educativa, fortaleciendo su trayectoria donde una persona de sectores vulnerables con poco acceso a la educaci\u00f3n pueda a trav\u00e9s de un curso de capacitaci\u00f3n generar las condiciones para poder sacar una carrera t\u00e9cnica de forma completamente gratuita\u00bb.<br \/>\nPuntualiz\u00f3 que para acceder a este programa las personas pueden inscribirse acudiendo a la gobernaci\u00f3n provincial o a trav\u00e9s de la p\u00e1gina web www.sence.cl , adem\u00e1s de las oficinas de intermediaci\u00f3n laboral de los municipios.<br \/>\nIndic\u00f3 que para acceder a este programa se requiere que los interesados cuenten a lo menos con su cuarto medio rendido para iniciar las capacitaciones y luego ingresar a una carrera t\u00e9cnica.<br \/>\nPor su parte, el Director de la Sede Los Andes de la UAC, Rodrigo P\u00e1ez, manifest\u00f3 que est\u00e1n ofreciendo cuatro cursos de capacitaci\u00f3n con 75 cupos que corresponden a perforaci\u00f3n y tornadura, ventilaci\u00f3n de minas e higiene industrial, laboratorio qu\u00edmico y operaci\u00f3n de procesos metal\u00fargicos, \u00abtodos los cuales culminan en carreras de t\u00e9cnico superior en cada especialidad\u00bb.<br \/>\nAclar\u00f3 que en primera instancia los alumnos deben aprobar el programa \u2018M\u00e1s Capaz\u2019 con 300 horas de capacitaci\u00f3n y que equivalen al primer semestre de la carrera de T\u00e9cnico Universitario y luego de ello 150 alumnos optar\u00e1n a T\u00e9cnico en Minas y los otros 150 a T\u00e9cnicos Metal\u00fargicos.<br \/>\nEn tanto, el gobernador (s) de Los Andes y Seremi de Miner\u00eda, Alonso Retamales Campos, expuso que la oportunidad que brinda Sence a trav\u00e9s de la Universidad de Aconcagua es una tremenda proyecci\u00f3n laboral en el \u00e1rea minera de la zona con la explotaci\u00f3n de los recursos que tenemos ac\u00e1, \u00abpor lo tanto hacemos la convocatoria a los j\u00f3venes y mujeres hasta 64 a\u00f1os a que se interioricen de este programa y se inscriban hasta completar los 300 cupos\u00bb.<\/p>\n","protected":false},"excerpt":{"rendered":"<p>LOS ANDES.&#8211; Trescientas personas que participan del programa \u2018M\u00e1s Capaz\u2019 en la provincia podr\u00e1n acceder a la continuidad de estudios superiores de manera gratuita gracias a un convenio firmado por el Sence&#8230;<\/p>\n","protected":false},"author":482,"featured_media":66727,"comment_status":"open","ping_status":"open","sticky":false,"template":"","format":"standard","meta":{"advanced_seo_description":"","jetpack_seo_html_title":"","jetpack_seo_noindex":false,"_jetpack_memberships_contains_paid_content":false,"footnotes":""},"categories":[1],"tags":[],"class_list":["post-66726","post","type-post","status-publish","format-standard","has-post-thumbnail","hentry","category-cronica"],"jetpack_featured_media_url":"https:\/\/i0.wp.com\/eltrabajo.cl\/portal\/wp-content\/uploads\/2016\/02\/Alianza-Sence-UAC.jpg?fit=530%2C349&ssl=1","jetpack_sharing_enabled":true,"jetpack_likes_enabled":true,"jetpack-related-posts":[],"_links":{"self":[{"href":"https:\/\/eltrabajo.cl\/portal\/wp-json\/wp\/v2\/posts\/66726","targetHints":{"allow":["GET"]}}],"collection":[{"href":"https:\/\/eltrabajo.cl\/portal\/wp-json\/wp\/v2\/posts"}],"about":[{"href":"https:\/\/eltrabajo.cl\/portal\/wp-json\/wp\/v2\/types\/post"}],"author":[{"embeddable":true,"href":"https:\/\/eltrabajo.cl\/portal\/wp-json\/wp\/v2\/users\/482"}],"replies":[{"embeddable":true,"href":"https:\/\/eltrabajo.cl\/portal\/wp-json\/wp\/v2\/comments?post=66726"}],"version-history":[{"count":0,"href":"https:\/\/eltrabajo.cl\/portal\/wp-json\/wp\/v2\/posts\/66726\/revisions"}],"wp:featuredmedia":[{"embeddable":true,"href":"https:\/\/eltrabajo.cl\/portal\/wp-json\/wp\/v2\/media\/66727"}],"wp:attachment":[{"href":"https:\/\/eltrabajo.cl\/portal\/wp-json\/wp\/v2\/media?parent=66726"}],"wp:term":[{"taxonomy":"category","embeddable":true,"href":"https:\/\/eltrabajo.cl\/portal\/wp-json\/wp\/v2\/categories?post=66726"},{"taxonomy":"post_tag","embeddable":true,"href":"https:\/\/eltrabajo.cl\/portal\/wp-json\/wp\/v2\/tags?post=66726"}],"curies":[{"name":"wp","href":"https:\/\/api.w.org\/{rel}","templated":true}]}}