{"id":66732,"date":"2016-02-12T09:48:56","date_gmt":"2016-02-12T12:48:56","guid":{"rendered":"http:\/\/www.eltrabajo.cl\/portal\/?p=66732"},"modified":"2016-02-12T09:48:56","modified_gmt":"2016-02-12T12:48:56","slug":"casi-200-nuevos-emprendedores-gracias-al-programa-de-fosis-yo-emprendo-semillas","status":"publish","type":"post","link":"https:\/\/eltrabajo.cl\/portal\/casi-200-nuevos-emprendedores-gracias-al-programa-de-fosis-yo-emprendo-semillas\/","title":{"rendered":"Casi 200 nuevos emprendedores gracias al programa de Fosis Yo Emprendo Semillas"},"content":{"rendered":"<figure id=\"attachment_66733\" aria-describedby=\"caption-attachment-66733\" style=\"width: 300px\" class=\"wp-caption alignleft\"><img data-recalc-dims=\"1\" loading=\"lazy\" decoding=\"async\" class=\"wp-image-66733 size-medium\" src=\"https:\/\/i0.wp.com\/www.eltrabajo.cl\/portal\/wp-content\/uploads\/2016\/02\/FOTO-7-EN-LA-CAMARA-DE-COMERCIO-DE-SAN-FELIPE-300x198.jpg?resize=300%2C198\" alt=\"En la C\u00e1mara de Comercio de San Felipe se llev\u00f3 a cabo la ceremonia de certificaci\u00f3n de 197 usuarios del programa de Fosis Yo Emprendo Semillas.\" width=\"300\" height=\"198\" srcset=\"https:\/\/i0.wp.com\/eltrabajo.cl\/portal\/wp-content\/uploads\/2016\/02\/FOTO-7-EN-LA-CAMARA-DE-COMERCIO-DE-SAN-FELIPE.jpg?resize=300%2C198&amp;ssl=1 300w, https:\/\/i0.wp.com\/eltrabajo.cl\/portal\/wp-content\/uploads\/2016\/02\/FOTO-7-EN-LA-CAMARA-DE-COMERCIO-DE-SAN-FELIPE.jpg?resize=200%2C132&amp;ssl=1 200w, https:\/\/i0.wp.com\/eltrabajo.cl\/portal\/wp-content\/uploads\/2016\/02\/FOTO-7-EN-LA-CAMARA-DE-COMERCIO-DE-SAN-FELIPE.jpg?resize=227%2C150&amp;ssl=1 227w, https:\/\/i0.wp.com\/eltrabajo.cl\/portal\/wp-content\/uploads\/2016\/02\/FOTO-7-EN-LA-CAMARA-DE-COMERCIO-DE-SAN-FELIPE.jpg?resize=400%2C264&amp;ssl=1 400w, https:\/\/i0.wp.com\/eltrabajo.cl\/portal\/wp-content\/uploads\/2016\/02\/FOTO-7-EN-LA-CAMARA-DE-COMERCIO-DE-SAN-FELIPE.jpg?w=530&amp;ssl=1 530w\" sizes=\"auto, (max-width: 300px) 100vw, 300px\" \/><figcaption id=\"caption-attachment-66733\" class=\"wp-caption-text\">En la C\u00e1mara de Comercio de San Felipe se llev\u00f3 a cabo la ceremonia de certificaci\u00f3n de 197 usuarios del programa de Fosis Yo Emprendo Semillas.<\/figcaption><\/figure>\n<ul>\n<li><strong>Este programa adem\u00e1s de capacitar en gesti\u00f3n de negocios y desarrollo de habilidades emprendedoras, otorga un monto de 320 mil pesos para la compra de insumos, herramientas e implementos de trabajo que permitan desarrollar un emprendimiento innovador y sustentable.<\/strong><\/li>\n<\/ul>\n<p>El programa emblema del Fondo Solidario de Inversi\u00f3n Social, Fosis, \u2018Yo Emprendo Semillas\u2019 volvi\u00f3 a ser todo un \u00e9xito en la Provincia de San Felipe y en esta ocasi\u00f3n galardon\u00f3 a 197 usuarios que se transformaron en incipientes emprendedores, luego de atravesar por diversas instancias entre julio y diciembre de 2015<br \/>\nEl \u2018Yo emprendo Semillas\u2019 considera a nuevos usuarios, mayores de 18 a\u00f1os, cesantes, desocupados u ocupados precarios, que no han tenido beneficio Fosis en los \u00faltimos 3 a\u00f1os y cuyo emprendimiento se gener\u00f3 a partir de una idea de negocio.<br \/>\nEl objetivo final de estas instancias, es superar estados de pobreza y vulnerabilidad social y la experiencia de Carol Bosco as\u00ed lo refleja. Con m\u00e1s de 10 a\u00f1os trabajando junto a Fosis, Bosco hoy puede jactarse de ser una verdadera microempresaria de la banqueter\u00eda sanfelipe\u00f1a, y seg\u00fan asegur\u00f3 esto se lo debe principalmente a la gente que la ha apoyado en el desarrollo de los diversos programas en los que ha participado.<br \/>\n\u201cActualmente tengo un equipo de 18 personas, trabajamos en matrimonios, bautizos, licenciaturas, cumplea\u00f1os, baby-shower, mi negocio ha mejorado en un 100 % y lo m\u00e1s valorable de todo es que me permiti\u00f3 darle trabajo a mis hijos y a otras personas\u201d, relat\u00f3 Bosco.<br \/>\nEl \u00e9xito que ha logrado en su negocio esta sanfelipe\u00f1a, coincide con los objetivos que se traza el Fosis. Esto de acuerdo a lo narrado por Marcelo Aguilar, director regional del organismo quien asegur\u00f3 que \u201cpara nosotros es muy importante certificar a estas casi 200 personas que lograron terminar todo el proceso que implica este programa, donde hemos podido trabajar con ellas en el tema de emprendimiento, donde hemos comprado los insumos para que concreten una idea de negocio que ten\u00edan y que hoy van a poder concretarlo\u201d, apunt\u00f3<br \/>\nEn ese mismo punto, Aguilar a\u00f1adi\u00f3 que \u201ceste es un programa emblem\u00e1tico de Fosis, ya que ha permitido ayudar en esta l\u00ednea a mucha gente de la provincia y estas personas simbolizan a este trabajo que desarrollamos durante el 2015 y tambi\u00e9n genera el auspicio para que la gente durante el 2016 se sienta con la libertad de poder postular\u201d.<br \/>\nEl personero cont\u00f3 adem\u00e1s cu\u00e1l es el camino a seguir para formar parte de estos proyectos de Fosis, indicando que el primer paso es la inscripci\u00f3n en los municipios, luego contin\u00faa con un proceso de diagn\u00f3stico, despu\u00e9s vienen 15 d\u00edas de capacitaci\u00f3n en diferentes temas: econ\u00f3micos, educaci\u00f3n financiera, c\u00f3mo valorizar la mano de obra, c\u00f3mo trabajar sus insumos, etc. En definitiva crear un plan de trabajo para luego comprar de los insumos y posteriormente realizar un seguimiento. Despu\u00e9s de eso, -dijo Aguilar- la responsabilidad es de los usuarios de \u2018creerse el cuento\u2019 y tener \u00e9xito con sus productos para luego tener la posibilidad de, en unos a\u00f1os m\u00e1s, volver a postular a otra etapa de emprendimiento de Fosis.<br \/>\nAguilar destac\u00f3 finalmente que, en esta oportunidad, los emprendimientos son sumamente innovadores, pues atraviesan desde la alimentaci\u00f3n, artesan\u00eda, trabajo en cuero, hasta gente que cultiva en sus casas. \u201cO sea hay una diversidad de proyectos de muy buen nivel en la provincia, que es muy importante que la gente, el p\u00fablico sepa d\u00f3nde pueden obtenerlos porque es manufactura local, mano de obra chilena y siempre lo chileno, lo sanfelipe\u00f1o es bueno, as\u00ed que yo insto a la gente a elegir todos estos productos de los emprendedores de Fosis que est\u00e1n repartidos en las distintas comunas de la Provincia de San Felipe\u201d, concluy\u00f3 Aguilar<br \/>\nOtra de las beneficiarias de este programa es Ema Bustos, Usuaria proveniente de Panquehue, quien tiene un Kiosco en el Cesfam de esa comuna y seg\u00fan dijo a partir del emprendimiento y de la compra de un cooler para las bebidas pudo incrementar las ventas de su negocio. \u201cEste programa fue todo un logro, me sirvieron mucho las capacitaciones, aprend\u00ed a ahorrar y a saber cu\u00e1l es el costo de las cosas, en cuanto tengo que vender y desde octubre las ventas subieron en un 75%\u201d, dijo.<br \/>\nEl alcalde de la Comuna de Panquehue, Luis Pradenas, describi\u00f3 cu\u00e1l es el perfil de usuarios que privilegia el municipio, asegurando que \u201cnosotros le damos oportunidades a todos, se busca el perfil de la gente que tiene las ganas de salir del estado en que est\u00e1 viviendo\u201d, decret\u00f3, agregando que \u201cyo quiero decir que los programas de Fosis, son parte de una pol\u00edtica de estado que me gusta, que trasciende los gobiernos, felicitar al director regional porque est\u00e1 trabajando con todas las municipalidades y eso es muy importante porque el programa est\u00e1 llegando a toda la comunidad de la Provincia de San Felipe que quiere capacitarse para mejorar su empleabilidad y para tener nuevos emprendimientos y tengan la oportunidad de mejorar su calidad de vida\u201d, finaliz\u00f3.<br \/>\nEste programa adem\u00e1s de capacitar en gesti\u00f3n de negocios y desarrollo de habilidades emprendedoras, otorga un monto de 320 mil pesos para la compra de insumos, herramientas e implementos de trabajo que permitan desarrollar un emprendimiento innovador y sustentable. Las postulaciones 2016, al igual que para otros proyectos de Fosis, comenzar\u00e1n en el mes de marzo y ante cualquier consulta, las personas pueden dirigirse a la oficina de este organismo, la cual atiende los d\u00edas martes y jueves en la Gobernaci\u00f3n Provincial de San Felipe.<\/p>\n<div class=\"tiled-gallery type-rectangular tiled-gallery-unresized\" data-original-width=\"640\" data-carousel-extra='null' itemscope itemtype=\"http:\/\/schema.org\/ImageGallery\" > <div class=\"gallery-row\" style=\"width: 640px; height: 212px;\" data-original-width=\"640\" data-original-height=\"212\" > <div class=\"gallery-group images-1\" style=\"width: 320px; height: 212px;\" data-original-width=\"320\" data-original-height=\"212\" > <div class=\"tiled-gallery-item tiled-gallery-item-large\" itemprop=\"associatedMedia\" itemscope itemtype=\"http:\/\/schema.org\/ImageObject\"> <a href=\"https:\/\/eltrabajo.cl\/portal\/casi-200-nuevos-emprendedores-gracias-al-programa-de-fosis-yo-emprendo-semillas\/foto-5-ema-bustos-certificada\/\" border=\"0\" itemprop=\"url\"> <meta itemprop=\"width\" content=\"316\"> <meta itemprop=\"height\" content=\"208\"> <img decoding=\"async\" class=\"\" data-attachment-id=\"66734\" data-orig-file=\"https:\/\/eltrabajo.cl\/portal\/wp-content\/uploads\/2016\/02\/FOTO-5-EMA-BUSTOS-CERTIFICADA.jpg\" data-orig-size=\"530,348\" data-comments-opened=\"1\" data-image-meta=\"{&quot;aperture&quot;:&quot;0&quot;,&quot;credit&quot;:&quot;&quot;,&quot;camera&quot;:&quot;&quot;,&quot;caption&quot;:&quot;&quot;,&quot;created_timestamp&quot;:&quot;0&quot;,&quot;copyright&quot;:&quot;&quot;,&quot;focal_length&quot;:&quot;0&quot;,&quot;iso&quot;:&quot;0&quot;,&quot;shutter_speed&quot;:&quot;0&quot;,&quot;title&quot;:&quot;&quot;,&quot;orientation&quot;:&quot;0&quot;}\" data-image-title=\"FOTO 5 EMA BUSTOS CERTIFICADA\" data-image-description=\"&lt;p&gt;Ema Bustos, certificada del programa Yo Emprendo Semillas del Fosis, vecina de Panquehue.&lt;\/p&gt; \" data-medium-file=\"https:\/\/i0.wp.com\/eltrabajo.cl\/portal\/wp-content\/uploads\/2016\/02\/FOTO-5-EMA-BUSTOS-CERTIFICADA.jpg?fit=300%2C197&#038;ssl=1\" data-large-file=\"https:\/\/i0.wp.com\/eltrabajo.cl\/portal\/wp-content\/uploads\/2016\/02\/FOTO-5-EMA-BUSTOS-CERTIFICADA.jpg?fit=530%2C348&#038;ssl=1\" src=\"https:\/\/i0.wp.com\/eltrabajo.cl\/portal\/wp-content\/uploads\/2016\/02\/FOTO-5-EMA-BUSTOS-CERTIFICADA.jpg?w=316&#038;h=208&#038;ssl=1\" srcset=\"https:\/\/i0.wp.com\/eltrabajo.cl\/portal\/wp-content\/uploads\/2016\/02\/FOTO-5-EMA-BUSTOS-CERTIFICADA.jpg?w=530&amp;ssl=1 530w, https:\/\/i0.wp.com\/eltrabajo.cl\/portal\/wp-content\/uploads\/2016\/02\/FOTO-5-EMA-BUSTOS-CERTIFICADA.jpg?resize=200%2C131&amp;ssl=1 200w, https:\/\/i0.wp.com\/eltrabajo.cl\/portal\/wp-content\/uploads\/2016\/02\/FOTO-5-EMA-BUSTOS-CERTIFICADA.jpg?resize=300%2C197&amp;ssl=1 300w, https:\/\/i0.wp.com\/eltrabajo.cl\/portal\/wp-content\/uploads\/2016\/02\/FOTO-5-EMA-BUSTOS-CERTIFICADA.jpg?resize=228%2C150&amp;ssl=1 228w, https:\/\/i0.wp.com\/eltrabajo.cl\/portal\/wp-content\/uploads\/2016\/02\/FOTO-5-EMA-BUSTOS-CERTIFICADA.jpg?resize=400%2C263&amp;ssl=1 400w\" width=\"316\" height=\"208\" loading=\"lazy\" data-original-width=\"316\" data-original-height=\"208\" itemprop=\"http:\/\/schema.org\/image\" title=\"FOTO 5 EMA BUSTOS CERTIFICADA\" alt=\"Ema Bustos, certificada del programa Yo Emprendo Semillas del Fosis, vecina de Panquehue.\" style=\"width: 316px; height: 208px;\" \/> <\/a> <div class=\"tiled-gallery-caption\" itemprop=\"caption description\"> Ema Bustos, certificada del programa Yo Emprendo Semillas del Fosis, vecina de Panquehue. <\/div> <\/div> <\/div> <!-- close group --> <div class=\"gallery-group images-1\" style=\"width: 320px; height: 212px;\" data-original-width=\"320\" data-original-height=\"212\" > <div class=\"tiled-gallery-item tiled-gallery-item-large\" itemprop=\"associatedMedia\" itemscope itemtype=\"http:\/\/schema.org\/ImageObject\"> <a href=\"https:\/\/eltrabajo.cl\/portal\/casi-200-nuevos-emprendedores-gracias-al-programa-de-fosis-yo-emprendo-semillas\/foto-6-carol-bosco-certificada\/\" border=\"0\" itemprop=\"url\"> <meta itemprop=\"width\" content=\"316\"> <meta itemprop=\"height\" content=\"208\"> <img decoding=\"async\" class=\"\" data-attachment-id=\"66735\" data-orig-file=\"https:\/\/eltrabajo.cl\/portal\/wp-content\/uploads\/2016\/02\/FOTO-6-CAROL-BOSCO-CERTIFICADA.jpg\" data-orig-size=\"530,349\" data-comments-opened=\"1\" data-image-meta=\"{&quot;aperture&quot;:&quot;0&quot;,&quot;credit&quot;:&quot;&quot;,&quot;camera&quot;:&quot;&quot;,&quot;caption&quot;:&quot;&quot;,&quot;created_timestamp&quot;:&quot;0&quot;,&quot;copyright&quot;:&quot;&quot;,&quot;focal_length&quot;:&quot;0&quot;,&quot;iso&quot;:&quot;0&quot;,&quot;shutter_speed&quot;:&quot;0&quot;,&quot;title&quot;:&quot;&quot;,&quot;orientation&quot;:&quot;0&quot;}\" data-image-title=\"FOTO 6 CAROL BOSCO CERTIFICADA\" data-image-description=\"&lt;p&gt;Carol Bosco, certificada del programa Yo Emprendo Semillas, vecina de San Felipe.&lt;\/p&gt; \" data-medium-file=\"https:\/\/i0.wp.com\/eltrabajo.cl\/portal\/wp-content\/uploads\/2016\/02\/FOTO-6-CAROL-BOSCO-CERTIFICADA.jpg?fit=300%2C198&#038;ssl=1\" data-large-file=\"https:\/\/i0.wp.com\/eltrabajo.cl\/portal\/wp-content\/uploads\/2016\/02\/FOTO-6-CAROL-BOSCO-CERTIFICADA.jpg?fit=530%2C349&#038;ssl=1\" src=\"https:\/\/i0.wp.com\/eltrabajo.cl\/portal\/wp-content\/uploads\/2016\/02\/FOTO-6-CAROL-BOSCO-CERTIFICADA.jpg?w=316&#038;h=208&#038;ssl=1\" srcset=\"https:\/\/i0.wp.com\/eltrabajo.cl\/portal\/wp-content\/uploads\/2016\/02\/FOTO-6-CAROL-BOSCO-CERTIFICADA.jpg?w=530&amp;ssl=1 530w, https:\/\/i0.wp.com\/eltrabajo.cl\/portal\/wp-content\/uploads\/2016\/02\/FOTO-6-CAROL-BOSCO-CERTIFICADA.jpg?resize=200%2C132&amp;ssl=1 200w, https:\/\/i0.wp.com\/eltrabajo.cl\/portal\/wp-content\/uploads\/2016\/02\/FOTO-6-CAROL-BOSCO-CERTIFICADA.jpg?resize=300%2C198&amp;ssl=1 300w, https:\/\/i0.wp.com\/eltrabajo.cl\/portal\/wp-content\/uploads\/2016\/02\/FOTO-6-CAROL-BOSCO-CERTIFICADA.jpg?resize=228%2C150&amp;ssl=1 228w, https:\/\/i0.wp.com\/eltrabajo.cl\/portal\/wp-content\/uploads\/2016\/02\/FOTO-6-CAROL-BOSCO-CERTIFICADA.jpg?resize=400%2C263&amp;ssl=1 400w\" width=\"316\" height=\"208\" loading=\"lazy\" data-original-width=\"316\" data-original-height=\"208\" itemprop=\"http:\/\/schema.org\/image\" title=\"FOTO 6 CAROL BOSCO CERTIFICADA\" alt=\"Carol Bosco, certificada del programa Yo Emprendo Semillas, vecina de San Felipe.\" style=\"width: 316px; height: 208px;\" \/> <\/a> <div class=\"tiled-gallery-caption\" itemprop=\"caption description\"> Carol Bosco, certificada del programa Yo Emprendo Semillas, vecina de San Felipe. <\/div> <\/div> <\/div> <!-- close group --> <\/div> <!-- close row --> <\/div>\n","protected":false},"excerpt":{"rendered":"<p>Este programa adem\u00e1s de capacitar en gesti\u00f3n de negocios y desarrollo de habilidades emprendedoras, otorga un monto de 320 mil pesos para la compra de insumos, herramientas e implementos de trabajo que&#8230;<\/p>\n","protected":false},"author":482,"featured_media":66733,"comment_status":"open","ping_status":"open","sticky":false,"template":"","format":"standard","meta":{"advanced_seo_description":"","jetpack_seo_html_title":"","jetpack_seo_noindex":false,"_jetpack_memberships_contains_paid_content":false,"footnotes":""},"categories":[15],"tags":[],"class_list":["post-66732","post","type-post","status-publish","format-standard","has-post-thumbnail","hentry","category-comunidad"],"jetpack_featured_media_url":"https:\/\/i0.wp.com\/eltrabajo.cl\/portal\/wp-content\/uploads\/2016\/02\/FOTO-7-EN-LA-CAMARA-DE-COMERCIO-DE-SAN-FELIPE.jpg?fit=530%2C350&ssl=1","jetpack_sharing_enabled":true,"jetpack_likes_enabled":true,"jetpack-related-posts":[],"_links":{"self":[{"href":"https:\/\/eltrabajo.cl\/portal\/wp-json\/wp\/v2\/posts\/66732","targetHints":{"allow":["GET"]}}],"collection":[{"href":"https:\/\/eltrabajo.cl\/portal\/wp-json\/wp\/v2\/posts"}],"about":[{"href":"https:\/\/eltrabajo.cl\/portal\/wp-json\/wp\/v2\/types\/post"}],"author":[{"embeddable":true,"href":"https:\/\/eltrabajo.cl\/portal\/wp-json\/wp\/v2\/users\/482"}],"replies":[{"embeddable":true,"href":"https:\/\/eltrabajo.cl\/portal\/wp-json\/wp\/v2\/comments?post=66732"}],"version-history":[{"count":0,"href":"https:\/\/eltrabajo.cl\/portal\/wp-json\/wp\/v2\/posts\/66732\/revisions"}],"wp:featuredmedia":[{"embeddable":true,"href":"https:\/\/eltrabajo.cl\/portal\/wp-json\/wp\/v2\/media\/66733"}],"wp:attachment":[{"href":"https:\/\/eltrabajo.cl\/portal\/wp-json\/wp\/v2\/media?parent=66732"}],"wp:term":[{"taxonomy":"category","embeddable":true,"href":"https:\/\/eltrabajo.cl\/portal\/wp-json\/wp\/v2\/categories?post=66732"},{"taxonomy":"post_tag","embeddable":true,"href":"https:\/\/eltrabajo.cl\/portal\/wp-json\/wp\/v2\/tags?post=66732"}],"curies":[{"name":"wp","href":"https:\/\/api.w.org\/{rel}","templated":true}]}}