{"id":66737,"date":"2016-02-12T09:52:21","date_gmt":"2016-02-12T12:52:21","guid":{"rendered":"http:\/\/www.eltrabajo.cl\/portal\/?p=66737"},"modified":"2016-02-12T09:52:21","modified_gmt":"2016-02-12T12:52:21","slug":"marcelo-jara-cumple-su-sueno-y-nace-radio-lider-de-aconcagua","status":"publish","type":"post","link":"https:\/\/eltrabajo.cl\/portal\/marcelo-jara-cumple-su-sueno-y-nace-radio-lider-de-aconcagua\/","title":{"rendered":"Marcelo Jara cumple su sue\u00f1o y nace Radio L\u00edder de Aconcagua"},"content":{"rendered":"<figure id=\"attachment_66738\" aria-describedby=\"caption-attachment-66738\" style=\"width: 300px\" class=\"wp-caption alignleft\"><img data-recalc-dims=\"1\" loading=\"lazy\" decoding=\"async\" class=\"wp-image-66738 size-medium\" src=\"https:\/\/i0.wp.com\/www.eltrabajo.cl\/portal\/wp-content\/uploads\/2016\/02\/Portada-300x198.jpg?resize=300%2C198\" alt=\"L\u00cdDER AL AIRE.- Ellos son los profesionales que lidera Marcelo Jara Olivares en Radio L\u00edder 95.1 FM, la nueva radioemisora sanfelipe\u00f1a que desde ayer temprano impact\u00f3 la frecuencia modulada en todo el Valle de Aconcagua. El experimentado comunicador fue felicitado por sus nuevos auditores y autoridades de nuestra comuna. (Foto Roberto Gonz\u00e1lez Short)\" width=\"300\" height=\"198\" srcset=\"https:\/\/i0.wp.com\/eltrabajo.cl\/portal\/wp-content\/uploads\/2016\/02\/Portada.jpg?resize=300%2C198&amp;ssl=1 300w, https:\/\/i0.wp.com\/eltrabajo.cl\/portal\/wp-content\/uploads\/2016\/02\/Portada.jpg?resize=200%2C132&amp;ssl=1 200w, https:\/\/i0.wp.com\/eltrabajo.cl\/portal\/wp-content\/uploads\/2016\/02\/Portada.jpg?resize=227%2C150&amp;ssl=1 227w, https:\/\/i0.wp.com\/eltrabajo.cl\/portal\/wp-content\/uploads\/2016\/02\/Portada.jpg?resize=400%2C264&amp;ssl=1 400w, https:\/\/i0.wp.com\/eltrabajo.cl\/portal\/wp-content\/uploads\/2016\/02\/Portada.jpg?w=530&amp;ssl=1 530w\" sizes=\"auto, (max-width: 300px) 100vw, 300px\" \/><figcaption id=\"caption-attachment-66738\" class=\"wp-caption-text\">L\u00cdDER AL AIRE.- Ellos son los profesionales que lidera Marcelo Jara Olivares en Radio L\u00edder 95.1 FM, la nueva radioemisora sanfelipe\u00f1a que desde ayer temprano impact\u00f3 la frecuencia modulada en todo el Valle de Aconcagua. El experimentado comunicador fue felicitado por sus nuevos auditores y autoridades de nuestra comuna. (Foto Roberto Gonz\u00e1lez Short)<\/figcaption><\/figure>\n<p>El cumplimiento del sue\u00f1o acariciado durante 28 a\u00f1os por el connotado hombre de radio, Marcelo Jara Olivares, es el que se hizo patente la ma\u00f1ana de ayer jueves en Portus 219 cuando \u00e9l y su equipo de colegas dieron el \u2018vamos\u2019 y lanzaron Al Aire la nueva radioemisora sanfelipe\u00f1a Radio L\u00edder 95.1 FM.<br \/>\nR\u00e1pidamente miles de auditores radiales en todo el Valle de Aconcagua sintonizaron la frecuencia para conocer en primera persona la nueva propuesta, en donde varias autoridades provinciales de nuestro valle fueron entrevistados ampliamente por la parrilla de profesionales tras los micr\u00f3fonos.<\/p>\n<p><strong>UNA GRAN SORPRESA<\/strong><br \/>\nTodos los presentes, y tambi\u00e9n por v\u00eda telef\u00f3nica, expresaron su complacencia y felicitaron a Jara por tan colosal propuesta que en muchos de los casos, tom\u00f3 por sorpresa a m\u00e1s de una persona.<br \/>\n<strong>&#8211; \u00bfC\u00f3mo es que ahora eres el gerente general y director de una radioemisora?<\/strong><br \/>\n<strong>&#8211;<\/strong> Estoy iniciando esta traves\u00eda con un gran equipo humano y t\u00e9cnico, profesionales de mucha trayectoria y amplia experiencia en Radio. Nuestro slogan es \u2018L\u00edder Radio, sabe qu\u00e9 pasa\u2019.<br \/>\n<strong>&#8211; \u00bfQu\u00e9 programaci\u00f3n est\u00e1n saliendo Al Aire?<\/strong><br \/>\n<strong>&#8211;<\/strong> A las 07:00 horas partimos con Las Noticias; a las 08:00 horas El Conversatorio; sigue El Explorador a las 10:00 horas, en donde se comentar\u00e1 todo el acontecer nacional y regional; a las 12:30 horas nuevamente Las Noticias; ya a las 14:00 horas tenemos la primera edici\u00f3n de L\u00edder Deportes, con todo el acontecer deportivo del valle y del pa\u00eds; a las 15:00 horas El Descubridor, tertulia y noticias; a las 18:00 horas m\u00e1s noticias; media hora despu\u00e9s de nuevo El Conversatorio, para cerrar con la segunda edici\u00f3n de L\u00edder Deportes.<br \/>\n<strong>&#8211; \u00bfQui\u00e9nes conducir\u00e1n estos programas?<\/strong><br \/>\n<strong>&#8211;<\/strong> En las Noticias estar\u00e1 Cristian \u00c1vila al frente; en El Conversatorio estaremos Claudio Villar, Luis Henr\u00edquez y mi persona; en Deportes Daniel Alarc\u00f3n, Pedro Canihuante y Carola Jara; Flavia Vera tendr\u00e1 a cargo de El Descubridor, mientras que Cristian \u00c1vila se incorporar\u00e1 a Deportes tambi\u00e9n.<br \/>\n<strong>&#8211; \u00bfCaracter\u00edsticas de su propuesta?<\/strong><br \/>\n<strong>&#8211;<\/strong> Hay una fuerte inversi\u00f3n; somos ocho personas y Crist\u00f3bal Sep\u00falveda en el Control M\u00e1ster, quienes tenemos a cargo este desaf\u00edo comunicacional. Esperamos que podamos ser de mucha utilidad para todas las diez comunas de Aconcagua, ya que nuestra se\u00f1al es potente y se escucha en todo el valle. Estamos capacitados para llegar a consolidarnos como la mejor opci\u00f3n en Radio en poco tiempo.<br \/>\nDiario El Trabajo habl\u00f3 con Patricio Gonz\u00e1lez, administrador municipal, sobre esta nueva radioemisora, \u00aben lo personal muy contento de ver a Marcelo Jara cumplir su sue\u00f1o; \u00e9l lleva muchos a\u00f1os en Radio, \u00e9l es muy juicioso y constructivo, creo que esos deben ser los pilares de esta nueva radio y la de su equipo de trabajo, le deseo much\u00edsima suerte. Agradezco como funcionario municipal este servicio para toda la comunidad\u00bb, coment\u00f3 Gonz\u00e1lez.<br \/>\nBromas, aplausos, selfies para las redes sociales y muchos abrazos para el l\u00edder de Radio L\u00edder, es lo que se vivi\u00f3 al calor de este nuevo bloque informativo para todo el Valle de Aconcagua. Quienes laboramos en Diario El Trabajo tambi\u00e9n felicitamos p\u00fablicamente a Marcelo Jara que decidi\u00f3 enfrentar con hidalgu\u00eda y tenacidad este desaf\u00edo.<br \/>\n<strong>Roberto Gonz\u00e1lez Short<\/strong><br \/>\n<strong>rgonzalez@eltrabajo.cl<\/strong><\/p>\n","protected":false},"excerpt":{"rendered":"<p>El cumplimiento del sue\u00f1o acariciado durante 28 a\u00f1os por el connotado hombre de radio, Marcelo Jara Olivares, es el que se hizo patente la ma\u00f1ana de ayer jueves en Portus 219 cuando&#8230;<\/p>\n","protected":false},"author":482,"featured_media":66738,"comment_status":"open","ping_status":"open","sticky":false,"template":"","format":"standard","meta":{"advanced_seo_description":"","jetpack_seo_html_title":"","jetpack_seo_noindex":false,"_jetpack_memberships_contains_paid_content":false,"footnotes":""},"categories":[15],"tags":[],"class_list":["post-66737","post","type-post","status-publish","format-standard","has-post-thumbnail","hentry","category-comunidad"],"jetpack_featured_media_url":"https:\/\/i0.wp.com\/eltrabajo.cl\/portal\/wp-content\/uploads\/2016\/02\/Portada.jpg?fit=530%2C350&ssl=1","jetpack_sharing_enabled":true,"jetpack_likes_enabled":true,"jetpack-related-posts":[],"_links":{"self":[{"href":"https:\/\/eltrabajo.cl\/portal\/wp-json\/wp\/v2\/posts\/66737","targetHints":{"allow":["GET"]}}],"collection":[{"href":"https:\/\/eltrabajo.cl\/portal\/wp-json\/wp\/v2\/posts"}],"about":[{"href":"https:\/\/eltrabajo.cl\/portal\/wp-json\/wp\/v2\/types\/post"}],"author":[{"embeddable":true,"href":"https:\/\/eltrabajo.cl\/portal\/wp-json\/wp\/v2\/users\/482"}],"replies":[{"embeddable":true,"href":"https:\/\/eltrabajo.cl\/portal\/wp-json\/wp\/v2\/comments?post=66737"}],"version-history":[{"count":0,"href":"https:\/\/eltrabajo.cl\/portal\/wp-json\/wp\/v2\/posts\/66737\/revisions"}],"wp:featuredmedia":[{"embeddable":true,"href":"https:\/\/eltrabajo.cl\/portal\/wp-json\/wp\/v2\/media\/66738"}],"wp:attachment":[{"href":"https:\/\/eltrabajo.cl\/portal\/wp-json\/wp\/v2\/media?parent=66737"}],"wp:term":[{"taxonomy":"category","embeddable":true,"href":"https:\/\/eltrabajo.cl\/portal\/wp-json\/wp\/v2\/categories?post=66737"},{"taxonomy":"post_tag","embeddable":true,"href":"https:\/\/eltrabajo.cl\/portal\/wp-json\/wp\/v2\/tags?post=66737"}],"curies":[{"name":"wp","href":"https:\/\/api.w.org\/{rel}","templated":true}]}}