{"id":66740,"date":"2016-02-12T09:54:52","date_gmt":"2016-02-12T12:54:52","guid":{"rendered":"http:\/\/www.eltrabajo.cl\/portal\/?p=66740"},"modified":"2016-02-12T09:54:52","modified_gmt":"2016-02-12T12:54:52","slug":"san-felipe-tendra-presentaciones-de-slackline-durante-todo-este-fin-de-semana","status":"publish","type":"post","link":"https:\/\/eltrabajo.cl\/portal\/san-felipe-tendra-presentaciones-de-slackline-durante-todo-este-fin-de-semana\/","title":{"rendered":"San Felipe tendr\u00e1 presentaciones de Slackline durante todo este fin de semana"},"content":{"rendered":"<p><img data-recalc-dims=\"1\" loading=\"lazy\" decoding=\"async\" class=\"alignleft wp-image-66741 size-medium\" src=\"https:\/\/i0.wp.com\/www.eltrabajo.cl\/portal\/wp-content\/uploads\/2016\/02\/waterline-3-300x199.jpg?resize=300%2C199\" alt=\"El domingo 14 se realizar\u00e1 una exhibici\u00f3n de \u2018waterline\u2019 en la piscina semiol\u00edmpica del estadio fiscal entre las 09:30 y las 14:30 horas.El domingo 14 se realizar\u00e1 una exhibici\u00f3n de \u2018waterline\u2019 en la piscina semiol\u00edmpica del estadio fiscal entre las 09:30 y las 14:30 horas.\" width=\"300\" height=\"199\" srcset=\"https:\/\/i0.wp.com\/eltrabajo.cl\/portal\/wp-content\/uploads\/2016\/02\/waterline-3.jpg?resize=300%2C199&amp;ssl=1 300w, https:\/\/i0.wp.com\/eltrabajo.cl\/portal\/wp-content\/uploads\/2016\/02\/waterline-3.jpg?resize=200%2C133&amp;ssl=1 200w, https:\/\/i0.wp.com\/eltrabajo.cl\/portal\/wp-content\/uploads\/2016\/02\/waterline-3.jpg?resize=226%2C150&amp;ssl=1 226w, https:\/\/i0.wp.com\/eltrabajo.cl\/portal\/wp-content\/uploads\/2016\/02\/waterline-3.jpg?resize=400%2C265&amp;ssl=1 400w, https:\/\/i0.wp.com\/eltrabajo.cl\/portal\/wp-content\/uploads\/2016\/02\/waterline-3.jpg?w=528&amp;ssl=1 528w\" sizes=\"auto, (max-width: 300px) 100vw, 300px\" \/><\/p>\n<ul>\n<li><strong>Cumpliendo el compromiso del alcalde Patricio Freire por potenciar y diversificar el deporte en la comuna, durante el 2016 se espera contar con un taller municipal de slackline y formar, oficialmente, un club deportivo de esta especialida<\/strong>d.<\/li>\n<\/ul>\n<p>Este s\u00e1bado 13 y el domingo 14 de febrero San Felipe se convertir\u00e1 en el epicentro del slackline, debido a que por primera vez en la comuna se realizar\u00e1 el Torneo \u2018Sunnyline\u2019 y que reunir\u00e1 a exponentes de diferentes partes del pa\u00eds.<br \/>\nEl evento es organizado por el Departamento de Deportes y Actividad F\u00edsica de la Municipalidad de San Felipe y la agrupaci\u00f3n local de slackline \u2018Sanfeline\u2019 y se suma a las actividades que el municipio, a trav\u00e9s de la gesti\u00f3n del alcalde Patricio Freire, ofrece a la comunidad durante este verano 2016 y que, adem\u00e1s, tiene como objetivo incentivar el conocimiento y pr\u00e1ctica de deportes menos conocidos.<\/p>\n<figure id=\"attachment_66742\" aria-describedby=\"caption-attachment-66742\" style=\"width: 300px\" class=\"wp-caption alignright\"><img data-recalc-dims=\"1\" loading=\"lazy\" decoding=\"async\" class=\"wp-image-66742 size-medium\" src=\"https:\/\/i0.wp.com\/www.eltrabajo.cl\/portal\/wp-content\/uploads\/2016\/02\/slackline-4-300x197.jpg?resize=300%2C197\" alt=\"El d\u00eda s\u00e1bado 13 en la Plaza C\u00edvica de San Felipe se realizar\u00e1 el torneo \u2018Sunnyline\u2019 que convocar\u00e1 a exponentes de esta disciplina de diversas partes del pa\u00eds.\" width=\"300\" height=\"197\" srcset=\"https:\/\/i0.wp.com\/eltrabajo.cl\/portal\/wp-content\/uploads\/2016\/02\/slackline-4.jpg?resize=300%2C197&amp;ssl=1 300w, https:\/\/i0.wp.com\/eltrabajo.cl\/portal\/wp-content\/uploads\/2016\/02\/slackline-4.jpg?resize=200%2C131&amp;ssl=1 200w, https:\/\/i0.wp.com\/eltrabajo.cl\/portal\/wp-content\/uploads\/2016\/02\/slackline-4.jpg?resize=228%2C150&amp;ssl=1 228w, https:\/\/i0.wp.com\/eltrabajo.cl\/portal\/wp-content\/uploads\/2016\/02\/slackline-4.jpg?resize=400%2C263&amp;ssl=1 400w, https:\/\/i0.wp.com\/eltrabajo.cl\/portal\/wp-content\/uploads\/2016\/02\/slackline-4.jpg?w=530&amp;ssl=1 530w\" sizes=\"auto, (max-width: 300px) 100vw, 300px\" \/><figcaption id=\"caption-attachment-66742\" class=\"wp-caption-text\">El d\u00eda s\u00e1bado 13 en la Plaza C\u00edvica de San Felipe se realizar\u00e1 el torneo \u2018Sunnyline\u2019 que convocar\u00e1 a exponentes de esta disciplina de diversas partes del pa\u00eds.<\/figcaption><\/figure>\n<p>El torneo comienza este viernes con la recepci\u00f3n y bienvenida de los deportistas, instancia en la cual se realizar\u00e1 una reuni\u00f3n t\u00e9cnica para explicar el desarrollo del torneo, responder consultas t\u00e9cnicas y cerrar el proceso de inscripci\u00f3n.<br \/>\nEn tanto, el s\u00e1bado 13, a partir de las 9:30 horas en la Plaza C\u00edvica de San Felipe, se desarrollar\u00e1 el torneo, comenzando con la etapa clasificatoria de las categor\u00edas amateur, experto y profesional; dejando los duelos de las finales para el t\u00e9rmino de la jornada, tras lo cual tendr\u00e1 lugar la ceremonia de premiaci\u00f3n.<br \/>\nMientras que el domingo 14 se termina el fin de semana deportivo con una exhibici\u00f3n de \u2018waterline\u2019 (slack sobre el agua), la cual se realizar\u00e1 en la piscina semiol\u00edmpica del estadio fiscal entre las 09:30 y las 14:30 horas.<br \/>\nEl alcalde Patricio Freire destac\u00f3 la realizaci\u00f3n de esta actividad, se\u00f1alando que \u201cestamos enfocados en que todos los vecinos de San Felipe puedan practicar deporte y es as\u00ed que durante todo el a\u00f1o hemos desarrollado distintos torneos en las distintas disciplinas. Ahora tambi\u00e9n queremos que los vecinos conozcan este deporte y puedan comenzar a practicarlo y qu\u00e9 mejor que realizar un torneo con representantes de distintas ciudades, todos de un muy buen nivel\u201d, dijo la autoridad comunal.<br \/>\nLa entrada para el p\u00fablico asistente, tanto el s\u00e1bado como el domingo, ser\u00e1 totalmente gratuita.<\/p>\n","protected":false},"excerpt":{"rendered":"<p>Cumpliendo el compromiso del alcalde Patricio Freire por potenciar y diversificar el deporte en la comuna, durante el 2016 se espera contar con un taller municipal de slackline y formar, oficialmente, un&#8230;<\/p>\n","protected":false},"author":482,"featured_media":66741,"comment_status":"open","ping_status":"open","sticky":false,"template":"","format":"standard","meta":{"advanced_seo_description":"","jetpack_seo_html_title":"","jetpack_seo_noindex":false,"_jetpack_memberships_contains_paid_content":false,"footnotes":""},"categories":[15],"tags":[],"class_list":["post-66740","post","type-post","status-publish","format-standard","has-post-thumbnail","hentry","category-comunidad"],"jetpack_featured_media_url":"https:\/\/i0.wp.com\/eltrabajo.cl\/portal\/wp-content\/uploads\/2016\/02\/waterline-3.jpg?fit=528%2C350&ssl=1","jetpack_sharing_enabled":true,"jetpack_likes_enabled":true,"jetpack-related-posts":[],"_links":{"self":[{"href":"https:\/\/eltrabajo.cl\/portal\/wp-json\/wp\/v2\/posts\/66740","targetHints":{"allow":["GET"]}}],"collection":[{"href":"https:\/\/eltrabajo.cl\/portal\/wp-json\/wp\/v2\/posts"}],"about":[{"href":"https:\/\/eltrabajo.cl\/portal\/wp-json\/wp\/v2\/types\/post"}],"author":[{"embeddable":true,"href":"https:\/\/eltrabajo.cl\/portal\/wp-json\/wp\/v2\/users\/482"}],"replies":[{"embeddable":true,"href":"https:\/\/eltrabajo.cl\/portal\/wp-json\/wp\/v2\/comments?post=66740"}],"version-history":[{"count":0,"href":"https:\/\/eltrabajo.cl\/portal\/wp-json\/wp\/v2\/posts\/66740\/revisions"}],"wp:featuredmedia":[{"embeddable":true,"href":"https:\/\/eltrabajo.cl\/portal\/wp-json\/wp\/v2\/media\/66741"}],"wp:attachment":[{"href":"https:\/\/eltrabajo.cl\/portal\/wp-json\/wp\/v2\/media?parent=66740"}],"wp:term":[{"taxonomy":"category","embeddable":true,"href":"https:\/\/eltrabajo.cl\/portal\/wp-json\/wp\/v2\/categories?post=66740"},{"taxonomy":"post_tag","embeddable":true,"href":"https:\/\/eltrabajo.cl\/portal\/wp-json\/wp\/v2\/tags?post=66740"}],"curies":[{"name":"wp","href":"https:\/\/api.w.org\/{rel}","templated":true}]}}