{"id":66745,"date":"2016-02-12T09:59:26","date_gmt":"2016-02-12T12:59:26","guid":{"rendered":"http:\/\/www.eltrabajo.cl\/portal\/?p=66745"},"modified":"2016-02-12T09:59:26","modified_gmt":"2016-02-12T12:59:26","slug":"programa-yo-trabajo-del-fosis-certifico-a-40-jovenes-de-aconcagua","status":"publish","type":"post","link":"https:\/\/eltrabajo.cl\/portal\/programa-yo-trabajo-del-fosis-certifico-a-40-jovenes-de-aconcagua\/","title":{"rendered":"Programa Yo Trabajo del Fosis certific\u00f3 a 40 j\u00f3venes de Aconcagua"},"content":{"rendered":"<figure id=\"attachment_66746\" aria-describedby=\"caption-attachment-66746\" style=\"width: 300px\" class=\"wp-caption alignleft\"><img data-recalc-dims=\"1\" loading=\"lazy\" decoding=\"async\" class=\"wp-image-66746 size-medium\" src=\"https:\/\/i0.wp.com\/www.eltrabajo.cl\/portal\/wp-content\/uploads\/2016\/02\/FOTO-4-ESTAS-SON-PARTE-DE-LAS-USUARIAS-QUE-SE-300x199.jpg?resize=300%2C199\" alt=\"Estas son parte de las usuarias que se certificaron del programa de Fosis Yo Trabajo J\u00f3venes.\" width=\"300\" height=\"199\" srcset=\"https:\/\/i0.wp.com\/eltrabajo.cl\/portal\/wp-content\/uploads\/2016\/02\/FOTO-4-ESTAS-SON-PARTE-DE-LAS-USUARIAS-QUE-SE.jpg?resize=300%2C199&amp;ssl=1 300w, https:\/\/i0.wp.com\/eltrabajo.cl\/portal\/wp-content\/uploads\/2016\/02\/FOTO-4-ESTAS-SON-PARTE-DE-LAS-USUARIAS-QUE-SE.jpg?resize=200%2C133&amp;ssl=1 200w, https:\/\/i0.wp.com\/eltrabajo.cl\/portal\/wp-content\/uploads\/2016\/02\/FOTO-4-ESTAS-SON-PARTE-DE-LAS-USUARIAS-QUE-SE.jpg?resize=226%2C150&amp;ssl=1 226w, https:\/\/i0.wp.com\/eltrabajo.cl\/portal\/wp-content\/uploads\/2016\/02\/FOTO-4-ESTAS-SON-PARTE-DE-LAS-USUARIAS-QUE-SE.jpg?resize=400%2C265&amp;ssl=1 400w, https:\/\/i0.wp.com\/eltrabajo.cl\/portal\/wp-content\/uploads\/2016\/02\/FOTO-4-ESTAS-SON-PARTE-DE-LAS-USUARIAS-QUE-SE.jpg?w=528&amp;ssl=1 528w\" sizes=\"auto, (max-width: 300px) 100vw, 300px\" \/><figcaption id=\"caption-attachment-66746\" class=\"wp-caption-text\">Estas son parte de las usuarias que se certificaron del programa de Fosis Yo Trabajo J\u00f3venes.<\/figcaption><\/figure>\n<ul>\n<li><strong>Beneficiarios son vecinos de las comunas de Los Andes, Rinconada, Putaendo, Panquehue, Catemu, Llay-Llay y San Felipe.<\/strong><\/li>\n<\/ul>\n<p>\u201cEn el momento que postul\u00e9 a estos talleres no ten\u00eda trabajo, despu\u00e9s encontr\u00e9 algo como promotora y gracias a esta programa pude sacar mi licencia de conducir, asum\u00ed m\u00e1s responsabilidades y ahora ya no soy promotora, pas\u00e9 a ser encargada de difusi\u00f3n en mi trabajo, \u00f3sea me hizo crecer en mi \u00e1mbito laboral\u201d. De esta manera, la panquehuina de 21 a\u00f1os, Yaritza Paredes \u00c1vila, describi\u00f3 cu\u00e1l fue el aporte del programa que impulsa el Fondo de Solidaridad e Inversi\u00f3n, Fosis, denominado \u2018Yo Trabajo J\u00f3venes\u2019, el cual fue ejecutado por la empresa SurQuinta Consultores Ltda. y que benefici\u00f3 a 40 usuarios de diversas comunas del Valle de Aconcagua.<br \/>\nEn la ceremonia de certificaci\u00f3n que se efectu\u00f3 ayer, los adolescentes se mostraron felices de poder formar parte de esta instancia de emprendimiento, ya que, tal como enunci\u00f3 la joven Paredes \u201cen lo que mayormente me ayud\u00f3 el programa fue en el tema de las entrevistas de trabajo, porque me dieron las herramientas b\u00e1sicas para enfrentarme a ese momento y as\u00ed poder encontrar un trabajo; me ense\u00f1aron desde c\u00f3mo tengo que sentarme, c\u00f3mo saludar, c\u00f3mo vestirme, todos ese tipo de habilidades sociales que uno tiene que ir incorporando porque siempre los empleadores piden experiencia y si uno es joven y no la tiene debe tratar de entrar por buena presentaci\u00f3n\u201d, expuso.<br \/>\nEl Programa \u2018Yo Trabajo\u2019, estuvo dirigido a hombres y mujeres de 17 a 29 a\u00f1os, que se encontraran sin empleo, tengan un trabajo precario y\/o estuvieran buscando insertarse al mundo laboral dependiente y sus capacitaciones estuvieron enfocadas principalmente a preparar los aspectos que se necesitan para desarrollar la b\u00fasqueda de trabajo.<br \/>\nAs\u00ed lo manifest\u00f3 el Director Regional de Fosis, Marcelo Aguilar, quien afirm\u00f3 que \u201cpara nosotros es muy importante poder generar y mantener programas como este puesto que permite a trav\u00e9s de un trabajo sostenido, relevar y apoyar a los j\u00f3venes en creer mucho m\u00e1s en ellos mismo, fortalecer sus habilidades blandas y en general c\u00f3mo enfrentar el medio laboral\u201d, sostuvo.<br \/>\nDe la misma forma, Aguilar agreg\u00f3 que adem\u00e1s de los cursos y capacitaciones, Fosis les entrega un aporte econ\u00f3mico a cada uno de estos adolescentes con el fin de que puedan comprar alg\u00fan producto que les permita iniciar un emprendimiento individual.<br \/>\nImportante consignar que en un alto porcentaje este programa fue ocupado por mujeres de la zona, pues seg\u00fan Aguilar \u201cdel 100 % de los beneficiarios de Fosis, un 85 % son mujeres que emprenden, que se dedican a trabajar en el emprendimiento, eso habla que ellas creen en estos proyectos y en mejorar el ingreso de sus familias y eso nos permite tener programas que est\u00e9n orientados hacia la mujer, como el cuidado infantil, por ejemplo, porque sabemos que a las due\u00f1as de casa es un tema que les complica demasiado\u201d, destac\u00f3.<br \/>\nFue precisamente una de las usuarias certificadas, B\u00e9lgica Reyes Pinto de 25 a\u00f1os, vecina del sector de la Higuera, de la comuna de Santa Mar\u00eda quien se refiri\u00f3 al punto anterior, argumentando que \u201ca m\u00ed me costaba mucho encontrar un trabajo estable, trabajaba s\u00f3lo en temporadas y yo soy mam\u00e1 soltera, necesito tener una estabilidad para mi hijo, opt\u00e9 a esto y fue lo m\u00e1s bello que pude haber vivido, ya que aprend\u00ed a crecer como persona, mi ego subi\u00f3, sent\u00ed que pod\u00eda ser algo m\u00e1s que una temporera que optaba s\u00f3lo a cosas r\u00e1pidas que muchas veces no son bien pagadas. En definitiva lograron que yo me creyera el cuento\u201d, enfatiz\u00f3.<br \/>\nB\u00e9lgica, adem\u00e1s de tener un reto\u00f1o, debe lidiar con una enfermedad que a su madre la mantiene postrada, de all\u00ed que, decidiera dejar atr\u00e1s los trabajos dependientes de temporada como partir nueces o trabajar en packing y desde ahora dedicarse al desarrollo de un invernadero donde podr\u00e1 cultivar sus propias verduras y venderlas en el sector donde reside, generando as\u00ed un ingreso constante a su familia.<br \/>\nFosis tiene como misi\u00f3n liderar estrategias de superaci\u00f3n de la pobreza y vulnerabilidad de personas, familias y comunidades, contribuyendo a disminuir las desigualdades de manera innovadora y participativa. En este caso, las usuarias accedieron a un subsidio de 170 mil pesos, m\u00e1s un monto para movilizaci\u00f3n y colaciones, destinado al apoyo de un Plan de Inserci\u00f3n Laboral, definido en los talleres de capacitaci\u00f3n.<br \/>\nMarcelo Aguilar, valor\u00f3 el trabajo mancomunado que realizan con los municipios de las distintas comunas del Valle de Aconcagua y adujo que dependiendo de la realidad que vive cada una, son los recursos que se destinan para desarrollar nuevas iniciativas.<br \/>\nFinalmente, el personero advirti\u00f3 que las postulaciones a los proyectos Fosis 2016 comenzar\u00e1n a contar de la segunda quincena del mes de marzo, destacando que San Felipe es una de las Provincias con mayor cantidad de postulaciones a los diversos programas que se ejecutan cada a\u00f1o.<\/p>\n<div class=\"tiled-gallery type-rectangular tiled-gallery-unresized\" data-original-width=\"640\" data-carousel-extra='null' itemscope itemtype=\"http:\/\/schema.org\/ImageGallery\" > <div class=\"gallery-row\" style=\"width: 640px; height: 282px;\" data-original-width=\"640\" data-original-height=\"282\" > <div class=\"gallery-group images-1\" style=\"width: 428px; height: 282px;\" data-original-width=\"428\" data-original-height=\"282\" > <div class=\"tiled-gallery-item tiled-gallery-item-large\" itemprop=\"associatedMedia\" itemscope itemtype=\"http:\/\/schema.org\/ImageObject\"> <a href=\"https:\/\/eltrabajo.cl\/portal\/programa-yo-trabajo-del-fosis-certifico-a-40-jovenes-de-aconcagua\/foto-1-marcelo-aguilar-directore-regional-de-fosis-valparaiso\/\" border=\"0\" itemprop=\"url\"> <meta itemprop=\"width\" content=\"424\"> <meta itemprop=\"height\" content=\"278\"> <img decoding=\"async\" class=\"\" data-attachment-id=\"66747\" data-orig-file=\"https:\/\/eltrabajo.cl\/portal\/wp-content\/uploads\/2016\/02\/FOTO-1-MARCELO-AGUILAR-DIRECTORE-REGIONAL-DE-FOSIS-VALPARAISO.jpg\" data-orig-size=\"530,348\" data-comments-opened=\"1\" data-image-meta=\"{&quot;aperture&quot;:&quot;0&quot;,&quot;credit&quot;:&quot;&quot;,&quot;camera&quot;:&quot;&quot;,&quot;caption&quot;:&quot;&quot;,&quot;created_timestamp&quot;:&quot;0&quot;,&quot;copyright&quot;:&quot;&quot;,&quot;focal_length&quot;:&quot;0&quot;,&quot;iso&quot;:&quot;0&quot;,&quot;shutter_speed&quot;:&quot;0&quot;,&quot;title&quot;:&quot;&quot;,&quot;orientation&quot;:&quot;0&quot;}\" data-image-title=\"FOTO 1 MARCELO AGUILAR DIRECTORE REGIONAL DE FOSIS VALPARAISO\" data-image-description=\"&lt;p&gt;Marcelo Aguilar, director regional de Fosis Valpara\u00edso.&lt;\/p&gt; \" data-medium-file=\"https:\/\/i0.wp.com\/eltrabajo.cl\/portal\/wp-content\/uploads\/2016\/02\/FOTO-1-MARCELO-AGUILAR-DIRECTORE-REGIONAL-DE-FOSIS-VALPARAISO.jpg?fit=300%2C197&#038;ssl=1\" data-large-file=\"https:\/\/i0.wp.com\/eltrabajo.cl\/portal\/wp-content\/uploads\/2016\/02\/FOTO-1-MARCELO-AGUILAR-DIRECTORE-REGIONAL-DE-FOSIS-VALPARAISO.jpg?fit=530%2C348&#038;ssl=1\" src=\"https:\/\/i0.wp.com\/eltrabajo.cl\/portal\/wp-content\/uploads\/2016\/02\/FOTO-1-MARCELO-AGUILAR-DIRECTORE-REGIONAL-DE-FOSIS-VALPARAISO.jpg?w=424&#038;h=278&#038;ssl=1\" srcset=\"https:\/\/i0.wp.com\/eltrabajo.cl\/portal\/wp-content\/uploads\/2016\/02\/FOTO-1-MARCELO-AGUILAR-DIRECTORE-REGIONAL-DE-FOSIS-VALPARAISO.jpg?w=530&amp;ssl=1 530w, https:\/\/i0.wp.com\/eltrabajo.cl\/portal\/wp-content\/uploads\/2016\/02\/FOTO-1-MARCELO-AGUILAR-DIRECTORE-REGIONAL-DE-FOSIS-VALPARAISO.jpg?resize=200%2C131&amp;ssl=1 200w, https:\/\/i0.wp.com\/eltrabajo.cl\/portal\/wp-content\/uploads\/2016\/02\/FOTO-1-MARCELO-AGUILAR-DIRECTORE-REGIONAL-DE-FOSIS-VALPARAISO.jpg?resize=300%2C197&amp;ssl=1 300w, https:\/\/i0.wp.com\/eltrabajo.cl\/portal\/wp-content\/uploads\/2016\/02\/FOTO-1-MARCELO-AGUILAR-DIRECTORE-REGIONAL-DE-FOSIS-VALPARAISO.jpg?resize=228%2C150&amp;ssl=1 228w, https:\/\/i0.wp.com\/eltrabajo.cl\/portal\/wp-content\/uploads\/2016\/02\/FOTO-1-MARCELO-AGUILAR-DIRECTORE-REGIONAL-DE-FOSIS-VALPARAISO.jpg?resize=400%2C263&amp;ssl=1 400w\" width=\"424\" height=\"278\" loading=\"lazy\" data-original-width=\"424\" data-original-height=\"278\" itemprop=\"http:\/\/schema.org\/image\" title=\"FOTO 1 MARCELO AGUILAR DIRECTORE REGIONAL DE FOSIS VALPARAISO\" alt=\"Marcelo Aguilar, director regional de Fosis Valpara\u00edso.\" style=\"width: 424px; height: 278px;\" \/> <\/a> <div class=\"tiled-gallery-caption\" itemprop=\"caption description\"> Marcelo Aguilar, director regional de Fosis Valpara\u00edso. <\/div> <\/div> <\/div> <!-- close group --> <div class=\"gallery-group images-2\" style=\"width: 212px; height: 282px;\" data-original-width=\"212\" data-original-height=\"282\" > <div class=\"tiled-gallery-item tiled-gallery-item-small\" itemprop=\"associatedMedia\" itemscope itemtype=\"http:\/\/schema.org\/ImageObject\"> <a href=\"https:\/\/eltrabajo.cl\/portal\/programa-yo-trabajo-del-fosis-certifico-a-40-jovenes-de-aconcagua\/foto-2-belgica-reyes-pinto-usuria-de-fosis-vecina-de-la-comuna\/\" border=\"0\" itemprop=\"url\"> <meta itemprop=\"width\" content=\"208\"> <meta itemprop=\"height\" content=\"137\"> <img decoding=\"async\" class=\"\" data-attachment-id=\"66748\" data-orig-file=\"https:\/\/eltrabajo.cl\/portal\/wp-content\/uploads\/2016\/02\/FOTO-2-BELGICA-REYES-PINTO-USURIA-DE-FOSIS-VECINA-DE-LA-COMUNA.jpg\" data-orig-size=\"530,348\" data-comments-opened=\"1\" data-image-meta=\"{&quot;aperture&quot;:&quot;0&quot;,&quot;credit&quot;:&quot;&quot;,&quot;camera&quot;:&quot;&quot;,&quot;caption&quot;:&quot;&quot;,&quot;created_timestamp&quot;:&quot;0&quot;,&quot;copyright&quot;:&quot;&quot;,&quot;focal_length&quot;:&quot;0&quot;,&quot;iso&quot;:&quot;0&quot;,&quot;shutter_speed&quot;:&quot;0&quot;,&quot;title&quot;:&quot;&quot;,&quot;orientation&quot;:&quot;0&quot;}\" data-image-title=\"FOTO 2 BELGICA REYES PINTO USURIA DE FOSIS VECINA DE LA COMUNA\" data-image-description=\"&lt;p&gt;B\u00e9lgica Reyes Pinto, usuaria de Fosis, vecina de la comuna de Santa Mar\u00eda, beneficiaria del programa Yo Trabajo J\u00f3venes.&lt;\/p&gt; \" data-medium-file=\"https:\/\/i0.wp.com\/eltrabajo.cl\/portal\/wp-content\/uploads\/2016\/02\/FOTO-2-BELGICA-REYES-PINTO-USURIA-DE-FOSIS-VECINA-DE-LA-COMUNA.jpg?fit=300%2C197&#038;ssl=1\" data-large-file=\"https:\/\/i0.wp.com\/eltrabajo.cl\/portal\/wp-content\/uploads\/2016\/02\/FOTO-2-BELGICA-REYES-PINTO-USURIA-DE-FOSIS-VECINA-DE-LA-COMUNA.jpg?fit=530%2C348&#038;ssl=1\" src=\"https:\/\/i0.wp.com\/eltrabajo.cl\/portal\/wp-content\/uploads\/2016\/02\/FOTO-2-BELGICA-REYES-PINTO-USURIA-DE-FOSIS-VECINA-DE-LA-COMUNA.jpg?w=208&#038;h=137&#038;ssl=1\" srcset=\"https:\/\/i0.wp.com\/eltrabajo.cl\/portal\/wp-content\/uploads\/2016\/02\/FOTO-2-BELGICA-REYES-PINTO-USURIA-DE-FOSIS-VECINA-DE-LA-COMUNA.jpg?w=530&amp;ssl=1 530w, https:\/\/i0.wp.com\/eltrabajo.cl\/portal\/wp-content\/uploads\/2016\/02\/FOTO-2-BELGICA-REYES-PINTO-USURIA-DE-FOSIS-VECINA-DE-LA-COMUNA.jpg?resize=200%2C131&amp;ssl=1 200w, https:\/\/i0.wp.com\/eltrabajo.cl\/portal\/wp-content\/uploads\/2016\/02\/FOTO-2-BELGICA-REYES-PINTO-USURIA-DE-FOSIS-VECINA-DE-LA-COMUNA.jpg?resize=300%2C197&amp;ssl=1 300w, https:\/\/i0.wp.com\/eltrabajo.cl\/portal\/wp-content\/uploads\/2016\/02\/FOTO-2-BELGICA-REYES-PINTO-USURIA-DE-FOSIS-VECINA-DE-LA-COMUNA.jpg?resize=228%2C150&amp;ssl=1 228w, https:\/\/i0.wp.com\/eltrabajo.cl\/portal\/wp-content\/uploads\/2016\/02\/FOTO-2-BELGICA-REYES-PINTO-USURIA-DE-FOSIS-VECINA-DE-LA-COMUNA.jpg?resize=400%2C263&amp;ssl=1 400w\" width=\"208\" height=\"137\" loading=\"lazy\" data-original-width=\"208\" data-original-height=\"137\" itemprop=\"http:\/\/schema.org\/image\" title=\"FOTO 2 BELGICA REYES PINTO USURIA DE FOSIS VECINA DE LA COMUNA\" alt=\"B\u00e9lgica Reyes Pinto, usuaria de Fosis, vecina de la comuna de Santa Mar\u00eda, beneficiaria del programa Yo Trabajo J\u00f3venes.\" style=\"width: 208px; height: 137px;\" \/> <\/a> <div class=\"tiled-gallery-caption\" itemprop=\"caption description\"> B\u00e9lgica Reyes Pinto, usuaria de Fosis, vecina de la comuna de Santa Mar\u00eda, beneficiaria del programa Yo Trabajo J\u00f3venes. <\/div> <\/div> <div class=\"tiled-gallery-item tiled-gallery-item-small\" itemprop=\"associatedMedia\" itemscope itemtype=\"http:\/\/schema.org\/ImageObject\"> <a href=\"https:\/\/eltrabajo.cl\/portal\/programa-yo-trabajo-del-fosis-certifico-a-40-jovenes-de-aconcagua\/foto-3-yaritxa-paredes-avila-usuaria-fosis\/\" border=\"0\" itemprop=\"url\"> <meta itemprop=\"width\" content=\"208\"> <meta itemprop=\"height\" content=\"137\"> <img decoding=\"async\" class=\"\" data-attachment-id=\"66749\" data-orig-file=\"https:\/\/eltrabajo.cl\/portal\/wp-content\/uploads\/2016\/02\/FOTO-3-YARITXA-PAREDES-AVILA-USUARIA-FOSIS.jpg\" data-orig-size=\"530,349\" data-comments-opened=\"1\" data-image-meta=\"{&quot;aperture&quot;:&quot;0&quot;,&quot;credit&quot;:&quot;&quot;,&quot;camera&quot;:&quot;&quot;,&quot;caption&quot;:&quot;&quot;,&quot;created_timestamp&quot;:&quot;0&quot;,&quot;copyright&quot;:&quot;&quot;,&quot;focal_length&quot;:&quot;0&quot;,&quot;iso&quot;:&quot;0&quot;,&quot;shutter_speed&quot;:&quot;0&quot;,&quot;title&quot;:&quot;&quot;,&quot;orientation&quot;:&quot;0&quot;}\" data-image-title=\"FOTO 3 YARITXA PAREDES AVILA USUARIA FOSIS\" data-image-description=\"&lt;p&gt;Yaritza Paredes \u00c1vila, usuaria Fosis, vecina de la comuna de Panquehue, beneficiaria del programa yo trabajo j\u00f3venes.&lt;\/p&gt; \" data-medium-file=\"https:\/\/i0.wp.com\/eltrabajo.cl\/portal\/wp-content\/uploads\/2016\/02\/FOTO-3-YARITXA-PAREDES-AVILA-USUARIA-FOSIS.jpg?fit=300%2C198&#038;ssl=1\" data-large-file=\"https:\/\/i0.wp.com\/eltrabajo.cl\/portal\/wp-content\/uploads\/2016\/02\/FOTO-3-YARITXA-PAREDES-AVILA-USUARIA-FOSIS.jpg?fit=530%2C349&#038;ssl=1\" src=\"https:\/\/i0.wp.com\/eltrabajo.cl\/portal\/wp-content\/uploads\/2016\/02\/FOTO-3-YARITXA-PAREDES-AVILA-USUARIA-FOSIS.jpg?w=208&#038;h=137&#038;ssl=1\" srcset=\"https:\/\/i0.wp.com\/eltrabajo.cl\/portal\/wp-content\/uploads\/2016\/02\/FOTO-3-YARITXA-PAREDES-AVILA-USUARIA-FOSIS.jpg?w=530&amp;ssl=1 530w, https:\/\/i0.wp.com\/eltrabajo.cl\/portal\/wp-content\/uploads\/2016\/02\/FOTO-3-YARITXA-PAREDES-AVILA-USUARIA-FOSIS.jpg?resize=200%2C132&amp;ssl=1 200w, https:\/\/i0.wp.com\/eltrabajo.cl\/portal\/wp-content\/uploads\/2016\/02\/FOTO-3-YARITXA-PAREDES-AVILA-USUARIA-FOSIS.jpg?resize=300%2C198&amp;ssl=1 300w, https:\/\/i0.wp.com\/eltrabajo.cl\/portal\/wp-content\/uploads\/2016\/02\/FOTO-3-YARITXA-PAREDES-AVILA-USUARIA-FOSIS.jpg?resize=228%2C150&amp;ssl=1 228w, https:\/\/i0.wp.com\/eltrabajo.cl\/portal\/wp-content\/uploads\/2016\/02\/FOTO-3-YARITXA-PAREDES-AVILA-USUARIA-FOSIS.jpg?resize=400%2C263&amp;ssl=1 400w\" width=\"208\" height=\"137\" loading=\"lazy\" data-original-width=\"208\" data-original-height=\"137\" itemprop=\"http:\/\/schema.org\/image\" title=\"FOTO 3 YARITXA PAREDES AVILA USUARIA FOSIS\" alt=\"Yaritza Paredes \u00c1vila, usuaria Fosis, vecina de la comuna de Panquehue, beneficiaria del programa yo trabajo j\u00f3venes.\" style=\"width: 208px; height: 137px;\" \/> <\/a> <div class=\"tiled-gallery-caption\" itemprop=\"caption description\"> Yaritza Paredes \u00c1vila, usuaria Fosis, vecina de la comuna de Panquehue, beneficiaria del programa yo trabajo j\u00f3venes. <\/div> <\/div> <\/div> <!-- close group --> <\/div> <!-- close row --> <\/div>\n","protected":false},"excerpt":{"rendered":"<p>Beneficiarios son vecinos de las comunas de Los Andes, Rinconada, Putaendo, Panquehue, Catemu, Llay-Llay y San Felipe. \u201cEn el momento que postul\u00e9 a estos talleres no ten\u00eda trabajo, despu\u00e9s encontr\u00e9 algo como&#8230;<\/p>\n","protected":false},"author":482,"featured_media":66746,"comment_status":"open","ping_status":"open","sticky":false,"template":"","format":"standard","meta":{"advanced_seo_description":"","jetpack_seo_html_title":"","jetpack_seo_noindex":false,"_jetpack_memberships_contains_paid_content":false,"footnotes":""},"categories":[1],"tags":[],"class_list":["post-66745","post","type-post","status-publish","format-standard","has-post-thumbnail","hentry","category-cronica"],"jetpack_featured_media_url":"https:\/\/i0.wp.com\/eltrabajo.cl\/portal\/wp-content\/uploads\/2016\/02\/FOTO-4-ESTAS-SON-PARTE-DE-LAS-USUARIAS-QUE-SE.jpg?fit=528%2C350&ssl=1","jetpack_sharing_enabled":true,"jetpack_likes_enabled":true,"jetpack-related-posts":[],"_links":{"self":[{"href":"https:\/\/eltrabajo.cl\/portal\/wp-json\/wp\/v2\/posts\/66745","targetHints":{"allow":["GET"]}}],"collection":[{"href":"https:\/\/eltrabajo.cl\/portal\/wp-json\/wp\/v2\/posts"}],"about":[{"href":"https:\/\/eltrabajo.cl\/portal\/wp-json\/wp\/v2\/types\/post"}],"author":[{"embeddable":true,"href":"https:\/\/eltrabajo.cl\/portal\/wp-json\/wp\/v2\/users\/482"}],"replies":[{"embeddable":true,"href":"https:\/\/eltrabajo.cl\/portal\/wp-json\/wp\/v2\/comments?post=66745"}],"version-history":[{"count":0,"href":"https:\/\/eltrabajo.cl\/portal\/wp-json\/wp\/v2\/posts\/66745\/revisions"}],"wp:featuredmedia":[{"embeddable":true,"href":"https:\/\/eltrabajo.cl\/portal\/wp-json\/wp\/v2\/media\/66746"}],"wp:attachment":[{"href":"https:\/\/eltrabajo.cl\/portal\/wp-json\/wp\/v2\/media?parent=66745"}],"wp:term":[{"taxonomy":"category","embeddable":true,"href":"https:\/\/eltrabajo.cl\/portal\/wp-json\/wp\/v2\/categories?post=66745"},{"taxonomy":"post_tag","embeddable":true,"href":"https:\/\/eltrabajo.cl\/portal\/wp-json\/wp\/v2\/tags?post=66745"}],"curies":[{"name":"wp","href":"https:\/\/api.w.org\/{rel}","templated":true}]}}