{"id":66751,"date":"2016-02-12T10:02:04","date_gmt":"2016-02-12T13:02:04","guid":{"rendered":"http:\/\/www.eltrabajo.cl\/portal\/?p=66751"},"modified":"2016-02-12T10:02:04","modified_gmt":"2016-02-12T13:02:04","slug":"realizan-eucaristia-para-iniciar-cuaresma-en-catedral-de-san-felipe","status":"publish","type":"post","link":"https:\/\/eltrabajo.cl\/portal\/realizan-eucaristia-para-iniciar-cuaresma-en-catedral-de-san-felipe\/","title":{"rendered":"Realizan eucarist\u00eda para iniciar Cuaresma en Catedral de San Felipe"},"content":{"rendered":"<figure id=\"attachment_66752\" aria-describedby=\"caption-attachment-66752\" style=\"width: 300px\" class=\"wp-caption alignleft\"><img data-recalc-dims=\"1\" loading=\"lazy\" decoding=\"async\" class=\"wp-image-66752 size-medium\" src=\"https:\/\/i0.wp.com\/www.eltrabajo.cl\/portal\/wp-content\/uploads\/2016\/02\/Cuaresma-2-300x198.jpg?resize=300%2C198\" alt=\"El mi\u00e9rcoles se realiz\u00f3 una eucarist\u00eda que incluy\u00f3 el simb\u00f3lico rito de bendici\u00f3n e imposici\u00f3n de la ceniza a todos los presentes.\" width=\"300\" height=\"198\" srcset=\"https:\/\/i0.wp.com\/eltrabajo.cl\/portal\/wp-content\/uploads\/2016\/02\/Cuaresma-2.jpg?resize=300%2C198&amp;ssl=1 300w, https:\/\/i0.wp.com\/eltrabajo.cl\/portal\/wp-content\/uploads\/2016\/02\/Cuaresma-2.jpg?resize=200%2C132&amp;ssl=1 200w, https:\/\/i0.wp.com\/eltrabajo.cl\/portal\/wp-content\/uploads\/2016\/02\/Cuaresma-2.jpg?resize=227%2C150&amp;ssl=1 227w, https:\/\/i0.wp.com\/eltrabajo.cl\/portal\/wp-content\/uploads\/2016\/02\/Cuaresma-2.jpg?resize=400%2C264&amp;ssl=1 400w, https:\/\/i0.wp.com\/eltrabajo.cl\/portal\/wp-content\/uploads\/2016\/02\/Cuaresma-2.jpg?w=530&amp;ssl=1 530w\" sizes=\"auto, (max-width: 300px) 100vw, 300px\" \/><figcaption id=\"caption-attachment-66752\" class=\"wp-caption-text\">El mi\u00e9rcoles se realiz\u00f3 una eucarist\u00eda que incluy\u00f3 el simb\u00f3lico rito de bendici\u00f3n e imposici\u00f3n de la ceniza a todos los presentes.<\/figcaption><\/figure>\n<p>El pasado mi\u00e9rcoles 10 de febrero comenz\u00f3 el tiempo cuaresmal, con una celebraci\u00f3n presidida por Mons. Cristi\u00e1n Contreras Molina OdeM. Obispo de la Di\u00f3cesis de San Felipe en la Iglesia Catedral, con una celebraci\u00f3n eucar\u00edstica que incluy\u00f3 el simb\u00f3lico rito de bendici\u00f3n e imposici\u00f3n de la ceniza a todos los presentes.<br \/>\nEn su homil\u00eda, el Pastor Diocesano record\u00f3 \u201cla ceniza es el signo de humildad y de penitencia, la ceniza nos recuerda cual es nuestro origen y nuestro fin, que hemos venido de Dios y que vamos a Dios\u201d. M\u00e1s adelante expres\u00f3 \u201cs\u00e9 que es dif\u00edcil comenzar la cuaresma en medio de este clima de calor y de verano, donde hay muchas frutas, uvas, duraznos y melones. Sin embargo los invito a comprender que todo tiempo es \u2018tiempo favorable\u2019 y toda nuestra vida es una oportunidad abierta para experimentar la Misericordiosa del Padre y la Cuaresma lo es de un modo especial porque todo en ella invita a entrar en nosotros mismos, a reconocer nuestros fallos y debilidades y a situar a Jesucristo en el centro de nuestra vida, porque este tiempo es un periodo especial para prepararnos para la Pascua, momento crucial para todo cristiano\u201d.<br \/>\nAntes de concluir su homil\u00eda Mons. Contreras Molina invit\u00f3 a vivir este periodo de Cuaresma como un aut\u00e9ntico tiempo para aprender de Jes\u00fas como nos ense\u00f1a del amor de Dios de una manera cercana, por ejemplo, en la par\u00e1bola del Buen Pastor, Jes\u00fas, es el Buen Pastor, quien carga con nosotros, con toda nuestra historia, con nuestros pecados, dolores, agon\u00edas y soledades. Sin embargo, es \u00c9l quien nos carga es sus hombros para que experimentemos en nuestra vida el amor misericordioso del Padre.<\/p>\n","protected":false},"excerpt":{"rendered":"<p>El pasado mi\u00e9rcoles 10 de febrero comenz\u00f3 el tiempo cuaresmal, con una celebraci\u00f3n presidida por Mons. Cristi\u00e1n Contreras Molina OdeM. Obispo de la Di\u00f3cesis de San Felipe en la Iglesia Catedral, con&#8230;<\/p>\n","protected":false},"author":482,"featured_media":66752,"comment_status":"open","ping_status":"open","sticky":false,"template":"","format":"standard","meta":{"advanced_seo_description":"","jetpack_seo_html_title":"","jetpack_seo_noindex":false,"_jetpack_memberships_contains_paid_content":false,"footnotes":""},"categories":[15],"tags":[],"class_list":["post-66751","post","type-post","status-publish","format-standard","has-post-thumbnail","hentry","category-comunidad"],"jetpack_featured_media_url":"https:\/\/i0.wp.com\/eltrabajo.cl\/portal\/wp-content\/uploads\/2016\/02\/Cuaresma-2.jpg?fit=530%2C350&ssl=1","jetpack_sharing_enabled":true,"jetpack_likes_enabled":true,"jetpack-related-posts":[],"_links":{"self":[{"href":"https:\/\/eltrabajo.cl\/portal\/wp-json\/wp\/v2\/posts\/66751","targetHints":{"allow":["GET"]}}],"collection":[{"href":"https:\/\/eltrabajo.cl\/portal\/wp-json\/wp\/v2\/posts"}],"about":[{"href":"https:\/\/eltrabajo.cl\/portal\/wp-json\/wp\/v2\/types\/post"}],"author":[{"embeddable":true,"href":"https:\/\/eltrabajo.cl\/portal\/wp-json\/wp\/v2\/users\/482"}],"replies":[{"embeddable":true,"href":"https:\/\/eltrabajo.cl\/portal\/wp-json\/wp\/v2\/comments?post=66751"}],"version-history":[{"count":0,"href":"https:\/\/eltrabajo.cl\/portal\/wp-json\/wp\/v2\/posts\/66751\/revisions"}],"wp:featuredmedia":[{"embeddable":true,"href":"https:\/\/eltrabajo.cl\/portal\/wp-json\/wp\/v2\/media\/66752"}],"wp:attachment":[{"href":"https:\/\/eltrabajo.cl\/portal\/wp-json\/wp\/v2\/media?parent=66751"}],"wp:term":[{"taxonomy":"category","embeddable":true,"href":"https:\/\/eltrabajo.cl\/portal\/wp-json\/wp\/v2\/categories?post=66751"},{"taxonomy":"post_tag","embeddable":true,"href":"https:\/\/eltrabajo.cl\/portal\/wp-json\/wp\/v2\/tags?post=66751"}],"curies":[{"name":"wp","href":"https:\/\/api.w.org\/{rel}","templated":true}]}}