{"id":66758,"date":"2016-02-12T10:10:30","date_gmt":"2016-02-12T13:10:30","guid":{"rendered":"http:\/\/www.eltrabajo.cl\/portal\/?p=66758"},"modified":"2016-02-12T10:11:26","modified_gmt":"2016-02-12T13:11:26","slug":"en-la-frontera-detienen-a-peruanos-intentando-sacar-ilegalmente-a-menor","status":"publish","type":"post","link":"https:\/\/eltrabajo.cl\/portal\/en-la-frontera-detienen-a-peruanos-intentando-sacar-ilegalmente-a-menor\/","title":{"rendered":"En la frontera detienen a peruanos intentando sacar ilegalmente a menor"},"content":{"rendered":"<figure id=\"attachment_66759\" aria-describedby=\"caption-attachment-66759\" style=\"width: 300px\" class=\"wp-caption alignleft\"><img data-recalc-dims=\"1\" loading=\"lazy\" decoding=\"async\" class=\"wp-image-66759 size-medium\" src=\"https:\/\/i0.wp.com\/www.eltrabajo.cl\/portal\/wp-content\/uploads\/2016\/02\/pareja_peruanos_sacaban_menor-300x198.jpg?resize=300%2C198\" alt=\"El menor ser\u00eda aparentemente hijo de la mujer, situaci\u00f3n que no est\u00e1 acreditada ya que el ni\u00f1o no presentaba ning\u00fan tipo de documentaci\u00f3n.\" width=\"300\" height=\"198\" srcset=\"https:\/\/i0.wp.com\/eltrabajo.cl\/portal\/wp-content\/uploads\/2016\/02\/pareja_peruanos_sacaban_menor.jpg?resize=300%2C198&amp;ssl=1 300w, https:\/\/i0.wp.com\/eltrabajo.cl\/portal\/wp-content\/uploads\/2016\/02\/pareja_peruanos_sacaban_menor.jpg?resize=200%2C132&amp;ssl=1 200w, https:\/\/i0.wp.com\/eltrabajo.cl\/portal\/wp-content\/uploads\/2016\/02\/pareja_peruanos_sacaban_menor.jpg?resize=228%2C150&amp;ssl=1 228w, https:\/\/i0.wp.com\/eltrabajo.cl\/portal\/wp-content\/uploads\/2016\/02\/pareja_peruanos_sacaban_menor.jpg?resize=400%2C263&amp;ssl=1 400w, https:\/\/i0.wp.com\/eltrabajo.cl\/portal\/wp-content\/uploads\/2016\/02\/pareja_peruanos_sacaban_menor.jpg?w=530&amp;ssl=1 530w\" sizes=\"auto, (max-width: 300px) 100vw, 300px\" \/><figcaption id=\"caption-attachment-66759\" class=\"wp-caption-text\">El menor ser\u00eda aparentemente hijo de la mujer, situaci\u00f3n que no est\u00e1 acreditada ya que el ni\u00f1o no presentaba ning\u00fan tipo de documentaci\u00f3n.<\/figcaption><\/figure>\n<ul>\n<li><strong>Fiscal\u00eda no pudo formalizar a pareja de peruanos que pensaba radicarse en Argentina., debido a que la Intendencia no present\u00f3 la denuncia a tiempo.<\/strong><\/li>\n<\/ul>\n<p><strong>LOS ANDES.<\/strong>&#8211; Un matrimonio de nacionalidad peruana fue detenido en el complejo Horcones por detectives de la Unidad de Extranjer\u00eda y Polic\u00eda Internacional de la PDI de Los Andes cuando trataban de sacar del pa\u00eds de manera ilegal a una menor de 6 a\u00f1os de edad, presuntamente hijo de la mujer.<br \/>\nSeg\u00fan explic\u00f3 el Jefe de esa unidad policial, Comisario Claudio Soto, en la revisi\u00f3n del bus donde viajaba el matrimonio se detect\u00f3 que un ni\u00f1o no portaba ning\u00fan tipo de documentaci\u00f3n.<br \/>\nEl oficial precis\u00f3 que tanto el matrimonio como la hija de ambos hab\u00edan ingresado de manera legal a Chile y con todos sus documentos al d\u00eda, no as\u00ed el ni\u00f1o, \u00abquien se supone fue ingresado ilegalmente al territorio nacional, no existiendo ning\u00fan dato sobre su identidad y que solamente ser\u00eda hijo de la mujer y no de su conviviente\u00bb.<br \/>\nAgreg\u00f3 que de esta situaci\u00f3n se hizo la denuncia correspondiente a la fiscal\u00eda de Los Andes quien dispuso de las diligencias correspondientes.<br \/>\nIndic\u00f3 que la pareja de peruanos regresaba a la ciudad de Mendoza, \u00aby ante las consultas de c\u00f3mo ingreso el ni\u00f1o a Chile se\u00f1alaron finalmente que iban con el menor en condici\u00f3n de irregular hacia Argentina con la finalidad de residir en ese pa\u00eds\u00bb.<br \/>\nEl Comisario Soto manifest\u00f3 que gracias al estricto control que se realiza para salir del pa\u00eds se pudo detectar a este ni\u00f1o, \u00abcon lo que se cumple con la misi\u00f3n que nos entrega la ley de proteger a los menores chilenos y extranjeros, y por ello los ni\u00f1os quedaron sujetos a una medida de protecci\u00f3n del Tribunal de Familia de Los Andes, donde fueron internados provisoriamente a la espera de los avances de la investigaci\u00f3n\u00bb.<br \/>\nComent\u00f3 que se estableci\u00f3 que el matrimonio ingres\u00f3 al pa\u00eds por el paso de Chacalluta, \u00abpero presuntamente el menor habr\u00eda ingresado con ellos, aun cuando no se ha establecido su identidad, relaci\u00f3n de parentesco con la mujer\u00bb.<br \/>\nEl Jefe de Extranjer\u00eda dijo que el hecho tambi\u00e9n fue denunciado a la autoridad administrativa para que se sigan los pasos correspondientes.<br \/>\nMencion\u00f3 que hechos como este son poco frecuentes en los controles del sistema integrado Cristo Redentor, pero la idea es poder detectarlos para proteger la integridad de los menores.<br \/>\nLa pareja detenida fue identificada como Martha Martina Espinoza Trujillo (34) y Jimy Alexander Pachas Sotelo (37), quienes por instrucciones del fiscal de turno pasaron a control al Tribunal de Garant\u00eda de Los Andes.<\/p>\n<p><strong>Formalizaci\u00f3n Pendiente<\/strong><br \/>\nLuego de controlada su detenci\u00f3n en el tribunal, el fiscal Jorge Alfaro no pudo llevar adelante la formalizaci\u00f3n debido a que para que ello ocurriera la Intendencia, como autoridad administrativa, deber\u00eda haber presentado una denuncia ante el Ministerio P\u00fablico, hecho que no ocurri\u00f3, ni siquiera por correo electr\u00f3nico.<br \/>\nAnte ello, el persecutor debi\u00f3 solicitar nuevo d\u00eda y hora para realizar una nueva audiencia y poder formalizarlos conforme a la denuncia de la autoridad administrativa.<\/p>\n","protected":false},"excerpt":{"rendered":"<p>Fiscal\u00eda no pudo formalizar a pareja de peruanos que pensaba radicarse en Argentina., debido a que la Intendencia no present\u00f3 la denuncia a tiempo. LOS ANDES.&#8211; Un matrimonio de nacionalidad peruana fue&#8230;<\/p>\n","protected":false},"author":482,"featured_media":66759,"comment_status":"open","ping_status":"open","sticky":false,"template":"","format":"standard","meta":{"advanced_seo_description":"","jetpack_seo_html_title":"","jetpack_seo_noindex":false,"_jetpack_memberships_contains_paid_content":false,"footnotes":""},"categories":[21],"tags":[],"class_list":["post-66758","post","type-post","status-publish","format-standard","has-post-thumbnail","hentry","category-policial"],"jetpack_featured_media_url":"https:\/\/i0.wp.com\/eltrabajo.cl\/portal\/wp-content\/uploads\/2016\/02\/pareja_peruanos_sacaban_menor.jpg?fit=530%2C349&ssl=1","jetpack_sharing_enabled":true,"jetpack_likes_enabled":true,"jetpack-related-posts":[],"_links":{"self":[{"href":"https:\/\/eltrabajo.cl\/portal\/wp-json\/wp\/v2\/posts\/66758","targetHints":{"allow":["GET"]}}],"collection":[{"href":"https:\/\/eltrabajo.cl\/portal\/wp-json\/wp\/v2\/posts"}],"about":[{"href":"https:\/\/eltrabajo.cl\/portal\/wp-json\/wp\/v2\/types\/post"}],"author":[{"embeddable":true,"href":"https:\/\/eltrabajo.cl\/portal\/wp-json\/wp\/v2\/users\/482"}],"replies":[{"embeddable":true,"href":"https:\/\/eltrabajo.cl\/portal\/wp-json\/wp\/v2\/comments?post=66758"}],"version-history":[{"count":0,"href":"https:\/\/eltrabajo.cl\/portal\/wp-json\/wp\/v2\/posts\/66758\/revisions"}],"wp:featuredmedia":[{"embeddable":true,"href":"https:\/\/eltrabajo.cl\/portal\/wp-json\/wp\/v2\/media\/66759"}],"wp:attachment":[{"href":"https:\/\/eltrabajo.cl\/portal\/wp-json\/wp\/v2\/media?parent=66758"}],"wp:term":[{"taxonomy":"category","embeddable":true,"href":"https:\/\/eltrabajo.cl\/portal\/wp-json\/wp\/v2\/categories?post=66758"},{"taxonomy":"post_tag","embeddable":true,"href":"https:\/\/eltrabajo.cl\/portal\/wp-json\/wp\/v2\/tags?post=66758"}],"curies":[{"name":"wp","href":"https:\/\/api.w.org\/{rel}","templated":true}]}}