{"id":66765,"date":"2016-02-15T10:26:56","date_gmt":"2016-02-15T13:26:56","guid":{"rendered":"http:\/\/www.eltrabajo.cl\/portal\/?p=66765"},"modified":"2016-02-15T10:27:29","modified_gmt":"2016-02-15T13:27:29","slug":"casa-azul-realiza-rifa-de-33-premios-a-beneficios-de-ninos-autistas","status":"publish","type":"post","link":"https:\/\/eltrabajo.cl\/portal\/casa-azul-realiza-rifa-de-33-premios-a-beneficios-de-ninos-autistas\/","title":{"rendered":"Casa Azul realiza rifa de 33 premios a beneficios de ni\u00f1os autistas"},"content":{"rendered":"<figure id=\"attachment_66766\" aria-describedby=\"caption-attachment-66766\" style=\"width: 300px\" class=\"wp-caption alignleft\"><img data-recalc-dims=\"1\" loading=\"lazy\" decoding=\"async\" class=\"wp-image-66766 size-medium\" src=\"https:\/\/i0.wp.com\/www.eltrabajo.cl\/portal\/wp-content\/uploads\/2016\/02\/Azul33-300x198.jpg?resize=300%2C198\" alt=\"SIGUEN LUCHANDO.- Casa Azul de San Felipe es una ONG que busca atender algunas necesidades de la poblaci\u00f3n con el Trastorno del Espectro Autista (TEA) y similares.\" width=\"300\" height=\"198\" srcset=\"https:\/\/i0.wp.com\/eltrabajo.cl\/portal\/wp-content\/uploads\/2016\/02\/Azul33.jpg?resize=300%2C198&amp;ssl=1 300w, https:\/\/i0.wp.com\/eltrabajo.cl\/portal\/wp-content\/uploads\/2016\/02\/Azul33.jpg?resize=200%2C132&amp;ssl=1 200w, https:\/\/i0.wp.com\/eltrabajo.cl\/portal\/wp-content\/uploads\/2016\/02\/Azul33.jpg?resize=228%2C150&amp;ssl=1 228w, https:\/\/i0.wp.com\/eltrabajo.cl\/portal\/wp-content\/uploads\/2016\/02\/Azul33.jpg?resize=400%2C263&amp;ssl=1 400w, https:\/\/i0.wp.com\/eltrabajo.cl\/portal\/wp-content\/uploads\/2016\/02\/Azul33.jpg?w=530&amp;ssl=1 530w\" sizes=\"auto, (max-width: 300px) 100vw, 300px\" \/><figcaption id=\"caption-attachment-66766\" class=\"wp-caption-text\">SIGUEN LUCHANDO.- Casa Azul de San Felipe es una ONG que busca atender algunas necesidades de la poblaci\u00f3n con el Trastorno del Espectro Autista (TEA) y similares.<\/figcaption><\/figure>\n<p>Una importante rifa para financiar el proyecto Casa Azul de San Felipe, ONG que busca atender algunas necesidades de la poblaci\u00f3n con el Trastorno del Espectro Autista (TEA) y similares, es la que se est\u00e1 realizando a nivel de todo el Valle de Aconcagua.<\/p>\n<p>\u00abSon 33 premios los que estaremos rifando el s\u00e1bado 20 de febrero a las 17:00 horas aqu\u00ed en nuestra Plaza de Armas. Nosotros somos una casa-taller terap\u00e9utica, necesitamos fondos para funcionar y es por ello que pronto estaremos postulando a un proyecto en esta direcci\u00f3n, ya que a las personas con TEA no se les atiende como se debiera por parte del aparato estatal, por eso es que estamos con estas rifas\u00bb, explic\u00f3 a Diario El Trabajo la presidente de Casa Azul, do\u00f1a Alejandra Le\u00f3n.<\/p>\n<figure id=\"attachment_66767\" aria-describedby=\"caption-attachment-66767\" style=\"width: 200px\" class=\"wp-caption alignright\"><img data-recalc-dims=\"1\" loading=\"lazy\" decoding=\"async\" class=\"wp-image-66767 size-thumbnail\" src=\"https:\/\/i0.wp.com\/www.eltrabajo.cl\/portal\/wp-content\/uploads\/2016\/02\/Alejandra-Leon-200x132.jpg?resize=200%2C132\" alt=\"Alejandra Le\u00f3n, presidente Casa Azul Aconcagua.\" width=\"200\" height=\"132\" srcset=\"https:\/\/i0.wp.com\/eltrabajo.cl\/portal\/wp-content\/uploads\/2016\/02\/Alejandra-Leon.jpg?resize=200%2C132&amp;ssl=1 200w, https:\/\/i0.wp.com\/eltrabajo.cl\/portal\/wp-content\/uploads\/2016\/02\/Alejandra-Leon.jpg?resize=300%2C198&amp;ssl=1 300w, https:\/\/i0.wp.com\/eltrabajo.cl\/portal\/wp-content\/uploads\/2016\/02\/Alejandra-Leon.jpg?resize=228%2C150&amp;ssl=1 228w, https:\/\/i0.wp.com\/eltrabajo.cl\/portal\/wp-content\/uploads\/2016\/02\/Alejandra-Leon.jpg?resize=400%2C263&amp;ssl=1 400w, https:\/\/i0.wp.com\/eltrabajo.cl\/portal\/wp-content\/uploads\/2016\/02\/Alejandra-Leon.jpg?w=530&amp;ssl=1 530w\" sizes=\"auto, (max-width: 200px) 100vw, 200px\" \/><figcaption id=\"caption-attachment-66767\" class=\"wp-caption-text\">Alejandra Le\u00f3n, presidente Casa Azul Aconcagua.<\/figcaption><\/figure>\n<p>El autismo es un grupo de trastornos del desarrollo cerebral, a los que se llama colectivamente el trastorno del espectro autista (TEA). El t\u00e9rmino \u2018espectro\u2019 se refiere la amplia gama de s\u00edntomas, habilidades y niveles de deterioro o discapacidad que pueden tener los ni\u00f1os con el TEA. Algunos ni\u00f1os padecen un deterioro leve causado por sus s\u00edntomas, mientras que otros est\u00e1n gravemente discapacitados.<\/p>\n<p><strong>MUCHOS PREMIOS<\/strong><br \/>\nEntre los premios que nuestros lectores se pueden ganar con s\u00f3lo pagar un n\u00famero que vale $500 est\u00e1n una tabla de sushi de 32 cortes; un juego de loza de 30 piezas; $50.000 en efectivo; juegos de toallas y muchos premios sorpresa.<br \/>\n\u00abCon este proyecto se busca entregar un lugar acogedor, en donde los ni\u00f1os y sus familias se apoyen, reciban orientaci\u00f3n, terapias multidisciplinarias, aprendizaje, talleres art\u00edstico-corporal de manera gratuita\u00bb, agreg\u00f3 la dirigente.<br \/>\n<strong>Roberto Gonz\u00e1lez Short <\/strong><br \/>\n<strong>rgonzalez@eltrabajo.cl<\/strong><\/p>\n","protected":false},"excerpt":{"rendered":"<p>Una importante rifa para financiar el proyecto Casa Azul de San Felipe, ONG que busca atender algunas necesidades de la poblaci\u00f3n con el Trastorno del Espectro Autista (TEA) y similares, es la&#8230;<\/p>\n","protected":false},"author":482,"featured_media":66766,"comment_status":"open","ping_status":"open","sticky":false,"template":"","format":"standard","meta":{"advanced_seo_description":"","jetpack_seo_html_title":"","jetpack_seo_noindex":false,"_jetpack_memberships_contains_paid_content":false,"footnotes":""},"categories":[15],"tags":[],"class_list":["post-66765","post","type-post","status-publish","format-standard","has-post-thumbnail","hentry","category-comunidad"],"jetpack_featured_media_url":"https:\/\/i0.wp.com\/eltrabajo.cl\/portal\/wp-content\/uploads\/2016\/02\/Azul33.jpg?fit=530%2C349&ssl=1","jetpack_sharing_enabled":true,"jetpack_likes_enabled":true,"jetpack-related-posts":[],"_links":{"self":[{"href":"https:\/\/eltrabajo.cl\/portal\/wp-json\/wp\/v2\/posts\/66765","targetHints":{"allow":["GET"]}}],"collection":[{"href":"https:\/\/eltrabajo.cl\/portal\/wp-json\/wp\/v2\/posts"}],"about":[{"href":"https:\/\/eltrabajo.cl\/portal\/wp-json\/wp\/v2\/types\/post"}],"author":[{"embeddable":true,"href":"https:\/\/eltrabajo.cl\/portal\/wp-json\/wp\/v2\/users\/482"}],"replies":[{"embeddable":true,"href":"https:\/\/eltrabajo.cl\/portal\/wp-json\/wp\/v2\/comments?post=66765"}],"version-history":[{"count":0,"href":"https:\/\/eltrabajo.cl\/portal\/wp-json\/wp\/v2\/posts\/66765\/revisions"}],"wp:featuredmedia":[{"embeddable":true,"href":"https:\/\/eltrabajo.cl\/portal\/wp-json\/wp\/v2\/media\/66766"}],"wp:attachment":[{"href":"https:\/\/eltrabajo.cl\/portal\/wp-json\/wp\/v2\/media?parent=66765"}],"wp:term":[{"taxonomy":"category","embeddable":true,"href":"https:\/\/eltrabajo.cl\/portal\/wp-json\/wp\/v2\/categories?post=66765"},{"taxonomy":"post_tag","embeddable":true,"href":"https:\/\/eltrabajo.cl\/portal\/wp-json\/wp\/v2\/tags?post=66765"}],"curies":[{"name":"wp","href":"https:\/\/api.w.org\/{rel}","templated":true}]}}