{"id":66775,"date":"2016-02-15T10:32:56","date_gmt":"2016-02-15T13:32:56","guid":{"rendered":"http:\/\/www.eltrabajo.cl\/portal\/?p=66775"},"modified":"2016-02-15T10:32:56","modified_gmt":"2016-02-15T13:32:56","slug":"alcalde-panquehue-espera-en-abril-colocar-primera-piedra-nuevo-cesfam","status":"publish","type":"post","link":"https:\/\/eltrabajo.cl\/portal\/alcalde-panquehue-espera-en-abril-colocar-primera-piedra-nuevo-cesfam\/","title":{"rendered":"Alcalde Panquehue espera en abril colocar primera piedra nuevo Cesfam"},"content":{"rendered":"<figure id=\"attachment_66776\" aria-describedby=\"caption-attachment-66776\" style=\"width: 300px\" class=\"wp-caption alignleft\"><img data-recalc-dims=\"1\" loading=\"lazy\" decoding=\"async\" class=\"wp-image-66776 size-medium\" src=\"https:\/\/i0.wp.com\/www.eltrabajo.cl\/portal\/wp-content\/uploads\/2016\/02\/Alcalde-Luis-Pradenas-1-300x197.jpg?resize=300%2C197\" alt=\"Luis Pradenas, alcalde de Panquehue.\" width=\"300\" height=\"197\" srcset=\"https:\/\/i0.wp.com\/eltrabajo.cl\/portal\/wp-content\/uploads\/2016\/02\/Alcalde-Luis-Pradenas-1.jpg?resize=300%2C197&amp;ssl=1 300w, https:\/\/i0.wp.com\/eltrabajo.cl\/portal\/wp-content\/uploads\/2016\/02\/Alcalde-Luis-Pradenas-1.jpg?resize=200%2C131&amp;ssl=1 200w, https:\/\/i0.wp.com\/eltrabajo.cl\/portal\/wp-content\/uploads\/2016\/02\/Alcalde-Luis-Pradenas-1.jpg?resize=228%2C150&amp;ssl=1 228w, https:\/\/i0.wp.com\/eltrabajo.cl\/portal\/wp-content\/uploads\/2016\/02\/Alcalde-Luis-Pradenas-1.jpg?resize=400%2C263&amp;ssl=1 400w, https:\/\/i0.wp.com\/eltrabajo.cl\/portal\/wp-content\/uploads\/2016\/02\/Alcalde-Luis-Pradenas-1.jpg?w=530&amp;ssl=1 530w\" sizes=\"auto, (max-width: 300px) 100vw, 300px\" \/><figcaption id=\"caption-attachment-66776\" class=\"wp-caption-text\">Luis Pradenas, alcalde de Panquehue.<\/figcaption><\/figure>\n<ul>\n<li><strong>Proceso licitatorio est\u00e1 en pleno desarrollo y el Servicio P\u00fablico ya comprometi\u00f3 ayuda para guiar a las empresas postulante y no vivir otro concurso fallido.<\/strong><\/li>\n<\/ul>\n<p>Tras la molestia manifestada hace algunos d\u00edas por parte del alcalde de Panquehue Luis Pradenas, respecto de la indiferencia que mostr\u00f3 el Intendente de la Regi\u00f3n de Valpara\u00edso, Gabriel Aldoney con el retraso en las obras de construcci\u00f3n de la carretera CH 60, en esta oportunidad, sus declaraciones en torno al nuevo proceso licitatorio para la construcci\u00f3n del nuevo Centro de Salud Familiar, Cesfam de la comuna, fueron de complacencia y optimismo.<br \/>\nEl edil se mostr\u00f3 mucho m\u00e1s calmo y esperanzado en los dichos de la directora del Servicio de Salud Aconcagua, SSA, Dra. Vilma Olave, quien hace un par de semanas asegur\u00f3 que se est\u00e1n agotando todos los medios para que en esta oportunidad se pueda definir la empresa que llevar\u00e1 a cabo los trabajos.<br \/>\nEn este sentido Pradenas afirm\u00f3 que \u201cestamos todav\u00eda dentro de los plazos, espero que \u00e9sta sea la tercera y \u00faltima y que el servicio p\u00fablico que est\u00e1 licitando se preocupe de orientar a las empresas para que no fallen en la parte administrativa\u201d, manifest\u00f3, ilusionado -seg\u00fan dijo- en que a m\u00e1s tardar durante los primeros d\u00edas de abril se pueda estar coloc\u00e1ndose la primera piedra del nuevo establecimiento de salud.<br \/>\nLa m\u00e1xima autoridad panquehuina asegur\u00f3 que su anterior molestia lleg\u00f3 directamente a o\u00eddos de la Ministra de Salud Carmen Castillo, tras expresarle que exist\u00eda falta de profesionalismo dentro de los funcionarios del SSA, luego del a\u00f1o y medio que ha pasado desde que se aprobaron los recursos, tiempo en el cual no se ha podido licitar en forma correcta un recinto tan importante como lo es para la comunidad un nuevo Cesfam.<br \/>\nPradenas afirm\u00f3 que ya se conoce a ciencia cierta qu\u00e9 fue lo que fall\u00f3 en los procesos anteriores, asegurando que \u201clo que tenemos que cumplir los servicios p\u00fablicos, es en orientar a todas las empresas no a una sola, eso es lo que no se hizo anteriormente\u2026en Concejo, dos funcionarios del Servicio de Salud fueron a explicar que eso hab\u00eda fallado y que en esta oportunidad, s\u00ed iban a aplicar lo que yo estoy pidiendo, orientar a las empresas, pero sigo pregunt\u00e1ndome por qu\u00e9 no lo hicieron antes\u201d, cuestion\u00f3.<br \/>\nEn el aspecto del actual funcionamiento del establecimiento de Salud, el alcalde panquehuino afirm\u00f3 que una de sus grandes preocupaciones es que actualmente el recinto se encuentra colapsado y cont\u00f3 que \u201choy estamos con una dotaci\u00f3n completa de m\u00e9dicos en nuestro establecimiento, pero tenemos que esperar que salga uno para que el otro pueda atender y esto ya debiera llevar el 80 % de la construcci\u00f3n, estar\u00edamos pr\u00f3ximos a inaugurarlo para que de los 500 mts2 que estamos atendiendo a nuestra gente pas\u00e1ramos a los 1400 mts2 que va a ser la nueva construcci\u00f3n del nuevo establecimiento\u201d, enfatiz\u00f3.<br \/>\nEl edil asegur\u00f3 que esta lucha no se lleva a cabo tan s\u00f3lo por la necesidad natural de la comunidad sino que tambi\u00e9n por la comodidad que necesitan los profesionales para desempa\u00f1ar de la mejor forma su atenci\u00f3n porque se debe contar con las herramientas y dependencias dignas para atender a los vecinos de la comuna.<\/p>\n","protected":false},"excerpt":{"rendered":"<p>Proceso licitatorio est\u00e1 en pleno desarrollo y el Servicio P\u00fablico ya comprometi\u00f3 ayuda para guiar a las empresas postulante y no vivir otro concurso fallido. Tras la molestia manifestada hace algunos d\u00edas&#8230;<\/p>\n","protected":false},"author":482,"featured_media":66776,"comment_status":"open","ping_status":"open","sticky":false,"template":"","format":"standard","meta":{"advanced_seo_description":"","jetpack_seo_html_title":"","jetpack_seo_noindex":false,"_jetpack_memberships_contains_paid_content":false,"footnotes":""},"categories":[1],"tags":[],"class_list":["post-66775","post","type-post","status-publish","format-standard","has-post-thumbnail","hentry","category-cronica"],"jetpack_featured_media_url":"https:\/\/i0.wp.com\/eltrabajo.cl\/portal\/wp-content\/uploads\/2016\/02\/Alcalde-Luis-Pradenas-1.jpg?fit=530%2C348&ssl=1","jetpack_sharing_enabled":true,"jetpack_likes_enabled":true,"jetpack-related-posts":[],"_links":{"self":[{"href":"https:\/\/eltrabajo.cl\/portal\/wp-json\/wp\/v2\/posts\/66775","targetHints":{"allow":["GET"]}}],"collection":[{"href":"https:\/\/eltrabajo.cl\/portal\/wp-json\/wp\/v2\/posts"}],"about":[{"href":"https:\/\/eltrabajo.cl\/portal\/wp-json\/wp\/v2\/types\/post"}],"author":[{"embeddable":true,"href":"https:\/\/eltrabajo.cl\/portal\/wp-json\/wp\/v2\/users\/482"}],"replies":[{"embeddable":true,"href":"https:\/\/eltrabajo.cl\/portal\/wp-json\/wp\/v2\/comments?post=66775"}],"version-history":[{"count":0,"href":"https:\/\/eltrabajo.cl\/portal\/wp-json\/wp\/v2\/posts\/66775\/revisions"}],"wp:featuredmedia":[{"embeddable":true,"href":"https:\/\/eltrabajo.cl\/portal\/wp-json\/wp\/v2\/media\/66776"}],"wp:attachment":[{"href":"https:\/\/eltrabajo.cl\/portal\/wp-json\/wp\/v2\/media?parent=66775"}],"wp:term":[{"taxonomy":"category","embeddable":true,"href":"https:\/\/eltrabajo.cl\/portal\/wp-json\/wp\/v2\/categories?post=66775"},{"taxonomy":"post_tag","embeddable":true,"href":"https:\/\/eltrabajo.cl\/portal\/wp-json\/wp\/v2\/tags?post=66775"}],"curies":[{"name":"wp","href":"https:\/\/api.w.org\/{rel}","templated":true}]}}