{"id":66778,"date":"2016-02-15T10:35:22","date_gmt":"2016-02-15T13:35:22","guid":{"rendered":"http:\/\/www.eltrabajo.cl\/portal\/?p=66778"},"modified":"2016-02-15T10:35:22","modified_gmt":"2016-02-15T13:35:22","slug":"codelco-recibe-reconocimiento-por-apoyo-a-emprendedores","status":"publish","type":"post","link":"https:\/\/eltrabajo.cl\/portal\/codelco-recibe-reconocimiento-por-apoyo-a-emprendedores\/","title":{"rendered":"Codelco recibe reconocimiento por apoyo a emprendedores"},"content":{"rendered":"<figure id=\"attachment_66779\" aria-describedby=\"caption-attachment-66779\" style=\"width: 300px\" class=\"wp-caption alignleft\"><img data-recalc-dims=\"1\" loading=\"lazy\" decoding=\"async\" class=\"wp-image-66779 size-medium\" src=\"https:\/\/i0.wp.com\/www.eltrabajo.cl\/portal\/wp-content\/uploads\/2016\/02\/Taller-Ronama-300x198.jpg?resize=300%2C198\" alt=\"El taller Ronama est\u00e1 integrado por mujeres de la localidad de Huertos Familiares, en la comuna de Til Til.\" width=\"300\" height=\"198\" srcset=\"https:\/\/i0.wp.com\/eltrabajo.cl\/portal\/wp-content\/uploads\/2016\/02\/Taller-Ronama.jpg?resize=300%2C198&amp;ssl=1 300w, https:\/\/i0.wp.com\/eltrabajo.cl\/portal\/wp-content\/uploads\/2016\/02\/Taller-Ronama.jpg?resize=200%2C132&amp;ssl=1 200w, https:\/\/i0.wp.com\/eltrabajo.cl\/portal\/wp-content\/uploads\/2016\/02\/Taller-Ronama.jpg?resize=227%2C150&amp;ssl=1 227w, https:\/\/i0.wp.com\/eltrabajo.cl\/portal\/wp-content\/uploads\/2016\/02\/Taller-Ronama.jpg?resize=400%2C264&amp;ssl=1 400w, https:\/\/i0.wp.com\/eltrabajo.cl\/portal\/wp-content\/uploads\/2016\/02\/Taller-Ronama.jpg?w=530&amp;ssl=1 530w\" sizes=\"auto, (max-width: 300px) 100vw, 300px\" \/><figcaption id=\"caption-attachment-66779\" class=\"wp-caption-text\">El taller Ronama est\u00e1 integrado por mujeres de la localidad de Huertos Familiares, en la comuna de Til Til.<\/figcaption><\/figure>\n<ul>\n<li><strong>Entre estas iniciativas, destaca la agrupaci\u00f3n Ronama, creada por mujeres de la localidad de Huertos Familiares con el apoyo de la Divisi\u00f3n Andina, que fabrica distintos tejidos con telas de cobre.<\/strong><\/li>\n<\/ul>\n<p><strong>LOS ANDES.<\/strong>&#8211; Codelco recibi\u00f3 el premio a la Mejor Pr\u00e1ctica 2015 de la industria minera por apoyar iniciativas de emprendimiento que buscan aprovechar las propiedades del cobre en distintos productos de uso cotidiano y as\u00ed mejorar la calidad de vida de las personas.<br \/>\nUno de los casos destacados fue el taller Ronama, integrado por mujeres de la localidad de Huertos Familiares, en la comuna de Til Til, quienes buscaron una idea innovadora que les permitiera generar ingresos para sus familias.<br \/>\nCon el apoyo de la Divisi\u00f3n Andina visitaron Cuore Tex en Valpara\u00edso, \u00fanica empresa en el mundo que f\u00e1brica tela de cobre certificada. Adem\u00e1s, la empresa les entreg\u00f3 asesor\u00eda para comercializar el producto y conocer sobre los procesos de certificaci\u00f3n y las licencias de las telas con hilado de cobre. Tambi\u00e9n, les entreg\u00f3 el financiamiento para adquirir100 kilos de la materia prima.<br \/>\nCon este empuj\u00f3n inicial, hoy Ronama dise\u00f1a, confecciona y vende pantuflas, mascarillas, s\u00e1banas, gorros y baberos, entre otras prendas, que contienen cobre como eficaz antimicrobiano y fungicida.<\/p>\n<p><strong>FRUTO DEL TRABAJO CONJUNTO<\/strong><br \/>\nEste emprendimiento surgi\u00f3 en la Mesa de Trabajo que re\u00fane a las agrupaciones sociales y comunitarias de Huertos Familiares y la Divisi\u00f3n Andina. Sus fundadoras son 10 y todas responden a los nombres Rosa, Nancy y Mar\u00eda (de ah\u00ed la marca Ronama).<br \/>\nJuntas, evaluaron y adoptaron la mejor decisi\u00f3n para dar forma a una idea innovadora. \u201cNuestra idea es agrupar a due\u00f1as de casa y crear una fuente de empleo para la comunidad. Como mujer uno tiene deseos de ser aporte a la familia. Ten\u00edamos las m\u00e1quinas, sabemos coser y ten\u00edamos el tiempo\u201d, cuenta Rosa Moreno.<br \/>\nUno de sus primeros productos fueron cubre colchones. \u201cTenemos en medidas de catre cl\u00ednico, una plaza y cunas de beb\u00e9s. Los cubre colchones son una primera barrera sanitaria para enfermos postrados y cl\u00ednicos\u201d, explica.<br \/>\nLuego vinieron el resto de los productos, siempre con la tela de cobre como producto principal.<br \/>\nRosa Uribe, otra fundadora del grupo, as\u00ed lo siente. \u201cCodelco nos dio los recursos y las herramientas para salir adelante. Emprender a esta altura de nuestras vidas es importante, muchas de nosotras somos abuelas, nos queda tiempo y quer\u00edamos hacer algo para no estar s\u00f3lo en la casa. En esto nos entretenemos, la pasamos bien, somos hasta sic\u00f3logas; es divertido trabajar y compartir. Este proyecto lo pensamos en grande, y hemos ido paso a paso para concretarlo\u201d.<br \/>\nJorge Sanhueza, Gerente de Sustentabilidad y Asuntos Externos de la Divisi\u00f3n Andina, se\u00f1ala que \u201csentimos un gran orgullo y alegr\u00eda por el \u00e9xito que ha tenido la agrupaci\u00f3n Ronama; ellas son un ejemplo extraordinario de lo que se puede lograr cuando las empresas trabajamos de forma arm\u00f3nica con la comunidad\u201d.<\/p>\n","protected":false},"excerpt":{"rendered":"<p>Entre estas iniciativas, destaca la agrupaci\u00f3n Ronama, creada por mujeres de la localidad de Huertos Familiares con el apoyo de la Divisi\u00f3n Andina, que fabrica distintos tejidos con telas de cobre. LOS&#8230;<\/p>\n","protected":false},"author":482,"featured_media":66779,"comment_status":"open","ping_status":"open","sticky":false,"template":"","format":"standard","meta":{"advanced_seo_description":"","jetpack_seo_html_title":"","jetpack_seo_noindex":false,"_jetpack_memberships_contains_paid_content":false,"footnotes":""},"categories":[1],"tags":[],"class_list":["post-66778","post","type-post","status-publish","format-standard","has-post-thumbnail","hentry","category-cronica"],"jetpack_featured_media_url":"https:\/\/i0.wp.com\/eltrabajo.cl\/portal\/wp-content\/uploads\/2016\/02\/Taller-Ronama.jpg?fit=530%2C350&ssl=1","jetpack_sharing_enabled":true,"jetpack_likes_enabled":true,"jetpack-related-posts":[],"_links":{"self":[{"href":"https:\/\/eltrabajo.cl\/portal\/wp-json\/wp\/v2\/posts\/66778","targetHints":{"allow":["GET"]}}],"collection":[{"href":"https:\/\/eltrabajo.cl\/portal\/wp-json\/wp\/v2\/posts"}],"about":[{"href":"https:\/\/eltrabajo.cl\/portal\/wp-json\/wp\/v2\/types\/post"}],"author":[{"embeddable":true,"href":"https:\/\/eltrabajo.cl\/portal\/wp-json\/wp\/v2\/users\/482"}],"replies":[{"embeddable":true,"href":"https:\/\/eltrabajo.cl\/portal\/wp-json\/wp\/v2\/comments?post=66778"}],"version-history":[{"count":0,"href":"https:\/\/eltrabajo.cl\/portal\/wp-json\/wp\/v2\/posts\/66778\/revisions"}],"wp:featuredmedia":[{"embeddable":true,"href":"https:\/\/eltrabajo.cl\/portal\/wp-json\/wp\/v2\/media\/66779"}],"wp:attachment":[{"href":"https:\/\/eltrabajo.cl\/portal\/wp-json\/wp\/v2\/media?parent=66778"}],"wp:term":[{"taxonomy":"category","embeddable":true,"href":"https:\/\/eltrabajo.cl\/portal\/wp-json\/wp\/v2\/categories?post=66778"},{"taxonomy":"post_tag","embeddable":true,"href":"https:\/\/eltrabajo.cl\/portal\/wp-json\/wp\/v2\/tags?post=66778"}],"curies":[{"name":"wp","href":"https:\/\/api.w.org\/{rel}","templated":true}]}}