{"id":66781,"date":"2016-02-15T10:36:49","date_gmt":"2016-02-15T13:36:49","guid":{"rendered":"http:\/\/www.eltrabajo.cl\/portal\/?p=66781"},"modified":"2016-02-15T10:36:49","modified_gmt":"2016-02-15T13:36:49","slug":"director-del-hospital-psiquiatrico-dr-philippe-pinel-estamos-dando-pasos-importantes-para-la-continuidad-de-las-obras-de-normalizacion-de-nuestro-establecimiento","status":"publish","type":"post","link":"https:\/\/eltrabajo.cl\/portal\/director-del-hospital-psiquiatrico-dr-philippe-pinel-estamos-dando-pasos-importantes-para-la-continuidad-de-las-obras-de-normalizacion-de-nuestro-establecimiento\/","title":{"rendered":"Director del Hospital Psiqui\u00e1trico Dr. Philippe Pinel: \u00a0\u201cEstamos dando pasos importantes para la continuidad de las obras de normalizaci\u00f3n de nuestro establecimiento\u201d"},"content":{"rendered":"<figure id=\"attachment_66782\" aria-describedby=\"caption-attachment-66782\" style=\"width: 300px\" class=\"wp-caption alignleft\"><img data-recalc-dims=\"1\" loading=\"lazy\" decoding=\"async\" class=\"wp-image-66782 size-medium\" src=\"https:\/\/i0.wp.com\/www.eltrabajo.cl\/portal\/wp-content\/uploads\/2016\/02\/Instalacion-Modulos-Hospital-Psiquiatrico-2-300x198.jpg?resize=300%2C198\" alt=\"El viernes llegaron algunos de los m\u00f3dulos de atenci\u00f3n administrativa y cl\u00ednica, los que servir\u00e1n para desocupar parte del edificio y dar lugar a una mayor intervenci\u00f3n cuando comiencen los trabajos de normalizaci\u00f3n.\" width=\"300\" height=\"198\" srcset=\"https:\/\/i0.wp.com\/eltrabajo.cl\/portal\/wp-content\/uploads\/2016\/02\/Instalacion-Modulos-Hospital-Psiquiatrico-2.jpg?resize=300%2C198&amp;ssl=1 300w, https:\/\/i0.wp.com\/eltrabajo.cl\/portal\/wp-content\/uploads\/2016\/02\/Instalacion-Modulos-Hospital-Psiquiatrico-2.jpg?resize=200%2C132&amp;ssl=1 200w, https:\/\/i0.wp.com\/eltrabajo.cl\/portal\/wp-content\/uploads\/2016\/02\/Instalacion-Modulos-Hospital-Psiquiatrico-2.jpg?resize=227%2C150&amp;ssl=1 227w, https:\/\/i0.wp.com\/eltrabajo.cl\/portal\/wp-content\/uploads\/2016\/02\/Instalacion-Modulos-Hospital-Psiquiatrico-2.jpg?resize=400%2C264&amp;ssl=1 400w, https:\/\/i0.wp.com\/eltrabajo.cl\/portal\/wp-content\/uploads\/2016\/02\/Instalacion-Modulos-Hospital-Psiquiatrico-2.jpg?w=530&amp;ssl=1 530w\" sizes=\"auto, (max-width: 300px) 100vw, 300px\" \/><figcaption id=\"caption-attachment-66782\" class=\"wp-caption-text\">El viernes llegaron algunos de los m\u00f3dulos de atenci\u00f3n administrativa y cl\u00ednica, los que servir\u00e1n para desocupar parte del edificio y dar lugar a una mayor intervenci\u00f3n cuando comiencen los trabajos de normalizaci\u00f3n.<\/figcaption><\/figure>\n<ul>\n<li><strong>Llegan primeros m\u00f3dulos de atenci\u00f3n administrativa y cl\u00ednica, que comenzar\u00e1n a ser utilizados para desocupar algunas dependencias del establecimiento, ad portas de la continuidad de las obras de normalizaci\u00f3n de la instituci\u00f3n de salud mental.<\/strong><\/li>\n<\/ul>\n<p><strong>PUTAENDO<\/strong>.- Con bastante satisfacci\u00f3n el Hospital Psiqui\u00e1trico Dr. Philippe Pinel recibi\u00f3 los primeros m\u00f3dulos de atenci\u00f3n, de un total aproximado de 60 estructuras que comenzaron a ser instaladas para ser ocupadas temporalmente, a la espera que una nueva empresa retome las obras de normalizaci\u00f3n del recinto asistencial.<br \/>\nLa instalaci\u00f3n de estos m\u00f3dulos, que estar\u00e1n situados en dos sectores del Hospital, cumplir\u00e1n la funci\u00f3n de, en una primera instancia, albergar a m\u00e1s de 80 funcionarios administrativos y a cerca de 120 usuarios de las unidades de Psicogeriatr\u00eda, Larga Estad\u00eda y Mediana Estad\u00eda III, con el objetivo de desocupar un sector importante del antiguo edificio para que la nueva empresa que se adjudique los trabajos intervenga un \u00e1rea mayor, acortando en un a\u00f1o la entrega de las obras.<br \/>\nLas estructuras, adquiridas por el Servicio de Salud Aconcagua a la empresa Tecno Fast, vienen adecuadas para el normal funcionamiento tanto del \u00e1rea administrativa como cl\u00ednica, contar\u00e1n con espacios suficientes y aire acondicionado.<br \/>\nDurante la ma\u00f1ana de este viernes y con la presencia del Subdirector de Recursos F\u00edsicos y Financieros del Servicio de Salud Aconcagua, Humberto Opazo Galaz y el Dr. Jaime Retamal Garrido, Director del Hospital Psiqui\u00e1trico de Putaendo, se procedi\u00f3 a la colocaci\u00f3n de los tres primeros modulares, a los que se sumar\u00e1n aproximadamente otros 60 que llegar\u00e1n al establecimiento durante lo que queda del mes de febrero y los primeros d\u00edas del mes de marzo.<br \/>\n\u201cSin duda que este es un avance significativo, hoy estamos viendo concretada una parte importante de las gestiones que se realizaron para que la continuidad de las obras de normalizaci\u00f3n del Hospital sea un hecho. Vemos m\u00f3dulos de buena calidad que dar\u00e1n garant\u00edas de comodidad y un \u00f3ptimo funcionamiento para nuestros usuarios y funcionarios\u201d, sostuvo el Dr. Jaime Retamal, quien destac\u00f3 el proceso que ha liderado el Servicio de Salud Aconcagua y su Directora, la Dra. Vilma Olave, y el permanente compromiso que han demostrado funcionarias del Hospital.<\/p>\n","protected":false},"excerpt":{"rendered":"<p>Llegan primeros m\u00f3dulos de atenci\u00f3n administrativa y cl\u00ednica, que comenzar\u00e1n a ser utilizados para desocupar algunas dependencias del establecimiento, ad portas de la continuidad de las obras de normalizaci\u00f3n de la instituci\u00f3n&#8230;<\/p>\n","protected":false},"author":482,"featured_media":66782,"comment_status":"open","ping_status":"open","sticky":false,"template":"","format":"standard","meta":{"advanced_seo_description":"","jetpack_seo_html_title":"","jetpack_seo_noindex":false,"_jetpack_memberships_contains_paid_content":false,"footnotes":""},"categories":[1],"tags":[],"class_list":["post-66781","post","type-post","status-publish","format-standard","has-post-thumbnail","hentry","category-cronica"],"jetpack_featured_media_url":"https:\/\/i0.wp.com\/eltrabajo.cl\/portal\/wp-content\/uploads\/2016\/02\/Instalacion-Modulos-Hospital-Psiquiatrico-2.jpg?fit=530%2C350&ssl=1","jetpack_sharing_enabled":true,"jetpack_likes_enabled":true,"jetpack-related-posts":[],"_links":{"self":[{"href":"https:\/\/eltrabajo.cl\/portal\/wp-json\/wp\/v2\/posts\/66781","targetHints":{"allow":["GET"]}}],"collection":[{"href":"https:\/\/eltrabajo.cl\/portal\/wp-json\/wp\/v2\/posts"}],"about":[{"href":"https:\/\/eltrabajo.cl\/portal\/wp-json\/wp\/v2\/types\/post"}],"author":[{"embeddable":true,"href":"https:\/\/eltrabajo.cl\/portal\/wp-json\/wp\/v2\/users\/482"}],"replies":[{"embeddable":true,"href":"https:\/\/eltrabajo.cl\/portal\/wp-json\/wp\/v2\/comments?post=66781"}],"version-history":[{"count":0,"href":"https:\/\/eltrabajo.cl\/portal\/wp-json\/wp\/v2\/posts\/66781\/revisions"}],"wp:featuredmedia":[{"embeddable":true,"href":"https:\/\/eltrabajo.cl\/portal\/wp-json\/wp\/v2\/media\/66782"}],"wp:attachment":[{"href":"https:\/\/eltrabajo.cl\/portal\/wp-json\/wp\/v2\/media?parent=66781"}],"wp:term":[{"taxonomy":"category","embeddable":true,"href":"https:\/\/eltrabajo.cl\/portal\/wp-json\/wp\/v2\/categories?post=66781"},{"taxonomy":"post_tag","embeddable":true,"href":"https:\/\/eltrabajo.cl\/portal\/wp-json\/wp\/v2\/tags?post=66781"}],"curies":[{"name":"wp","href":"https:\/\/api.w.org\/{rel}","templated":true}]}}