{"id":66784,"date":"2016-02-15T10:38:08","date_gmt":"2016-02-15T13:38:08","guid":{"rendered":"http:\/\/www.eltrabajo.cl\/portal\/?p=66784"},"modified":"2016-02-15T10:38:50","modified_gmt":"2016-02-15T13:38:50","slug":"comisario-alvaro-rodriguez-dejo-cargo-y-habria-solicitado-su-retiro","status":"publish","type":"post","link":"https:\/\/eltrabajo.cl\/portal\/comisario-alvaro-rodriguez-dejo-cargo-y-habria-solicitado-su-retiro\/","title":{"rendered":"Comisario \u00c1lvaro Rodr\u00edguez dej\u00f3 cargo y habr\u00eda solicitado su retiro"},"content":{"rendered":"<figure id=\"attachment_66785\" aria-describedby=\"caption-attachment-66785\" style=\"width: 300px\" class=\"wp-caption alignleft\"><img data-recalc-dims=\"1\" loading=\"lazy\" decoding=\"async\" class=\"wp-image-66785 size-medium\" src=\"https:\/\/i0.wp.com\/www.eltrabajo.cl\/portal\/wp-content\/uploads\/2016\/02\/COMISRAIO-DE-LAS-SEGUNDA-COMISARIA-DE-SAN-FELIPE-MAYOR-ALVARO-RODRIGUEZ-300x197.jpg?resize=300%2C197\" alt=\"Comisario de Carabineros \u00c1lvaro Rodr\u00edguez, Mayor de la Segunda Comisar\u00eda de San Felipe.\" width=\"300\" height=\"197\" srcset=\"https:\/\/i0.wp.com\/eltrabajo.cl\/portal\/wp-content\/uploads\/2016\/02\/COMISRAIO-DE-LAS-SEGUNDA-COMISARIA-DE-SAN-FELIPE-MAYOR-ALVARO-RODRIGUEZ.jpg?resize=300%2C197&amp;ssl=1 300w, https:\/\/i0.wp.com\/eltrabajo.cl\/portal\/wp-content\/uploads\/2016\/02\/COMISRAIO-DE-LAS-SEGUNDA-COMISARIA-DE-SAN-FELIPE-MAYOR-ALVARO-RODRIGUEZ.jpg?resize=200%2C131&amp;ssl=1 200w, https:\/\/i0.wp.com\/eltrabajo.cl\/portal\/wp-content\/uploads\/2016\/02\/COMISRAIO-DE-LAS-SEGUNDA-COMISARIA-DE-SAN-FELIPE-MAYOR-ALVARO-RODRIGUEZ.jpg?resize=228%2C150&amp;ssl=1 228w, https:\/\/i0.wp.com\/eltrabajo.cl\/portal\/wp-content\/uploads\/2016\/02\/COMISRAIO-DE-LAS-SEGUNDA-COMISARIA-DE-SAN-FELIPE-MAYOR-ALVARO-RODRIGUEZ.jpg?resize=400%2C263&amp;ssl=1 400w, https:\/\/i0.wp.com\/eltrabajo.cl\/portal\/wp-content\/uploads\/2016\/02\/COMISRAIO-DE-LAS-SEGUNDA-COMISARIA-DE-SAN-FELIPE-MAYOR-ALVARO-RODRIGUEZ.jpg?w=530&amp;ssl=1 530w\" sizes=\"auto, (max-width: 300px) 100vw, 300px\" \/><figcaption id=\"caption-attachment-66785\" class=\"wp-caption-text\">Comisario de Carabineros \u00c1lvaro Rodr\u00edguez, Mayor de la Segunda Comisar\u00eda de San Felipe.<\/figcaption><\/figure>\n<p>A poco m\u00e1s de un mes de su llegada a la Segunda Comisar\u00eda de San Felipe, reemplazando a la Mayor Maureen Espinoza, el oficial ya no se encuentra efectuando sus labores en la unidad policial.<br \/>\nSin que a\u00fan se conozcan detalles ni las razones del hecho, durante los \u00faltimos d\u00edas de la semana reci\u00e9n pasada se confirm\u00f3, que el mayor de Carabineros de la Segunda Comisar\u00eda de San Felipe, Comisario \u00c1lvaro Rodr\u00edguez, elev\u00f3 al alto mando de la instituci\u00f3n su solicitud de retiro y ya no se encuentra efectuando sus labores en la unidad policial sanfelipe\u00f1a.<br \/>\nSi bien, esto no ha sido oficializado por la instituci\u00f3n, en diversos procedimientos policiales desarrollados \u00faltimamente dentro de la comuna, oficiales de distintos rangos confirmaron la ausencia de Rodr\u00edguez, quien habr\u00eda dejado su cargo a s\u00f3lo un mes de haber asumido el puesto que dej\u00f3 el traslado de la Mayor Maureen Espinoza.<br \/>\nSe espera que con el transcurso de las horas, Carabineros de San Felipe, oficialice la partida de Rodr\u00edguez y decrete quien va a asumir sus funciones mientras el Alto Mando de la instituci\u00f3n define la llegada de un nuevo comisario a la zona.<\/p>\n","protected":false},"excerpt":{"rendered":"<p>A poco m\u00e1s de un mes de su llegada a la Segunda Comisar\u00eda de San Felipe, reemplazando a la Mayor Maureen Espinoza, el oficial ya no se encuentra efectuando sus labores en&#8230;<\/p>\n","protected":false},"author":482,"featured_media":66785,"comment_status":"open","ping_status":"open","sticky":false,"template":"","format":"standard","meta":{"advanced_seo_description":"","jetpack_seo_html_title":"","jetpack_seo_noindex":false,"_jetpack_memberships_contains_paid_content":false,"footnotes":""},"categories":[1],"tags":[],"class_list":["post-66784","post","type-post","status-publish","format-standard","has-post-thumbnail","hentry","category-cronica"],"jetpack_featured_media_url":"https:\/\/i0.wp.com\/eltrabajo.cl\/portal\/wp-content\/uploads\/2016\/02\/COMISRAIO-DE-LAS-SEGUNDA-COMISARIA-DE-SAN-FELIPE-MAYOR-ALVARO-RODRIGUEZ.jpg?fit=530%2C348&ssl=1","jetpack_sharing_enabled":true,"jetpack_likes_enabled":true,"jetpack-related-posts":[],"_links":{"self":[{"href":"https:\/\/eltrabajo.cl\/portal\/wp-json\/wp\/v2\/posts\/66784","targetHints":{"allow":["GET"]}}],"collection":[{"href":"https:\/\/eltrabajo.cl\/portal\/wp-json\/wp\/v2\/posts"}],"about":[{"href":"https:\/\/eltrabajo.cl\/portal\/wp-json\/wp\/v2\/types\/post"}],"author":[{"embeddable":true,"href":"https:\/\/eltrabajo.cl\/portal\/wp-json\/wp\/v2\/users\/482"}],"replies":[{"embeddable":true,"href":"https:\/\/eltrabajo.cl\/portal\/wp-json\/wp\/v2\/comments?post=66784"}],"version-history":[{"count":0,"href":"https:\/\/eltrabajo.cl\/portal\/wp-json\/wp\/v2\/posts\/66784\/revisions"}],"wp:featuredmedia":[{"embeddable":true,"href":"https:\/\/eltrabajo.cl\/portal\/wp-json\/wp\/v2\/media\/66785"}],"wp:attachment":[{"href":"https:\/\/eltrabajo.cl\/portal\/wp-json\/wp\/v2\/media?parent=66784"}],"wp:term":[{"taxonomy":"category","embeddable":true,"href":"https:\/\/eltrabajo.cl\/portal\/wp-json\/wp\/v2\/categories?post=66784"},{"taxonomy":"post_tag","embeddable":true,"href":"https:\/\/eltrabajo.cl\/portal\/wp-json\/wp\/v2\/tags?post=66784"}],"curies":[{"name":"wp","href":"https:\/\/api.w.org\/{rel}","templated":true}]}}