{"id":66790,"date":"2016-02-15T10:41:57","date_gmt":"2016-02-15T13:41:57","guid":{"rendered":"http:\/\/www.eltrabajo.cl\/portal\/?p=66790"},"modified":"2016-02-15T10:42:35","modified_gmt":"2016-02-15T13:42:35","slug":"atomovil-fue-arrollado-por-tren-metalero-y-sus-ocupantes-resultan-ilesos","status":"publish","type":"post","link":"https:\/\/eltrabajo.cl\/portal\/atomovil-fue-arrollado-por-tren-metalero-y-sus-ocupantes-resultan-ilesos\/","title":{"rendered":"Atom\u00f3vil fue arrollado por tren metalero y sus ocupantes resultan ilesos"},"content":{"rendered":"<figure id=\"attachment_66791\" aria-describedby=\"caption-attachment-66791\" style=\"width: 300px\" class=\"wp-caption alignleft\"><img data-recalc-dims=\"1\" loading=\"lazy\" decoding=\"async\" class=\"wp-image-66791 size-medium\" src=\"https:\/\/i0.wp.com\/www.eltrabajo.cl\/portal\/wp-content\/uploads\/2016\/02\/Tren-metalero-choca-auto-300x198.jpg?resize=300%2C198\" alt=\"El conductor cruz\u00f3 por un paso no habilitado y sin percatarse del tren que se desplazaba cargado hacia la estaci\u00f3n de transferencia de Los Andes. Los ocupantes resultaron ilesos.\" width=\"300\" height=\"198\" srcset=\"https:\/\/i0.wp.com\/eltrabajo.cl\/portal\/wp-content\/uploads\/2016\/02\/Tren-metalero-choca-auto.jpg?resize=300%2C198&amp;ssl=1 300w, https:\/\/i0.wp.com\/eltrabajo.cl\/portal\/wp-content\/uploads\/2016\/02\/Tren-metalero-choca-auto.jpg?resize=200%2C132&amp;ssl=1 200w, https:\/\/i0.wp.com\/eltrabajo.cl\/portal\/wp-content\/uploads\/2016\/02\/Tren-metalero-choca-auto.jpg?resize=228%2C150&amp;ssl=1 228w, https:\/\/i0.wp.com\/eltrabajo.cl\/portal\/wp-content\/uploads\/2016\/02\/Tren-metalero-choca-auto.jpg?resize=400%2C263&amp;ssl=1 400w, https:\/\/i0.wp.com\/eltrabajo.cl\/portal\/wp-content\/uploads\/2016\/02\/Tren-metalero-choca-auto.jpg?w=530&amp;ssl=1 530w\" sizes=\"auto, (max-width: 300px) 100vw, 300px\" \/><figcaption id=\"caption-attachment-66791\" class=\"wp-caption-text\">El conductor cruz\u00f3 por un paso no habilitado y sin percatarse del tren que se desplazaba cargado hacia la estaci\u00f3n de transferencia de Los Andes. Los ocupantes resultaron ilesos.<\/figcaption><\/figure>\n<p><strong>LOS ANDES<\/strong>.- Providencialmente ilesos resultaron los dos ocupantes de un autom\u00f3vil que la tarde de este viernes fue arrollado por el tren que transporta concentrado de cobre desde la Divisi\u00f3n Andina.<br \/>\nEl accidente se registr\u00f3 pasadas las 18:35 horas a la altura de la calle Potrerillos en la villa Cristo Redentor, cuando el conductor de un autom\u00f3vil Great Wall que se desplazaba por esa arteria en direcci\u00f3n al norte, al llegar al cruce ferroviario no habilitado formalmente en ese lugar, cruz\u00f3 sin percatarse de la cercan\u00eda del tren que se desplazaba cargado hacia la estaci\u00f3n de transferencia de Los Andes, siendo arrastrado por cerca de 10 metros.<br \/>\nAfortunadamente el convoy ferroviario encabezado por la locomotora N\u00ba 1812 circulaba a muy baja velocidad, por lo que el arrastre del autom\u00f3vil fue de solo unos metros, derribando la reja del cierre perimetral de una casa y terminando sobre ella.<br \/>\nAnte la emergencia concurri\u00f3 la Unidad de Rescate de la Primera Compa\u00f1\u00eda de Bomberos, una unidad de agua de la Segunda Compa\u00f1\u00eda y una ambulancia del Samu.<br \/>\nSin embargo, el conductor del auto, quien viajaba junto a su hijo, hab\u00edan salido ya por sus propios medios del auto, el cual result\u00f3 con da\u00f1os considerables.<br \/>\nCarabineros del cuadrante 4 adopt\u00f3 el procedimiento de rigor, no obstante que en este caso el responsable es el conductor del autom\u00f3vil que cruz\u00f3 la v\u00eda sin estar atento al paso del tren.<\/p>\n","protected":false},"excerpt":{"rendered":"<p>LOS ANDES.- Providencialmente ilesos resultaron los dos ocupantes de un autom\u00f3vil que la tarde de este viernes fue arrollado por el tren que transporta concentrado de cobre desde la Divisi\u00f3n Andina. El&#8230;<\/p>\n","protected":false},"author":482,"featured_media":66791,"comment_status":"open","ping_status":"open","sticky":false,"template":"","format":"standard","meta":{"advanced_seo_description":"","jetpack_seo_html_title":"","jetpack_seo_noindex":false,"_jetpack_memberships_contains_paid_content":false,"footnotes":""},"categories":[21],"tags":[],"class_list":["post-66790","post","type-post","status-publish","format-standard","has-post-thumbnail","hentry","category-policial"],"jetpack_featured_media_url":"https:\/\/i0.wp.com\/eltrabajo.cl\/portal\/wp-content\/uploads\/2016\/02\/Tren-metalero-choca-auto.jpg?fit=530%2C349&ssl=1","jetpack_sharing_enabled":true,"jetpack_likes_enabled":true,"jetpack-related-posts":[],"_links":{"self":[{"href":"https:\/\/eltrabajo.cl\/portal\/wp-json\/wp\/v2\/posts\/66790","targetHints":{"allow":["GET"]}}],"collection":[{"href":"https:\/\/eltrabajo.cl\/portal\/wp-json\/wp\/v2\/posts"}],"about":[{"href":"https:\/\/eltrabajo.cl\/portal\/wp-json\/wp\/v2\/types\/post"}],"author":[{"embeddable":true,"href":"https:\/\/eltrabajo.cl\/portal\/wp-json\/wp\/v2\/users\/482"}],"replies":[{"embeddable":true,"href":"https:\/\/eltrabajo.cl\/portal\/wp-json\/wp\/v2\/comments?post=66790"}],"version-history":[{"count":0,"href":"https:\/\/eltrabajo.cl\/portal\/wp-json\/wp\/v2\/posts\/66790\/revisions"}],"wp:featuredmedia":[{"embeddable":true,"href":"https:\/\/eltrabajo.cl\/portal\/wp-json\/wp\/v2\/media\/66791"}],"wp:attachment":[{"href":"https:\/\/eltrabajo.cl\/portal\/wp-json\/wp\/v2\/media?parent=66790"}],"wp:term":[{"taxonomy":"category","embeddable":true,"href":"https:\/\/eltrabajo.cl\/portal\/wp-json\/wp\/v2\/categories?post=66790"},{"taxonomy":"post_tag","embeddable":true,"href":"https:\/\/eltrabajo.cl\/portal\/wp-json\/wp\/v2\/tags?post=66790"}],"curies":[{"name":"wp","href":"https:\/\/api.w.org\/{rel}","templated":true}]}}