{"id":66793,"date":"2016-02-15T10:44:27","date_gmt":"2016-02-15T13:44:27","guid":{"rendered":"http:\/\/www.eltrabajo.cl\/portal\/?p=66793"},"modified":"2016-02-15T10:44:27","modified_gmt":"2016-02-15T13:44:27","slug":"roban-mas-de-300-mil-en-especies-de-local-de-reparacion-de-bicicletas","status":"publish","type":"post","link":"https:\/\/eltrabajo.cl\/portal\/roban-mas-de-300-mil-en-especies-de-local-de-reparacion-de-bicicletas\/","title":{"rendered":"Roban m\u00e1s de $300 mil en especies de local de reparaci\u00f3n de bicicletas"},"content":{"rendered":"<figure id=\"attachment_66794\" aria-describedby=\"caption-attachment-66794\" style=\"width: 300px\" class=\"wp-caption alignleft\"><img data-recalc-dims=\"1\" loading=\"lazy\" decoding=\"async\" class=\"wp-image-66794 size-medium\" src=\"https:\/\/i0.wp.com\/www.eltrabajo.cl\/portal\/wp-content\/uploads\/2016\/02\/ROBO-TALLER-BICICLETAS-300x198.jpg?resize=300%2C198\" alt=\"Los delincuentes habr\u00edan aprovechado el gran movimiento de gente que asisti\u00f3 a la chaya para robar una bicicleta y una horquilla desde el local comercial del Mercado Dolores Otero. \" width=\"300\" height=\"198\" srcset=\"https:\/\/i0.wp.com\/eltrabajo.cl\/portal\/wp-content\/uploads\/2016\/02\/ROBO-TALLER-BICICLETAS.jpg?resize=300%2C198&amp;ssl=1 300w, https:\/\/i0.wp.com\/eltrabajo.cl\/portal\/wp-content\/uploads\/2016\/02\/ROBO-TALLER-BICICLETAS.jpg?resize=200%2C132&amp;ssl=1 200w, https:\/\/i0.wp.com\/eltrabajo.cl\/portal\/wp-content\/uploads\/2016\/02\/ROBO-TALLER-BICICLETAS.jpg?resize=228%2C150&amp;ssl=1 228w, https:\/\/i0.wp.com\/eltrabajo.cl\/portal\/wp-content\/uploads\/2016\/02\/ROBO-TALLER-BICICLETAS.jpg?resize=400%2C263&amp;ssl=1 400w, https:\/\/i0.wp.com\/eltrabajo.cl\/portal\/wp-content\/uploads\/2016\/02\/ROBO-TALLER-BICICLETAS.jpg?w=530&amp;ssl=1 530w\" sizes=\"auto, (max-width: 300px) 100vw, 300px\" \/><figcaption id=\"caption-attachment-66794\" class=\"wp-caption-text\">Los delincuentes habr\u00edan aprovechado el gran movimiento de gente que asisti\u00f3 a la chaya para robar una bicicleta y una horquilla desde el local comercial del Mercado Dolores Otero.<\/figcaption><\/figure>\n<ul>\n<li><strong>Desde el local \u2018Ciclo Zona\u2019 ubicado en Calle Bulnes, sujetos se llevaron una bicicleta y una horquilla, pertenecientes a clientes.<\/strong><\/li>\n<\/ul>\n<p><strong>PUTAENDO<\/strong>.- En horas de la madrugada de este s\u00e1bado, delincuentes perpetraron un robo en el local de reparaci\u00f3n de bicicletas Ciclo Zona, ubicado en las dependencias del Mercado Dolores Otero por calle Manuel Bulnes.<br \/>\nDe acuerdo a la versi\u00f3n entregada a nuestro medio por Jorge Espinoza, propietario del negocio afectado, durante la tarde de ayer viernes se retir\u00f3 del local a eso de las 20:00 horas, dejando las dependencias cerradas con candado.<br \/>\nAl llegar a abrir su local a eso de las 10:00 horas encontr\u00f3 que el candado estaba abierto y al ingresar a las dependencias se percat\u00f3 que faltaba una bicicleta y una horquilla, ambos elementos pertenecientes a clientes y avaluados en m\u00e1s de $300.000.<br \/>\nEspinoza indic\u00f3 adem\u00e1s que consult\u00f3 al guardia y al administrador del Mercado Dolores Otero por el horario de cierre del establecimiento ayer viernes, quienes le respondieron que el mercado estuvo abierto hasta las dos de la madrugada pero que s\u00f3lo se hab\u00eda habilitado una puerta para ingreso y salida de clientes. Ante esta informaci\u00f3n el propietario del local mantiene sus sospechas que el robo pudo haber sido cometido en ese horario o despu\u00e9s, debido a que en el sector interior que conduce a su negocio en horas de la noche se encontraban varios j\u00f3venes que aprovecharon la oscuridad del lugar para permanecer ah\u00ed mientras se desarrollaba el Carnaval de la Chaya, lo que de acuerdo a Jorge Espinoza, se evidencia debido a la gran cantidad de colillas de cigarro que tanto \u00e9l como otros locatarios encontraron en el lugar.<br \/>\nRespecto a las especies robadas, el afectado sostuvo que buscar\u00e1 la manera de responder a sus clientes.<br \/>\n<strong>Patricio Gallardo M.<\/strong><\/p>\n","protected":false},"excerpt":{"rendered":"<p>Desde el local \u2018Ciclo Zona\u2019 ubicado en Calle Bulnes, sujetos se llevaron una bicicleta y una horquilla, pertenecientes a clientes. PUTAENDO.- En horas de la madrugada de este s\u00e1bado, delincuentes perpetraron un&#8230;<\/p>\n","protected":false},"author":482,"featured_media":66794,"comment_status":"open","ping_status":"open","sticky":false,"template":"","format":"standard","meta":{"advanced_seo_description":"","jetpack_seo_html_title":"","jetpack_seo_noindex":false,"_jetpack_memberships_contains_paid_content":false,"footnotes":""},"categories":[21],"tags":[],"class_list":["post-66793","post","type-post","status-publish","format-standard","has-post-thumbnail","hentry","category-policial"],"jetpack_featured_media_url":"https:\/\/i0.wp.com\/eltrabajo.cl\/portal\/wp-content\/uploads\/2016\/02\/ROBO-TALLER-BICICLETAS.jpg?fit=530%2C349&ssl=1","jetpack_sharing_enabled":true,"jetpack_likes_enabled":true,"jetpack-related-posts":[],"_links":{"self":[{"href":"https:\/\/eltrabajo.cl\/portal\/wp-json\/wp\/v2\/posts\/66793","targetHints":{"allow":["GET"]}}],"collection":[{"href":"https:\/\/eltrabajo.cl\/portal\/wp-json\/wp\/v2\/posts"}],"about":[{"href":"https:\/\/eltrabajo.cl\/portal\/wp-json\/wp\/v2\/types\/post"}],"author":[{"embeddable":true,"href":"https:\/\/eltrabajo.cl\/portal\/wp-json\/wp\/v2\/users\/482"}],"replies":[{"embeddable":true,"href":"https:\/\/eltrabajo.cl\/portal\/wp-json\/wp\/v2\/comments?post=66793"}],"version-history":[{"count":0,"href":"https:\/\/eltrabajo.cl\/portal\/wp-json\/wp\/v2\/posts\/66793\/revisions"}],"wp:featuredmedia":[{"embeddable":true,"href":"https:\/\/eltrabajo.cl\/portal\/wp-json\/wp\/v2\/media\/66794"}],"wp:attachment":[{"href":"https:\/\/eltrabajo.cl\/portal\/wp-json\/wp\/v2\/media?parent=66793"}],"wp:term":[{"taxonomy":"category","embeddable":true,"href":"https:\/\/eltrabajo.cl\/portal\/wp-json\/wp\/v2\/categories?post=66793"},{"taxonomy":"post_tag","embeddable":true,"href":"https:\/\/eltrabajo.cl\/portal\/wp-json\/wp\/v2\/tags?post=66793"}],"curies":[{"name":"wp","href":"https:\/\/api.w.org\/{rel}","templated":true}]}}