{"id":66799,"date":"2016-02-15T10:53:14","date_gmt":"2016-02-15T13:53:14","guid":{"rendered":"http:\/\/www.eltrabajo.cl\/portal\/?p=66799"},"modified":"2016-02-15T10:53:14","modified_gmt":"2016-02-15T13:53:14","slug":"campeonato-internacional-de-slackline-se-realizo-en-nuestra-plaza-civica","status":"publish","type":"post","link":"https:\/\/eltrabajo.cl\/portal\/campeonato-internacional-de-slackline-se-realizo-en-nuestra-plaza-civica\/","title":{"rendered":"Campeonato internacional de slackline se realiz\u00f3 en nuestra Plaza C\u00edvica"},"content":{"rendered":"<p><img data-recalc-dims=\"1\" loading=\"lazy\" decoding=\"async\" class=\"alignleft wp-image-66800 size-medium\" src=\"https:\/\/i0.wp.com\/www.eltrabajo.cl\/portal\/wp-content\/uploads\/2016\/02\/CAMPEONES-300x198.jpg?resize=300%2C198\" alt=\"CAMPEONES\" width=\"300\" height=\"198\" srcset=\"https:\/\/i0.wp.com\/eltrabajo.cl\/portal\/wp-content\/uploads\/2016\/02\/CAMPEONES.jpg?resize=300%2C198&amp;ssl=1 300w, https:\/\/i0.wp.com\/eltrabajo.cl\/portal\/wp-content\/uploads\/2016\/02\/CAMPEONES.jpg?resize=200%2C132&amp;ssl=1 200w, https:\/\/i0.wp.com\/eltrabajo.cl\/portal\/wp-content\/uploads\/2016\/02\/CAMPEONES.jpg?resize=228%2C150&amp;ssl=1 228w, https:\/\/i0.wp.com\/eltrabajo.cl\/portal\/wp-content\/uploads\/2016\/02\/CAMPEONES.jpg?resize=400%2C263&amp;ssl=1 400w, https:\/\/i0.wp.com\/eltrabajo.cl\/portal\/wp-content\/uploads\/2016\/02\/CAMPEONES.jpg?w=530&amp;ssl=1 530w\" sizes=\"auto, (max-width: 300px) 100vw, 300px\" \/><\/p>\n<p>Todo una fiesta deportiva es la que se desarroll\u00f3 durante este fin de semana en nuestra Plaza C\u00edvica, teniendo como punta de lanza el primer campeonato internacional de slackline, propuesta desarrollada por el Departamento de Deportes de la Municipalidad de San Felipe y en la que participaron al menos unos 60 riders de Santiago, Aconcagua, Vi\u00f1a del Mar y de Los Andes, as\u00ed como tambi\u00e9n el experimentado slacker norteamericano, Luke Diestel, quien viaj\u00f3 exclusivamente desde Santa M\u00f3nica, EE.UU.<\/p>\n<p><strong>\u00bfQU\u00c9 ES SLACKLINE?<\/strong><br \/>\nPara nuestros lectores que no est\u00e9n muy familiarizados con la pr\u00e1ctica de esta actividad, el slackline es un deporte de equilibrio en el que se usa una cinta que se engancha entre dos puntos fijos, generalmente \u00e1rboles, y se tensa. En el slackline se camina sobre una cinta plana de nylon o poli\u00e9ster. Este deporte se diferencia de la cuerda floja en que se utiliza una cinta plana en lugar de una cuerda, como usaban los antiguos funambulistas. Del mismo modo, en la slackline tampoco se usa ninguna herramienta para ayudarse a mantener el equilibrio, como varas u otros medios, por lo que los riders, como se les llama a estos acr\u00f3batas, se dieron mil gustos haciendo las mejores acrobacias y piruetas en el aire.<\/p>\n<p><strong>LAS CATEGOR\u00cdAS<\/strong><br \/>\n\u00abSon tres las categor\u00edas en las que se particip\u00f3, Amateur, Experto y Profesionales. El campeonato arranc\u00f3 el s\u00e1bado y termin\u00f3 el domingo en la tarde con la gran final; el ganador se llev\u00f3 un tecle, el t\u00edtulo de Campe\u00f3n, una cinta profesional para practicar en casa y donde quiera hacerlo con sus amigos, este deporte se practica desde hace tres a\u00f1os en San Felipe, pero hasta 2016 lo instauramos a los talleres de deportes del Municipio, tal como nos lo indic\u00f3 el alcalde Patricio Freire\u00bb, asegur\u00f3 a Diario El Trabajo el director del Departamento de de Deportes, Danilo Pe\u00f1a.<\/p>\n<p><strong>LOS PROTAGONISTAS<\/strong><br \/>\nNuestro medio habl\u00f3 con Benjam\u00edn P\u00e1ez Castillo de 16 a\u00f1os, un joven participante en este campeonato \u00absoy sanfelipe\u00f1o, estoy muy motivado con poder participar en este campeonato y poder luchar para superar a los otros experimentados slackers\u00bb.<br \/>\nPor su parte el afamado slacker norteamericano, Luke Diestel, coment\u00f3 en su idioma a nuestro medio que \u00abestoy muy contento por estar en este campeonato. Vine a San Felipe para el evento, estar\u00e9 una semana nada m\u00e1s en Chile, veo que hay un buen nivel de los participantes, tambi\u00e9n veo a chicas y eso tambi\u00e9n potencia la actividad, estoy muy contento por haber ganado este campeonato, porque es un logro internacional de primer nivel para m\u00ed\u00bb. Este joven de apenas 21 a\u00f1os, ha competido en campeonatos mundiales en EE.UU., Brasil, Canad\u00e1 y ahora en este internacional de Chile.<br \/>\nA las 23:00 horas finaliz\u00f3 el torneo, dando como ganadores a Hern\u00e1n Arancibia como campe\u00f3n en la categor\u00eda Amateur; Nicol\u00e1s Gonz\u00e1lez en la categor\u00eda Experto y Luke Diestel en la categor\u00eda Profesional, y campe\u00f3n general del torneo.<br \/>\n<strong>Roberto Gonz\u00e1lez Short<\/strong><br \/>\n<strong>rgonzalez@eltrabajo.cl<\/strong><\/p>\n<div class=\"tiled-gallery type-rectangular tiled-gallery-unresized\" data-original-width=\"640\" data-carousel-extra='null' itemscope itemtype=\"http:\/\/schema.org\/ImageGallery\" > <div class=\"gallery-row\" style=\"width: 640px; height: 283px;\" data-original-width=\"640\" data-original-height=\"283\" > <div class=\"gallery-group images-1\" style=\"width: 428px; height: 283px;\" data-original-width=\"428\" data-original-height=\"283\" > <div class=\"tiled-gallery-item tiled-gallery-item-large\" itemprop=\"associatedMedia\" itemscope itemtype=\"http:\/\/schema.org\/ImageObject\"> <a href=\"https:\/\/eltrabajo.cl\/portal\/campeonato-internacional-de-slackline-se-realizo-en-nuestra-plaza-civica\/kamikase\/\" border=\"0\" itemprop=\"url\"> <meta itemprop=\"width\" content=\"424\"> <meta itemprop=\"height\" content=\"279\"> <img decoding=\"async\" class=\"\" data-attachment-id=\"66803\" data-orig-file=\"https:\/\/eltrabajo.cl\/portal\/wp-content\/uploads\/2016\/02\/Kamikase.jpg\" data-orig-size=\"530,349\" data-comments-opened=\"1\" data-image-meta=\"{&quot;aperture&quot;:&quot;0&quot;,&quot;credit&quot;:&quot;&quot;,&quot;camera&quot;:&quot;&quot;,&quot;caption&quot;:&quot;&quot;,&quot;created_timestamp&quot;:&quot;0&quot;,&quot;copyright&quot;:&quot;&quot;,&quot;focal_length&quot;:&quot;0&quot;,&quot;iso&quot;:&quot;0&quot;,&quot;shutter_speed&quot;:&quot;0&quot;,&quot;title&quot;:&quot;&quot;,&quot;orientation&quot;:&quot;0&quot;}\" data-image-title=\"Kamikase\" data-image-description=\"&lt;p&gt;KAMIKASE.- Este joven impresion\u00f3 a los presentes y Jurado, pues corri\u00f3 todos los riesgos para lograr su mejor puntaje.&lt;\/p&gt; \" data-medium-file=\"https:\/\/i0.wp.com\/eltrabajo.cl\/portal\/wp-content\/uploads\/2016\/02\/Kamikase.jpg?fit=300%2C198&#038;ssl=1\" data-large-file=\"https:\/\/i0.wp.com\/eltrabajo.cl\/portal\/wp-content\/uploads\/2016\/02\/Kamikase.jpg?fit=530%2C349&#038;ssl=1\" src=\"https:\/\/i0.wp.com\/eltrabajo.cl\/portal\/wp-content\/uploads\/2016\/02\/Kamikase.jpg?w=424&#038;h=279&#038;ssl=1\" srcset=\"https:\/\/i0.wp.com\/eltrabajo.cl\/portal\/wp-content\/uploads\/2016\/02\/Kamikase.jpg?w=530&amp;ssl=1 530w, https:\/\/i0.wp.com\/eltrabajo.cl\/portal\/wp-content\/uploads\/2016\/02\/Kamikase.jpg?resize=200%2C132&amp;ssl=1 200w, https:\/\/i0.wp.com\/eltrabajo.cl\/portal\/wp-content\/uploads\/2016\/02\/Kamikase.jpg?resize=300%2C198&amp;ssl=1 300w, https:\/\/i0.wp.com\/eltrabajo.cl\/portal\/wp-content\/uploads\/2016\/02\/Kamikase.jpg?resize=228%2C150&amp;ssl=1 228w, https:\/\/i0.wp.com\/eltrabajo.cl\/portal\/wp-content\/uploads\/2016\/02\/Kamikase.jpg?resize=400%2C263&amp;ssl=1 400w\" width=\"424\" height=\"279\" loading=\"lazy\" data-original-width=\"424\" data-original-height=\"279\" itemprop=\"http:\/\/schema.org\/image\" title=\"Kamikase\" alt=\"KAMIKASE.- Este joven impresion\u00f3 a los presentes y Jurado, pues corri\u00f3 todos los riesgos para lograr su mejor puntaje.\" style=\"width: 424px; height: 279px;\" \/> <\/a> <div class=\"tiled-gallery-caption\" itemprop=\"caption description\"> KAMIKASE.- Este joven impresion\u00f3 a los presentes y Jurado, pues corri\u00f3 todos los riesgos para lograr su mejor puntaje. <\/div> <\/div> <\/div> <!-- close group --> <div class=\"gallery-group images-2\" style=\"width: 212px; height: 283px;\" data-original-width=\"212\" data-original-height=\"283\" > <div class=\"tiled-gallery-item tiled-gallery-item-small\" itemprop=\"associatedMedia\" itemscope itemtype=\"http:\/\/schema.org\/ImageObject\"> <a href=\"https:\/\/eltrabajo.cl\/portal\/campeonato-internacional-de-slackline-se-realizo-en-nuestra-plaza-civica\/luke-diestel\/\" border=\"0\" itemprop=\"url\"> <meta itemprop=\"width\" content=\"208\"> <meta itemprop=\"height\" content=\"137\"> <img decoding=\"async\" class=\"\" data-attachment-id=\"66804\" data-orig-file=\"https:\/\/eltrabajo.cl\/portal\/wp-content\/uploads\/2016\/02\/Luke-Diestel.jpg\" data-orig-size=\"530,349\" data-comments-opened=\"1\" data-image-meta=\"{&quot;aperture&quot;:&quot;0&quot;,&quot;credit&quot;:&quot;&quot;,&quot;camera&quot;:&quot;&quot;,&quot;caption&quot;:&quot;&quot;,&quot;created_timestamp&quot;:&quot;0&quot;,&quot;copyright&quot;:&quot;&quot;,&quot;focal_length&quot;:&quot;0&quot;,&quot;iso&quot;:&quot;0&quot;,&quot;shutter_speed&quot;:&quot;0&quot;,&quot;title&quot;:&quot;&quot;,&quot;orientation&quot;:&quot;0&quot;}\" data-image-title=\"Luke Diestel\" data-image-description=\"&lt;p&gt;CATEGOR\u00cdA MUNDIAL.- Luke Diestel debi\u00f3 demostrar su se\u00f1or\u00edo profesional en este deporte extremo, pues nuestros riders nacionales fueron un reto casi insuperable para el norteamericano.&lt;\/p&gt; \" data-medium-file=\"https:\/\/i0.wp.com\/eltrabajo.cl\/portal\/wp-content\/uploads\/2016\/02\/Luke-Diestel.jpg?fit=300%2C198&#038;ssl=1\" data-large-file=\"https:\/\/i0.wp.com\/eltrabajo.cl\/portal\/wp-content\/uploads\/2016\/02\/Luke-Diestel.jpg?fit=530%2C349&#038;ssl=1\" src=\"https:\/\/i0.wp.com\/eltrabajo.cl\/portal\/wp-content\/uploads\/2016\/02\/Luke-Diestel.jpg?w=208&#038;h=137&#038;ssl=1\" srcset=\"https:\/\/i0.wp.com\/eltrabajo.cl\/portal\/wp-content\/uploads\/2016\/02\/Luke-Diestel.jpg?w=530&amp;ssl=1 530w, https:\/\/i0.wp.com\/eltrabajo.cl\/portal\/wp-content\/uploads\/2016\/02\/Luke-Diestel.jpg?resize=200%2C132&amp;ssl=1 200w, https:\/\/i0.wp.com\/eltrabajo.cl\/portal\/wp-content\/uploads\/2016\/02\/Luke-Diestel.jpg?resize=300%2C198&amp;ssl=1 300w, https:\/\/i0.wp.com\/eltrabajo.cl\/portal\/wp-content\/uploads\/2016\/02\/Luke-Diestel.jpg?resize=228%2C150&amp;ssl=1 228w, https:\/\/i0.wp.com\/eltrabajo.cl\/portal\/wp-content\/uploads\/2016\/02\/Luke-Diestel.jpg?resize=400%2C263&amp;ssl=1 400w\" width=\"208\" height=\"137\" loading=\"lazy\" data-original-width=\"208\" data-original-height=\"137\" itemprop=\"http:\/\/schema.org\/image\" title=\"Luke Diestel\" alt=\"CATEGOR\u00cdA MUNDIAL.- Luke Diestel debi\u00f3 demostrar su se\u00f1or\u00edo profesional en este deporte extremo, pues nuestros riders nacionales fueron un reto casi insuperable para el norteamericano.\" style=\"width: 208px; height: 137px;\" \/> <\/a> <div class=\"tiled-gallery-caption\" itemprop=\"caption description\"> CATEGOR\u00cdA MUNDIAL.- Luke Diestel debi\u00f3 demostrar su se\u00f1or\u00edo profesional en este deporte extremo, pues nuestros riders nacionales fueron un reto casi insuperable para el norteamericano. <\/div> <\/div> <div class=\"tiled-gallery-item tiled-gallery-item-small\" itemprop=\"associatedMedia\" itemscope itemtype=\"http:\/\/schema.org\/ImageObject\"> <a href=\"https:\/\/eltrabajo.cl\/portal\/campeonato-internacional-de-slackline-se-realizo-en-nuestra-plaza-civica\/matias-pavez-1\/\" border=\"0\" itemprop=\"url\"> <meta itemprop=\"width\" content=\"208\"> <meta itemprop=\"height\" content=\"138\"> <img decoding=\"async\" class=\"\" data-attachment-id=\"66805\" data-orig-file=\"https:\/\/eltrabajo.cl\/portal\/wp-content\/uploads\/2016\/02\/Matias-Pavez-1.jpg\" data-orig-size=\"530,350\" data-comments-opened=\"1\" data-image-meta=\"{&quot;aperture&quot;:&quot;0&quot;,&quot;credit&quot;:&quot;&quot;,&quot;camera&quot;:&quot;&quot;,&quot;caption&quot;:&quot;&quot;,&quot;created_timestamp&quot;:&quot;0&quot;,&quot;copyright&quot;:&quot;&quot;,&quot;focal_length&quot;:&quot;0&quot;,&quot;iso&quot;:&quot;0&quot;,&quot;shutter_speed&quot;:&quot;0&quot;,&quot;title&quot;:&quot;&quot;,&quot;orientation&quot;:&quot;0&quot;}\" data-image-title=\"Matias Pavez (1)\" data-image-description=\"&lt;p&gt;Mat\u00edas Pavez, participante que demostr\u00f3 estar en un buen nivel de preparaci\u00f3n deportiva.&lt;\/p&gt; \" data-medium-file=\"https:\/\/i0.wp.com\/eltrabajo.cl\/portal\/wp-content\/uploads\/2016\/02\/Matias-Pavez-1.jpg?fit=300%2C198&#038;ssl=1\" data-large-file=\"https:\/\/i0.wp.com\/eltrabajo.cl\/portal\/wp-content\/uploads\/2016\/02\/Matias-Pavez-1.jpg?fit=530%2C350&#038;ssl=1\" src=\"https:\/\/i0.wp.com\/eltrabajo.cl\/portal\/wp-content\/uploads\/2016\/02\/Matias-Pavez-1.jpg?w=208&#038;h=138&#038;ssl=1\" srcset=\"https:\/\/i0.wp.com\/eltrabajo.cl\/portal\/wp-content\/uploads\/2016\/02\/Matias-Pavez-1.jpg?w=530&amp;ssl=1 530w, https:\/\/i0.wp.com\/eltrabajo.cl\/portal\/wp-content\/uploads\/2016\/02\/Matias-Pavez-1.jpg?resize=200%2C132&amp;ssl=1 200w, https:\/\/i0.wp.com\/eltrabajo.cl\/portal\/wp-content\/uploads\/2016\/02\/Matias-Pavez-1.jpg?resize=300%2C198&amp;ssl=1 300w, https:\/\/i0.wp.com\/eltrabajo.cl\/portal\/wp-content\/uploads\/2016\/02\/Matias-Pavez-1.jpg?resize=227%2C150&amp;ssl=1 227w, https:\/\/i0.wp.com\/eltrabajo.cl\/portal\/wp-content\/uploads\/2016\/02\/Matias-Pavez-1.jpg?resize=400%2C264&amp;ssl=1 400w\" width=\"208\" height=\"138\" loading=\"lazy\" data-original-width=\"208\" data-original-height=\"138\" itemprop=\"http:\/\/schema.org\/image\" title=\"Matias Pavez (1)\" alt=\"Mat\u00edas Pavez, participante que demostr\u00f3 estar en un buen nivel de preparaci\u00f3n deportiva.\" style=\"width: 208px; height: 138px;\" \/> <\/a> <div class=\"tiled-gallery-caption\" itemprop=\"caption description\"> Mat\u00edas Pavez, participante que demostr\u00f3 estar en un buen nivel de preparaci\u00f3n deportiva. <\/div> <\/div> <\/div> <!-- close group --> <\/div> <!-- close row --> <div class=\"gallery-row\" style=\"width: 640px; height: 212px;\" data-original-width=\"640\" data-original-height=\"212\" > <div class=\"gallery-group images-1\" style=\"width: 320px; height: 212px;\" data-original-width=\"320\" data-original-height=\"212\" > <div class=\"tiled-gallery-item tiled-gallery-item-large\" itemprop=\"associatedMedia\" itemscope itemtype=\"http:\/\/schema.org\/ImageObject\"> <a href=\"https:\/\/eltrabajo.cl\/portal\/campeonato-internacional-de-slackline-se-realizo-en-nuestra-plaza-civica\/riders33\/\" border=\"0\" itemprop=\"url\"> <meta itemprop=\"width\" content=\"316\"> <meta itemprop=\"height\" content=\"208\"> <img decoding=\"async\" class=\"\" data-attachment-id=\"66807\" data-orig-file=\"https:\/\/eltrabajo.cl\/portal\/wp-content\/uploads\/2016\/02\/Riders33.jpg\" data-orig-size=\"530,350\" data-comments-opened=\"1\" data-image-meta=\"{&quot;aperture&quot;:&quot;0&quot;,&quot;credit&quot;:&quot;&quot;,&quot;camera&quot;:&quot;&quot;,&quot;caption&quot;:&quot;&quot;,&quot;created_timestamp&quot;:&quot;0&quot;,&quot;copyright&quot;:&quot;&quot;,&quot;focal_length&quot;:&quot;0&quot;,&quot;iso&quot;:&quot;0&quot;,&quot;shutter_speed&quot;:&quot;0&quot;,&quot;title&quot;:&quot;&quot;,&quot;orientation&quot;:&quot;0&quot;}\" data-image-title=\"Riders33\" data-image-description=\"&lt;p&gt;LA CREMA.- El primer campeonato internacional de slackline propuesto por el Departamento de Deportes de la Municipalidad de San Felipe, se realiz\u00f3 los d\u00edas s\u00e1bado y domingo pasado en la Plaza C\u00edvica de nuestra ciudad. M\u00e1s de 60 riders de nuestro pa\u00eds saltaron, cayeron, se levantaron y volaron teniendo como base \u00fanicamente una cinta de nylon. (Foto Roberto Gonz\u00e1lez Short)&lt;\/p&gt; \" data-medium-file=\"https:\/\/i0.wp.com\/eltrabajo.cl\/portal\/wp-content\/uploads\/2016\/02\/Riders33.jpg?fit=300%2C198&#038;ssl=1\" data-large-file=\"https:\/\/i0.wp.com\/eltrabajo.cl\/portal\/wp-content\/uploads\/2016\/02\/Riders33.jpg?fit=530%2C350&#038;ssl=1\" src=\"https:\/\/i0.wp.com\/eltrabajo.cl\/portal\/wp-content\/uploads\/2016\/02\/Riders33.jpg?w=316&#038;h=208&#038;ssl=1\" srcset=\"https:\/\/i0.wp.com\/eltrabajo.cl\/portal\/wp-content\/uploads\/2016\/02\/Riders33.jpg?w=530&amp;ssl=1 530w, https:\/\/i0.wp.com\/eltrabajo.cl\/portal\/wp-content\/uploads\/2016\/02\/Riders33.jpg?resize=200%2C132&amp;ssl=1 200w, https:\/\/i0.wp.com\/eltrabajo.cl\/portal\/wp-content\/uploads\/2016\/02\/Riders33.jpg?resize=300%2C198&amp;ssl=1 300w, https:\/\/i0.wp.com\/eltrabajo.cl\/portal\/wp-content\/uploads\/2016\/02\/Riders33.jpg?resize=227%2C150&amp;ssl=1 227w, https:\/\/i0.wp.com\/eltrabajo.cl\/portal\/wp-content\/uploads\/2016\/02\/Riders33.jpg?resize=400%2C264&amp;ssl=1 400w\" width=\"316\" height=\"208\" loading=\"lazy\" data-original-width=\"316\" data-original-height=\"208\" itemprop=\"http:\/\/schema.org\/image\" title=\"Riders33\" alt=\"LA CREMA.- El primer campeonato internacional de slackline propuesto por el Departamento de Deportes de la Municipalidad de San Felipe, se realiz\u00f3 los d\u00edas s\u00e1bado y domingo pasado en la Plaza C\u00edvica de nuestra ciudad. M\u00e1s de 60 riders de nuestro pa\u00eds saltaron, cayeron, se levantaron y volaron teniendo como base \u00fanicamente una cinta de nylon. (Foto Roberto Gonz\u00e1lez Short)\" style=\"width: 316px; height: 208px;\" \/> <\/a> <div class=\"tiled-gallery-caption\" itemprop=\"caption description\"> LA CREMA.- El primer campeonato internacional de slackline propuesto por el Departamento de Deportes de la Municipalidad de San Felipe, se realiz\u00f3 los d\u00edas s\u00e1bado y domingo pasado en la Plaza C\u00edvica de nuestra ciudad. M\u00e1s de 60 riders de nuestro pa\u00eds saltaron, cayeron, se levantaron y volaron teniendo como base \u00fanicamente una cinta de nylon. (Foto Roberto Gonz\u00e1lez Short) <\/div> <\/div> <\/div> <!-- close group --> <div class=\"gallery-group images-1\" style=\"width: 320px; height: 212px;\" data-original-width=\"320\" data-original-height=\"212\" > <div class=\"tiled-gallery-item tiled-gallery-item-large\" itemprop=\"associatedMedia\" itemscope itemtype=\"http:\/\/schema.org\/ImageObject\"> <a href=\"https:\/\/eltrabajo.cl\/portal\/campeonato-internacional-de-slackline-se-realizo-en-nuestra-plaza-civica\/danilo-pena-7\/\" border=\"0\" itemprop=\"url\"> <meta itemprop=\"width\" content=\"316\"> <meta itemprop=\"height\" content=\"208\"> <img decoding=\"async\" class=\"\" data-attachment-id=\"66802\" data-orig-file=\"https:\/\/eltrabajo.cl\/portal\/wp-content\/uploads\/2016\/02\/Danilo-Pena.jpg\" data-orig-size=\"530,349\" data-comments-opened=\"1\" data-image-meta=\"{&quot;aperture&quot;:&quot;0&quot;,&quot;credit&quot;:&quot;&quot;,&quot;camera&quot;:&quot;&quot;,&quot;caption&quot;:&quot;&quot;,&quot;created_timestamp&quot;:&quot;0&quot;,&quot;copyright&quot;:&quot;&quot;,&quot;focal_length&quot;:&quot;0&quot;,&quot;iso&quot;:&quot;0&quot;,&quot;shutter_speed&quot;:&quot;0&quot;,&quot;title&quot;:&quot;&quot;,&quot;orientation&quot;:&quot;0&quot;}\" data-image-title=\"Danilo Pena\" data-image-description=\"&lt;p&gt;Danilo Pe\u00f1a, director del Departamento Municipal de Deportes.&lt;\/p&gt; \" data-medium-file=\"https:\/\/i0.wp.com\/eltrabajo.cl\/portal\/wp-content\/uploads\/2016\/02\/Danilo-Pena.jpg?fit=300%2C198&#038;ssl=1\" data-large-file=\"https:\/\/i0.wp.com\/eltrabajo.cl\/portal\/wp-content\/uploads\/2016\/02\/Danilo-Pena.jpg?fit=530%2C349&#038;ssl=1\" src=\"https:\/\/i0.wp.com\/eltrabajo.cl\/portal\/wp-content\/uploads\/2016\/02\/Danilo-Pena.jpg?w=316&#038;h=208&#038;ssl=1\" srcset=\"https:\/\/i0.wp.com\/eltrabajo.cl\/portal\/wp-content\/uploads\/2016\/02\/Danilo-Pena.jpg?w=530&amp;ssl=1 530w, https:\/\/i0.wp.com\/eltrabajo.cl\/portal\/wp-content\/uploads\/2016\/02\/Danilo-Pena.jpg?resize=200%2C132&amp;ssl=1 200w, https:\/\/i0.wp.com\/eltrabajo.cl\/portal\/wp-content\/uploads\/2016\/02\/Danilo-Pena.jpg?resize=300%2C198&amp;ssl=1 300w, https:\/\/i0.wp.com\/eltrabajo.cl\/portal\/wp-content\/uploads\/2016\/02\/Danilo-Pena.jpg?resize=228%2C150&amp;ssl=1 228w, https:\/\/i0.wp.com\/eltrabajo.cl\/portal\/wp-content\/uploads\/2016\/02\/Danilo-Pena.jpg?resize=400%2C263&amp;ssl=1 400w\" width=\"316\" height=\"208\" loading=\"lazy\" data-original-width=\"316\" data-original-height=\"208\" itemprop=\"http:\/\/schema.org\/image\" title=\"Danilo Pena\" alt=\"Danilo Pe\u00f1a, director del Departamento Municipal de Deportes.\" style=\"width: 316px; height: 208px;\" \/> <\/a> <div class=\"tiled-gallery-caption\" itemprop=\"caption description\"> Danilo Pe\u00f1a, director del Departamento Municipal de Deportes. <\/div> <\/div> <\/div> <!-- close group --> <\/div> <!-- close row --> <\/div>\n","protected":false},"excerpt":{"rendered":"<p>Todo una fiesta deportiva es la que se desarroll\u00f3 durante este fin de semana en nuestra Plaza C\u00edvica, teniendo como punta de lanza el primer campeonato internacional de slackline, propuesta desarrollada por&#8230;<\/p>\n","protected":false},"author":482,"featured_media":66800,"comment_status":"open","ping_status":"open","sticky":false,"template":"","format":"standard","meta":{"advanced_seo_description":"","jetpack_seo_html_title":"","jetpack_seo_noindex":false,"_jetpack_memberships_contains_paid_content":false,"footnotes":""},"categories":[15],"tags":[],"class_list":["post-66799","post","type-post","status-publish","format-standard","has-post-thumbnail","hentry","category-comunidad"],"jetpack_featured_media_url":"https:\/\/i0.wp.com\/eltrabajo.cl\/portal\/wp-content\/uploads\/2016\/02\/CAMPEONES.jpg?fit=530%2C349&ssl=1","jetpack_sharing_enabled":true,"jetpack_likes_enabled":true,"jetpack-related-posts":[],"_links":{"self":[{"href":"https:\/\/eltrabajo.cl\/portal\/wp-json\/wp\/v2\/posts\/66799","targetHints":{"allow":["GET"]}}],"collection":[{"href":"https:\/\/eltrabajo.cl\/portal\/wp-json\/wp\/v2\/posts"}],"about":[{"href":"https:\/\/eltrabajo.cl\/portal\/wp-json\/wp\/v2\/types\/post"}],"author":[{"embeddable":true,"href":"https:\/\/eltrabajo.cl\/portal\/wp-json\/wp\/v2\/users\/482"}],"replies":[{"embeddable":true,"href":"https:\/\/eltrabajo.cl\/portal\/wp-json\/wp\/v2\/comments?post=66799"}],"version-history":[{"count":0,"href":"https:\/\/eltrabajo.cl\/portal\/wp-json\/wp\/v2\/posts\/66799\/revisions"}],"wp:featuredmedia":[{"embeddable":true,"href":"https:\/\/eltrabajo.cl\/portal\/wp-json\/wp\/v2\/media\/66800"}],"wp:attachment":[{"href":"https:\/\/eltrabajo.cl\/portal\/wp-json\/wp\/v2\/media?parent=66799"}],"wp:term":[{"taxonomy":"category","embeddable":true,"href":"https:\/\/eltrabajo.cl\/portal\/wp-json\/wp\/v2\/categories?post=66799"},{"taxonomy":"post_tag","embeddable":true,"href":"https:\/\/eltrabajo.cl\/portal\/wp-json\/wp\/v2\/tags?post=66799"}],"curies":[{"name":"wp","href":"https:\/\/api.w.org\/{rel}","templated":true}]}}