{"id":66819,"date":"2016-02-16T09:29:03","date_gmt":"2016-02-16T12:29:03","guid":{"rendered":"http:\/\/www.eltrabajo.cl\/portal\/?p=66819"},"modified":"2016-02-16T09:29:03","modified_gmt":"2016-02-16T12:29:03","slug":"representantes-llayllainos-se-lucieron-en-feria-aconcagua-su-gente-y-su-cultura-en-los-molles","status":"publish","type":"post","link":"https:\/\/eltrabajo.cl\/portal\/representantes-llayllainos-se-lucieron-en-feria-aconcagua-su-gente-y-su-cultura-en-los-molles\/","title":{"rendered":"Representantes llaylla\u00ednos se lucieron en feria \u2018Aconcagua su gente y su cultura\u2019 en Los Molles"},"content":{"rendered":"<figure id=\"attachment_66820\" aria-describedby=\"caption-attachment-66820\" style=\"width: 300px\" class=\"wp-caption alignleft\"><img data-recalc-dims=\"1\" loading=\"lazy\" decoding=\"async\" class=\"wp-image-66820 size-medium\" src=\"https:\/\/i0.wp.com\/www.eltrabajo.cl\/portal\/wp-content\/uploads\/2016\/02\/BALLET-MUNICIPAL-LLAY-LLAY-300x198.jpg?resize=300%2C198\" alt=\"En la inauguraci\u00f3n se present\u00f3 el Ballet Municipal llaylla\u00edno dirigido por Joselyn Puga, realizando bailes t\u00edpicos de distintas regiones del pa\u00eds, donde no faltaron las diabladas, tiranas, cuadros del Norte, Centro y Sur.\" width=\"300\" height=\"198\" srcset=\"https:\/\/i0.wp.com\/eltrabajo.cl\/portal\/wp-content\/uploads\/2016\/02\/BALLET-MUNICIPAL-LLAY-LLAY.jpg?resize=300%2C198&amp;ssl=1 300w, https:\/\/i0.wp.com\/eltrabajo.cl\/portal\/wp-content\/uploads\/2016\/02\/BALLET-MUNICIPAL-LLAY-LLAY.jpg?resize=200%2C132&amp;ssl=1 200w, https:\/\/i0.wp.com\/eltrabajo.cl\/portal\/wp-content\/uploads\/2016\/02\/BALLET-MUNICIPAL-LLAY-LLAY.jpg?resize=227%2C150&amp;ssl=1 227w, https:\/\/i0.wp.com\/eltrabajo.cl\/portal\/wp-content\/uploads\/2016\/02\/BALLET-MUNICIPAL-LLAY-LLAY.jpg?resize=400%2C264&amp;ssl=1 400w, https:\/\/i0.wp.com\/eltrabajo.cl\/portal\/wp-content\/uploads\/2016\/02\/BALLET-MUNICIPAL-LLAY-LLAY.jpg?w=530&amp;ssl=1 530w\" sizes=\"auto, (max-width: 300px) 100vw, 300px\" \/><figcaption id=\"caption-attachment-66820\" class=\"wp-caption-text\">En la inauguraci\u00f3n se present\u00f3 el Ballet Municipal llaylla\u00edno dirigido por Joselyn Puga, realizando bailes t\u00edpicos de distintas regiones del pa\u00eds, donde no faltaron las diabladas, tiranas, cuadros del Norte, Centro y Sur.<\/figcaption><\/figure>\n<p><strong>LLAY LLAY<\/strong>.- Bien representada estuvo la ciudad del Viento Viento en la feria \u2018Aconcagua su gente y su cultura\u2019 realizada en Los Molles por el Consejo Nacional de la Cultura y las Artes, CNAC, Valpara\u00edso.<br \/>\nEl Ballet Municipal llaylla\u00edno dirigido por Joselyn Puga, entreg\u00f3 una completa sinfon\u00eda de bailes t\u00edpicos de distintas regiones del pa\u00eds, donde no faltaron las diabladas, tiranas, cuadros del Norte, Centro y Sur. El numeroso p\u00fablico presente, compuesto en gran parte por turistas nacionales y extranjeros, quedaron admirados y literalmente \u2018con la boca abierta\u2019.<\/p>\n<p>Mientras los artistas llaylla\u00ednos arrancaban aplausos en la pista del baile, los artesanos del Viento Viento se robaban la atenci\u00f3n de los veraneantes, quienes saboreaban la cerveza artesanal y admiraban la belleza y creatividad de cada joya y cristal de los respectivos stands de Michelle y don Nomberto.<\/p>\n<figure id=\"attachment_66821\" aria-describedby=\"caption-attachment-66821\" style=\"width: 300px\" class=\"wp-caption alignright\"><img data-recalc-dims=\"1\" loading=\"lazy\" decoding=\"async\" class=\"wp-image-66821 size-medium\" src=\"https:\/\/i0.wp.com\/www.eltrabajo.cl\/portal\/wp-content\/uploads\/2016\/02\/ARTESANA-JOYAS-300x197.jpg?resize=300%2C197\" alt=\"Michelle es artesana llaylla\u00edna y particip\u00f3 de esta feria en Los Molles.\" width=\"300\" height=\"197\" srcset=\"https:\/\/i0.wp.com\/eltrabajo.cl\/portal\/wp-content\/uploads\/2016\/02\/ARTESANA-JOYAS.jpg?resize=300%2C197&amp;ssl=1 300w, https:\/\/i0.wp.com\/eltrabajo.cl\/portal\/wp-content\/uploads\/2016\/02\/ARTESANA-JOYAS.jpg?resize=200%2C131&amp;ssl=1 200w, https:\/\/i0.wp.com\/eltrabajo.cl\/portal\/wp-content\/uploads\/2016\/02\/ARTESANA-JOYAS.jpg?resize=228%2C150&amp;ssl=1 228w, https:\/\/i0.wp.com\/eltrabajo.cl\/portal\/wp-content\/uploads\/2016\/02\/ARTESANA-JOYAS.jpg?resize=400%2C263&amp;ssl=1 400w, https:\/\/i0.wp.com\/eltrabajo.cl\/portal\/wp-content\/uploads\/2016\/02\/ARTESANA-JOYAS.jpg?w=530&amp;ssl=1 530w\" sizes=\"auto, (max-width: 300px) 100vw, 300px\" \/><figcaption id=\"caption-attachment-66821\" class=\"wp-caption-text\">Michelle es artesana llaylla\u00edna y particip\u00f3 de esta feria en Los Molles.<\/figcaption><\/figure>\n<p>La actividad oficialmente parti\u00f3 a las 12:00 horas con el tradicional corte de cinta por parte de autoridades y representantes de la zona entre las que se encontraban el alcalde de Catemu, Boris Luksic; en representaci\u00f3n de la seremi de Cultura N\u00e9lida Pozo, Carolina Arce el encargado de Cultura de la municipalidad de La Ligua, Ulises Castillo; el consejero de la Cultura y las Artes de Valpara\u00edso, Sergio Rojas y la encargada del Departamento de Cultura y Relaciones P\u00fablicas de la Municipalidad de Llay Llay, Karina Espinoza.<br \/>\n<strong>Marianela Quevedo<\/strong><\/p>\n","protected":false},"excerpt":{"rendered":"<p>LLAY LLAY.- Bien representada estuvo la ciudad del Viento Viento en la feria \u2018Aconcagua su gente y su cultura\u2019 realizada en Los Molles por el Consejo Nacional de la Cultura y las&#8230;<\/p>\n","protected":false},"author":482,"featured_media":66820,"comment_status":"open","ping_status":"open","sticky":false,"template":"","format":"standard","meta":{"advanced_seo_description":"","jetpack_seo_html_title":"","jetpack_seo_noindex":false,"_jetpack_memberships_contains_paid_content":false,"footnotes":""},"categories":[15],"tags":[],"class_list":["post-66819","post","type-post","status-publish","format-standard","has-post-thumbnail","hentry","category-comunidad"],"jetpack_featured_media_url":"https:\/\/i0.wp.com\/eltrabajo.cl\/portal\/wp-content\/uploads\/2016\/02\/BALLET-MUNICIPAL-LLAY-LLAY.jpg?fit=530%2C350&ssl=1","jetpack_sharing_enabled":true,"jetpack_likes_enabled":true,"jetpack-related-posts":[],"_links":{"self":[{"href":"https:\/\/eltrabajo.cl\/portal\/wp-json\/wp\/v2\/posts\/66819","targetHints":{"allow":["GET"]}}],"collection":[{"href":"https:\/\/eltrabajo.cl\/portal\/wp-json\/wp\/v2\/posts"}],"about":[{"href":"https:\/\/eltrabajo.cl\/portal\/wp-json\/wp\/v2\/types\/post"}],"author":[{"embeddable":true,"href":"https:\/\/eltrabajo.cl\/portal\/wp-json\/wp\/v2\/users\/482"}],"replies":[{"embeddable":true,"href":"https:\/\/eltrabajo.cl\/portal\/wp-json\/wp\/v2\/comments?post=66819"}],"version-history":[{"count":0,"href":"https:\/\/eltrabajo.cl\/portal\/wp-json\/wp\/v2\/posts\/66819\/revisions"}],"wp:featuredmedia":[{"embeddable":true,"href":"https:\/\/eltrabajo.cl\/portal\/wp-json\/wp\/v2\/media\/66820"}],"wp:attachment":[{"href":"https:\/\/eltrabajo.cl\/portal\/wp-json\/wp\/v2\/media?parent=66819"}],"wp:term":[{"taxonomy":"category","embeddable":true,"href":"https:\/\/eltrabajo.cl\/portal\/wp-json\/wp\/v2\/categories?post=66819"},{"taxonomy":"post_tag","embeddable":true,"href":"https:\/\/eltrabajo.cl\/portal\/wp-json\/wp\/v2\/tags?post=66819"}],"curies":[{"name":"wp","href":"https:\/\/api.w.org\/{rel}","templated":true}]}}