{"id":66832,"date":"2016-02-16T09:40:25","date_gmt":"2016-02-16T12:40:25","guid":{"rendered":"http:\/\/www.eltrabajo.cl\/portal\/?p=66832"},"modified":"2016-02-16T09:40:25","modified_gmt":"2016-02-16T12:40:25","slug":"se-le-quemo-su-carpa-y-ahora-vive-en-agonia-suplicando-auxilio","status":"publish","type":"post","link":"https:\/\/eltrabajo.cl\/portal\/se-le-quemo-su-carpa-y-ahora-vive-en-agonia-suplicando-auxilio\/","title":{"rendered":"Se le quem\u00f3 su carpa y ahora vive en agon\u00eda suplicando auxilio"},"content":{"rendered":"<figure id=\"attachment_66833\" aria-describedby=\"caption-attachment-66833\" style=\"width: 300px\" class=\"wp-caption alignleft\"><img data-recalc-dims=\"1\" loading=\"lazy\" decoding=\"async\" class=\"wp-image-66833 size-medium\" src=\"https:\/\/i0.wp.com\/www.eltrabajo.cl\/portal\/wp-content\/uploads\/2016\/02\/Soledad1-300x197.jpg?resize=300%2C197\" alt=\"\u00c9L ACEPTA SER AYUDADO.- Cuando el calor es insoportable en la carpa improvisada que le regalaron, \u2018Marito\u2019 busca refugio en la sombra de una plazoleta del sector.\" width=\"300\" height=\"197\" srcset=\"https:\/\/i0.wp.com\/eltrabajo.cl\/portal\/wp-content\/uploads\/2016\/02\/Soledad1.jpg?resize=300%2C197&amp;ssl=1 300w, https:\/\/i0.wp.com\/eltrabajo.cl\/portal\/wp-content\/uploads\/2016\/02\/Soledad1.jpg?resize=200%2C131&amp;ssl=1 200w, https:\/\/i0.wp.com\/eltrabajo.cl\/portal\/wp-content\/uploads\/2016\/02\/Soledad1.jpg?resize=228%2C150&amp;ssl=1 228w, https:\/\/i0.wp.com\/eltrabajo.cl\/portal\/wp-content\/uploads\/2016\/02\/Soledad1.jpg?resize=400%2C263&amp;ssl=1 400w, https:\/\/i0.wp.com\/eltrabajo.cl\/portal\/wp-content\/uploads\/2016\/02\/Soledad1.jpg?w=530&amp;ssl=1 530w\" sizes=\"auto, (max-width: 300px) 100vw, 300px\" \/><figcaption id=\"caption-attachment-66833\" class=\"wp-caption-text\">\u00c9L ACEPTA SER AYUDADO.- Cuando el calor es insoportable en la carpa improvisada que le regalaron, \u2018Marito\u2019 busca refugio en la sombra de una plazoleta del sector.<\/figcaption><\/figure>\n<p>Hace pocos d\u00edas se le quem\u00f3 el toldo en donde viv\u00eda desde hac\u00eda mucho tiempo; lo poco o mucho que \u00e9l ten\u00eda qued\u00f3 reducido a cenizas; no tiene trabajo y est\u00e1 mordiendo el polvo literalmente, porque ahora s\u00f3lo tiene fuerzas para caminar pocos metros, ya que sufre de un alcoholismo desde que ten\u00eda apenas trece a\u00f1os y ahora tiene 45.<br \/>\nSus pies y manos, pr\u00e1cticamente todo su cuerpo est\u00e1 hinchado por la saturaci\u00f3n de alcohol, las yagas, piel muerta y escamas en su cuerpo es lo que se adhiere a sus adoloridos huesos, cuando trabajaba era constructor, se llama Mario Fuentes Badilla y literalmente est\u00e1 tirado en un colch\u00f3n en un sitio eriazo en Poblaci\u00f3n San Felipe, esquina Diego de Almagro con Pedro de Valdivia.<\/p>\n<p><strong>\u00abYO BEBO DESDE\u00a0MIS TRECE A\u00d1OS\u00bb<\/strong><br \/>\n\u00abTengo dos hijos y familia como cualquier cristiano; no he logrado escapar de este alcoholismo; no tengo d\u00f3nde vivir dignamente. Son los vecinos quienes me regalan comida o alguna ropita para vestirme, pero no cuento con un lugar para ba\u00f1arme ni tener descanso\u00bb, coment\u00f3 a Diario El Trabajo el angustiado \u2018Chico Mario\u2019, como le conocen los vecinos.<br \/>\nNuestro medio realiz\u00f3 un sondeo con los vecinos de esta poblaci\u00f3n, varias se\u00f1oras salieron de sus casas, sin llamarles, y decidieron pedir la palabra para expresar su preocupaci\u00f3n por las condiciones en que este ser humano sobrevive tirado en el c\u00e9sped de la plazoleta cuando el calor ataca.<\/p>\n<p><strong>VECINOS AYUDAN<\/strong><br \/>\n\u00abYo consegu\u00ed los n\u00fameros telef\u00f3nicos de su familia, de su pap\u00e1 don Luis Fuentes y otros familiares, pero simplemente no mostraron inter\u00e9s en auxiliarlo. Aqu\u00ed algunos vecinos le brindamos una sopa, un abrigo o lo que podamos, pero eso es insuficiente, \u00e9l necesita un auxilio mayor por parte de las autoridades\u00bb, coment\u00f3 la vecina Luc\u00eda Deri\u00fa.<br \/>\nPor su parte do\u00f1a Miriam Nanjar\u00ed, tambi\u00e9n vecina del sector, explic\u00f3 a nuestro medio que \u00abmuy mal, muy mal est\u00e1 \u2018Marito\u2019, \u00e9l no es una mala persona, ojala que las iglesias, todas y las autoridades, intervengan en su beneficio\u00bb.<br \/>\nDiario El Trabajo llam\u00f3 varias veces a los tel\u00e9fonos que supuestamente pertenecen a sus familiares, pero en ninguna oportunidad se nos atendi\u00f3, aunque s\u00ed timbr\u00f3 la llamada.<br \/>\nEsta es la gran oportunidad para todos los grupos cristianos evang\u00e9licos, cat\u00f3licos, adventistas, mormones y Testigos de Jehov\u00e1, para que asuman el desaf\u00edo de lavar las heridas a este \u2018pr\u00f3jimo\u2019, a fin de aliviar su alma y honrar los estatutos b\u00edblicos de amor y solidaridad, que con tanto ah\u00ednco pregonan con regularidad. Es posible ayudar.<br \/>\n<strong>Roberto Gonz\u00e1lez Short<\/strong><br \/>\n<strong>rgonzalez@eltrabajo.cl<\/strong><\/p>\n<div class=\"tiled-gallery type-rectangular tiled-gallery-unresized\" data-original-width=\"640\" data-carousel-extra='null' itemscope itemtype=\"http:\/\/schema.org\/ImageGallery\" > <div class=\"gallery-row\" style=\"width: 640px; height: 282px;\" data-original-width=\"640\" data-original-height=\"282\" > <div class=\"gallery-group images-1\" style=\"width: 428px; height: 282px;\" data-original-width=\"428\" data-original-height=\"282\" > <div class=\"tiled-gallery-item tiled-gallery-item-large\" itemprop=\"associatedMedia\" itemscope itemtype=\"http:\/\/schema.org\/ImageObject\"> <a href=\"https:\/\/eltrabajo.cl\/portal\/se-le-quemo-su-carpa-y-ahora-vive-en-agonia-suplicando-auxilio\/inflamacion1\/\" border=\"0\" itemprop=\"url\"> <meta itemprop=\"width\" content=\"424\"> <meta itemprop=\"height\" content=\"278\"> <img decoding=\"async\" class=\"\" data-attachment-id=\"66834\" data-orig-file=\"https:\/\/eltrabajo.cl\/portal\/wp-content\/uploads\/2016\/02\/Inflamacion1.jpg\" data-orig-size=\"530,348\" data-comments-opened=\"1\" data-image-meta=\"{&quot;aperture&quot;:&quot;0&quot;,&quot;credit&quot;:&quot;&quot;,&quot;camera&quot;:&quot;&quot;,&quot;caption&quot;:&quot;&quot;,&quot;created_timestamp&quot;:&quot;0&quot;,&quot;copyright&quot;:&quot;&quot;,&quot;focal_length&quot;:&quot;0&quot;,&quot;iso&quot;:&quot;0&quot;,&quot;shutter_speed&quot;:&quot;0&quot;,&quot;title&quot;:&quot;&quot;,&quot;orientation&quot;:&quot;0&quot;}\" data-image-title=\"Inflamacion1\" data-image-description=\"&lt;p&gt;INACEPTABLE.- As\u00ed lucen pies de don Mario Fuentes, inflamados y despellejados por el sol y la suciedad.&lt;\/p&gt; \" data-medium-file=\"https:\/\/i0.wp.com\/eltrabajo.cl\/portal\/wp-content\/uploads\/2016\/02\/Inflamacion1.jpg?fit=300%2C197&#038;ssl=1\" data-large-file=\"https:\/\/i0.wp.com\/eltrabajo.cl\/portal\/wp-content\/uploads\/2016\/02\/Inflamacion1.jpg?fit=530%2C348&#038;ssl=1\" src=\"https:\/\/i0.wp.com\/eltrabajo.cl\/portal\/wp-content\/uploads\/2016\/02\/Inflamacion1.jpg?w=424&#038;h=278&#038;ssl=1\" srcset=\"https:\/\/i0.wp.com\/eltrabajo.cl\/portal\/wp-content\/uploads\/2016\/02\/Inflamacion1.jpg?w=530&amp;ssl=1 530w, https:\/\/i0.wp.com\/eltrabajo.cl\/portal\/wp-content\/uploads\/2016\/02\/Inflamacion1.jpg?resize=200%2C131&amp;ssl=1 200w, https:\/\/i0.wp.com\/eltrabajo.cl\/portal\/wp-content\/uploads\/2016\/02\/Inflamacion1.jpg?resize=300%2C197&amp;ssl=1 300w, https:\/\/i0.wp.com\/eltrabajo.cl\/portal\/wp-content\/uploads\/2016\/02\/Inflamacion1.jpg?resize=228%2C150&amp;ssl=1 228w, https:\/\/i0.wp.com\/eltrabajo.cl\/portal\/wp-content\/uploads\/2016\/02\/Inflamacion1.jpg?resize=400%2C263&amp;ssl=1 400w\" width=\"424\" height=\"278\" loading=\"lazy\" data-original-width=\"424\" data-original-height=\"278\" itemprop=\"http:\/\/schema.org\/image\" title=\"Inflamacion1\" alt=\"INACEPTABLE.- As\u00ed lucen pies de don Mario Fuentes, inflamados y despellejados por el sol y la suciedad.\" style=\"width: 424px; height: 278px;\" \/> <\/a> <div class=\"tiled-gallery-caption\" itemprop=\"caption description\"> INACEPTABLE.- As\u00ed lucen pies de don Mario Fuentes, inflamados y despellejados por el sol y la suciedad. <\/div> <\/div> <\/div> <!-- close group --> <div class=\"gallery-group images-2\" style=\"width: 212px; height: 282px;\" data-original-width=\"212\" data-original-height=\"282\" > <div class=\"tiled-gallery-item tiled-gallery-item-small\" itemprop=\"associatedMedia\" itemscope itemtype=\"http:\/\/schema.org\/ImageObject\"> <a href=\"https:\/\/eltrabajo.cl\/portal\/se-le-quemo-su-carpa-y-ahora-vive-en-agonia-suplicando-auxilio\/porta-soledad33\/\" border=\"0\" itemprop=\"url\"> <meta itemprop=\"width\" content=\"208\"> <meta itemprop=\"height\" content=\"137\"> <img decoding=\"async\" class=\"\" data-attachment-id=\"66837\" data-orig-file=\"https:\/\/eltrabajo.cl\/portal\/wp-content\/uploads\/2016\/02\/porta-Soledad33.jpg\" data-orig-size=\"530,349\" data-comments-opened=\"1\" data-image-meta=\"{&quot;aperture&quot;:&quot;0&quot;,&quot;credit&quot;:&quot;&quot;,&quot;camera&quot;:&quot;&quot;,&quot;caption&quot;:&quot;&quot;,&quot;created_timestamp&quot;:&quot;0&quot;,&quot;copyright&quot;:&quot;&quot;,&quot;focal_length&quot;:&quot;0&quot;,&quot;iso&quot;:&quot;0&quot;,&quot;shutter_speed&quot;:&quot;0&quot;,&quot;title&quot;:&quot;&quot;,&quot;orientation&quot;:&quot;0&quot;}\" data-image-title=\"porta Soledad33\" data-image-description=\"&lt;p&gt;NUESTRO PR\u00d3JIMO.- En una profunda soledad y abandono es en la que vive este indigente, a quien se le quem\u00f3 la carpa en donde viv\u00eda desde hace mucho tiempo. \u00c9l y los vecinos esperan que alguna autoridad o instituci\u00f3n social-religiosa se digne a tenderle una mano. Se ubica en poblaci\u00f3n San Felipe, esquina Diego de Almagro con Pedro de Valdivia. &lt;\/p&gt; \" data-medium-file=\"https:\/\/i0.wp.com\/eltrabajo.cl\/portal\/wp-content\/uploads\/2016\/02\/porta-Soledad33.jpg?fit=300%2C198&#038;ssl=1\" data-large-file=\"https:\/\/i0.wp.com\/eltrabajo.cl\/portal\/wp-content\/uploads\/2016\/02\/porta-Soledad33.jpg?fit=530%2C349&#038;ssl=1\" src=\"https:\/\/i0.wp.com\/eltrabajo.cl\/portal\/wp-content\/uploads\/2016\/02\/porta-Soledad33.jpg?w=208&#038;h=137&#038;ssl=1\" srcset=\"https:\/\/i0.wp.com\/eltrabajo.cl\/portal\/wp-content\/uploads\/2016\/02\/porta-Soledad33.jpg?w=530&amp;ssl=1 530w, https:\/\/i0.wp.com\/eltrabajo.cl\/portal\/wp-content\/uploads\/2016\/02\/porta-Soledad33.jpg?resize=200%2C132&amp;ssl=1 200w, https:\/\/i0.wp.com\/eltrabajo.cl\/portal\/wp-content\/uploads\/2016\/02\/porta-Soledad33.jpg?resize=300%2C198&amp;ssl=1 300w, https:\/\/i0.wp.com\/eltrabajo.cl\/portal\/wp-content\/uploads\/2016\/02\/porta-Soledad33.jpg?resize=228%2C150&amp;ssl=1 228w, https:\/\/i0.wp.com\/eltrabajo.cl\/portal\/wp-content\/uploads\/2016\/02\/porta-Soledad33.jpg?resize=400%2C263&amp;ssl=1 400w\" width=\"208\" height=\"137\" loading=\"lazy\" data-original-width=\"208\" data-original-height=\"137\" itemprop=\"http:\/\/schema.org\/image\" title=\"porta Soledad33\" alt=\"NUESTRO PR\u00d3JIMO.- En una profunda soledad y abandono es en la que vive este indigente, a quien se le quem\u00f3 la carpa en donde viv\u00eda desde hace mucho tiempo. \u00c9l y los vecinos esperan que alguna autoridad o instituci\u00f3n social-religiosa se digne a tenderle una mano. Se ubica en poblaci\u00f3n San Felipe, esquina Diego de Almagro con Pedro de Valdivia.\" style=\"width: 208px; height: 137px;\" \/> <\/a> <div class=\"tiled-gallery-caption\" itemprop=\"caption description\"> NUESTRO PR\u00d3JIMO.- En una profunda soledad y abandono es en la que vive este indigente, a quien se le quem\u00f3 la carpa en donde viv\u00eda desde hace mucho tiempo. \u00c9l y los vecinos esperan que alguna autoridad o instituci\u00f3n social-religiosa se digne a tenderle una mano. Se ubica en poblaci\u00f3n San Felipe, esquina Diego de Almagro con Pedro de Valdivia. <\/div> <\/div> <div class=\"tiled-gallery-item tiled-gallery-item-small\" itemprop=\"associatedMedia\" itemscope itemtype=\"http:\/\/schema.org\/ImageObject\"> <a href=\"https:\/\/eltrabajo.cl\/portal\/se-le-quemo-su-carpa-y-ahora-vive-en-agonia-suplicando-auxilio\/lucia-deriu\/\" border=\"0\" itemprop=\"url\"> <meta itemprop=\"width\" content=\"208\"> <meta itemprop=\"height\" content=\"137\"> <img decoding=\"async\" class=\"\" data-attachment-id=\"66835\" data-orig-file=\"https:\/\/eltrabajo.cl\/portal\/wp-content\/uploads\/2016\/02\/Lucia-Deriu.jpg\" data-orig-size=\"530,348\" data-comments-opened=\"1\" data-image-meta=\"{&quot;aperture&quot;:&quot;0&quot;,&quot;credit&quot;:&quot;&quot;,&quot;camera&quot;:&quot;&quot;,&quot;caption&quot;:&quot;&quot;,&quot;created_timestamp&quot;:&quot;0&quot;,&quot;copyright&quot;:&quot;&quot;,&quot;focal_length&quot;:&quot;0&quot;,&quot;iso&quot;:&quot;0&quot;,&quot;shutter_speed&quot;:&quot;0&quot;,&quot;title&quot;:&quot;&quot;,&quot;orientation&quot;:&quot;0&quot;}\" data-image-title=\"Lucia Deriu\" data-image-description=\"&lt;p&gt;Lucia Deri\u00fa, vecina del sector preocupada por \u2018Marito\u2019.&lt;\/p&gt; \" data-medium-file=\"https:\/\/i0.wp.com\/eltrabajo.cl\/portal\/wp-content\/uploads\/2016\/02\/Lucia-Deriu.jpg?fit=300%2C197&#038;ssl=1\" data-large-file=\"https:\/\/i0.wp.com\/eltrabajo.cl\/portal\/wp-content\/uploads\/2016\/02\/Lucia-Deriu.jpg?fit=530%2C348&#038;ssl=1\" src=\"https:\/\/i0.wp.com\/eltrabajo.cl\/portal\/wp-content\/uploads\/2016\/02\/Lucia-Deriu.jpg?w=208&#038;h=137&#038;ssl=1\" srcset=\"https:\/\/i0.wp.com\/eltrabajo.cl\/portal\/wp-content\/uploads\/2016\/02\/Lucia-Deriu.jpg?w=530&amp;ssl=1 530w, https:\/\/i0.wp.com\/eltrabajo.cl\/portal\/wp-content\/uploads\/2016\/02\/Lucia-Deriu.jpg?resize=200%2C131&amp;ssl=1 200w, https:\/\/i0.wp.com\/eltrabajo.cl\/portal\/wp-content\/uploads\/2016\/02\/Lucia-Deriu.jpg?resize=300%2C197&amp;ssl=1 300w, https:\/\/i0.wp.com\/eltrabajo.cl\/portal\/wp-content\/uploads\/2016\/02\/Lucia-Deriu.jpg?resize=228%2C150&amp;ssl=1 228w, https:\/\/i0.wp.com\/eltrabajo.cl\/portal\/wp-content\/uploads\/2016\/02\/Lucia-Deriu.jpg?resize=400%2C263&amp;ssl=1 400w\" width=\"208\" height=\"137\" loading=\"lazy\" data-original-width=\"208\" data-original-height=\"137\" itemprop=\"http:\/\/schema.org\/image\" title=\"Lucia Deriu\" alt=\"Lucia Deri\u00fa, vecina del sector preocupada por \u2018Marito\u2019.\" style=\"width: 208px; height: 137px;\" \/> <\/a> <div class=\"tiled-gallery-caption\" itemprop=\"caption description\"> Lucia Deri\u00fa, vecina del sector preocupada por \u2018Marito\u2019. <\/div> <\/div> <\/div> <!-- close group --> <\/div> <!-- close row --> <div class=\"gallery-row\" style=\"width: 640px; height: 422px;\" data-original-width=\"640\" data-original-height=\"422\" > <div class=\"gallery-group images-1\" style=\"width: 640px; height: 422px;\" data-original-width=\"640\" data-original-height=\"422\" > <div class=\"tiled-gallery-item tiled-gallery-item-large\" itemprop=\"associatedMedia\" itemscope itemtype=\"http:\/\/schema.org\/ImageObject\"> <a href=\"https:\/\/eltrabajo.cl\/portal\/se-le-quemo-su-carpa-y-ahora-vive-en-agonia-suplicando-auxilio\/miriam-nanjari\/\" border=\"0\" itemprop=\"url\"> <meta itemprop=\"width\" content=\"636\"> <meta itemprop=\"height\" content=\"418\"> <img decoding=\"async\" class=\"\" data-attachment-id=\"66836\" data-orig-file=\"https:\/\/eltrabajo.cl\/portal\/wp-content\/uploads\/2016\/02\/Miriam-Nanjari.jpg\" data-orig-size=\"530,348\" data-comments-opened=\"1\" data-image-meta=\"{&quot;aperture&quot;:&quot;0&quot;,&quot;credit&quot;:&quot;&quot;,&quot;camera&quot;:&quot;&quot;,&quot;caption&quot;:&quot;&quot;,&quot;created_timestamp&quot;:&quot;0&quot;,&quot;copyright&quot;:&quot;&quot;,&quot;focal_length&quot;:&quot;0&quot;,&quot;iso&quot;:&quot;0&quot;,&quot;shutter_speed&quot;:&quot;0&quot;,&quot;title&quot;:&quot;&quot;,&quot;orientation&quot;:&quot;0&quot;}\" data-image-title=\"Miriam Nanjari\" data-image-description=\"&lt;p&gt;Miriam Nanjar\u00ed, tambi\u00e9n vecina del sector.&lt;\/p&gt; \" data-medium-file=\"https:\/\/i0.wp.com\/eltrabajo.cl\/portal\/wp-content\/uploads\/2016\/02\/Miriam-Nanjari.jpg?fit=300%2C197&#038;ssl=1\" data-large-file=\"https:\/\/i0.wp.com\/eltrabajo.cl\/portal\/wp-content\/uploads\/2016\/02\/Miriam-Nanjari.jpg?fit=530%2C348&#038;ssl=1\" src=\"https:\/\/i0.wp.com\/eltrabajo.cl\/portal\/wp-content\/uploads\/2016\/02\/Miriam-Nanjari.jpg?w=636&#038;h=418&#038;ssl=1\" srcset=\"https:\/\/i0.wp.com\/eltrabajo.cl\/portal\/wp-content\/uploads\/2016\/02\/Miriam-Nanjari.jpg?w=530&amp;ssl=1 530w, https:\/\/i0.wp.com\/eltrabajo.cl\/portal\/wp-content\/uploads\/2016\/02\/Miriam-Nanjari.jpg?resize=200%2C131&amp;ssl=1 200w, https:\/\/i0.wp.com\/eltrabajo.cl\/portal\/wp-content\/uploads\/2016\/02\/Miriam-Nanjari.jpg?resize=300%2C197&amp;ssl=1 300w, https:\/\/i0.wp.com\/eltrabajo.cl\/portal\/wp-content\/uploads\/2016\/02\/Miriam-Nanjari.jpg?resize=228%2C150&amp;ssl=1 228w, https:\/\/i0.wp.com\/eltrabajo.cl\/portal\/wp-content\/uploads\/2016\/02\/Miriam-Nanjari.jpg?resize=400%2C263&amp;ssl=1 400w\" width=\"636\" height=\"418\" loading=\"lazy\" data-original-width=\"636\" data-original-height=\"418\" itemprop=\"http:\/\/schema.org\/image\" title=\"Miriam Nanjari\" alt=\"Miriam Nanjar\u00ed, tambi\u00e9n vecina del sector.\" style=\"width: 636px; height: 418px;\" \/> <\/a> <div class=\"tiled-gallery-caption\" itemprop=\"caption description\"> Miriam Nanjar\u00ed, tambi\u00e9n vecina del sector. <\/div> <\/div> <\/div> <!-- close group --> <\/div> <!-- close row --> <\/div>\n","protected":false},"excerpt":{"rendered":"<p>Hace pocos d\u00edas se le quem\u00f3 el toldo en donde viv\u00eda desde hac\u00eda mucho tiempo; lo poco o mucho que \u00e9l ten\u00eda qued\u00f3 reducido a cenizas; no tiene trabajo y est\u00e1 mordiendo&#8230;<\/p>\n","protected":false},"author":482,"featured_media":66833,"comment_status":"open","ping_status":"open","sticky":false,"template":"","format":"standard","meta":{"advanced_seo_description":"","jetpack_seo_html_title":"","jetpack_seo_noindex":false,"_jetpack_memberships_contains_paid_content":false,"footnotes":""},"categories":[15],"tags":[],"class_list":["post-66832","post","type-post","status-publish","format-standard","has-post-thumbnail","hentry","category-comunidad"],"jetpack_featured_media_url":"https:\/\/i0.wp.com\/eltrabajo.cl\/portal\/wp-content\/uploads\/2016\/02\/Soledad1.jpg?fit=530%2C348&ssl=1","jetpack_sharing_enabled":true,"jetpack_likes_enabled":true,"jetpack-related-posts":[],"_links":{"self":[{"href":"https:\/\/eltrabajo.cl\/portal\/wp-json\/wp\/v2\/posts\/66832","targetHints":{"allow":["GET"]}}],"collection":[{"href":"https:\/\/eltrabajo.cl\/portal\/wp-json\/wp\/v2\/posts"}],"about":[{"href":"https:\/\/eltrabajo.cl\/portal\/wp-json\/wp\/v2\/types\/post"}],"author":[{"embeddable":true,"href":"https:\/\/eltrabajo.cl\/portal\/wp-json\/wp\/v2\/users\/482"}],"replies":[{"embeddable":true,"href":"https:\/\/eltrabajo.cl\/portal\/wp-json\/wp\/v2\/comments?post=66832"}],"version-history":[{"count":0,"href":"https:\/\/eltrabajo.cl\/portal\/wp-json\/wp\/v2\/posts\/66832\/revisions"}],"wp:featuredmedia":[{"embeddable":true,"href":"https:\/\/eltrabajo.cl\/portal\/wp-json\/wp\/v2\/media\/66833"}],"wp:attachment":[{"href":"https:\/\/eltrabajo.cl\/portal\/wp-json\/wp\/v2\/media?parent=66832"}],"wp:term":[{"taxonomy":"category","embeddable":true,"href":"https:\/\/eltrabajo.cl\/portal\/wp-json\/wp\/v2\/categories?post=66832"},{"taxonomy":"post_tag","embeddable":true,"href":"https:\/\/eltrabajo.cl\/portal\/wp-json\/wp\/v2\/tags?post=66832"}],"curies":[{"name":"wp","href":"https:\/\/api.w.org\/{rel}","templated":true}]}}