{"id":66839,"date":"2016-02-16T09:41:38","date_gmt":"2016-02-16T12:41:38","guid":{"rendered":"http:\/\/www.eltrabajo.cl\/portal\/?p=66839"},"modified":"2016-02-16T09:41:38","modified_gmt":"2016-02-16T12:41:38","slug":"con-gran-participacion-de-la-comunidad-termino-exitoso-programa-verano-entretenido-2016","status":"publish","type":"post","link":"https:\/\/eltrabajo.cl\/portal\/con-gran-participacion-de-la-comunidad-termino-exitoso-programa-verano-entretenido-2016\/","title":{"rendered":"Con gran participaci\u00f3n de la comunidad termin\u00f3 exitoso programa \u2018Verano Entretenido 2016\u2019"},"content":{"rendered":"<figure id=\"attachment_66840\" aria-describedby=\"caption-attachment-66840\" style=\"width: 300px\" class=\"wp-caption alignleft\"><img data-recalc-dims=\"1\" loading=\"lazy\" decoding=\"async\" class=\"wp-image-66840 size-medium\" src=\"https:\/\/i0.wp.com\/www.eltrabajo.cl\/portal\/wp-content\/uploads\/2016\/02\/Finalizacion-programa-Verano-Entretenido-5-300x198.jpg?resize=300%2C198\" alt=\"M\u00e1s de 300 ni\u00f1os participaron de las actividades realizadas por el Programa \u2018Verano Entretenido 2016\u2019, organizado por el Departamento de Deportes y Actividad F\u00edsica del municipio.\" width=\"300\" height=\"198\" srcset=\"https:\/\/i0.wp.com\/eltrabajo.cl\/portal\/wp-content\/uploads\/2016\/02\/Finalizacion-programa-Verano-Entretenido-5.jpg?resize=300%2C198&amp;ssl=1 300w, https:\/\/i0.wp.com\/eltrabajo.cl\/portal\/wp-content\/uploads\/2016\/02\/Finalizacion-programa-Verano-Entretenido-5.jpg?resize=200%2C132&amp;ssl=1 200w, https:\/\/i0.wp.com\/eltrabajo.cl\/portal\/wp-content\/uploads\/2016\/02\/Finalizacion-programa-Verano-Entretenido-5.jpg?resize=227%2C150&amp;ssl=1 227w, https:\/\/i0.wp.com\/eltrabajo.cl\/portal\/wp-content\/uploads\/2016\/02\/Finalizacion-programa-Verano-Entretenido-5.jpg?resize=400%2C264&amp;ssl=1 400w, https:\/\/i0.wp.com\/eltrabajo.cl\/portal\/wp-content\/uploads\/2016\/02\/Finalizacion-programa-Verano-Entretenido-5.jpg?w=530&amp;ssl=1 530w\" sizes=\"auto, (max-width: 300px) 100vw, 300px\" \/><figcaption id=\"caption-attachment-66840\" class=\"wp-caption-text\">M\u00e1s de 300 ni\u00f1os participaron de las actividades realizadas por el Programa \u2018Verano Entretenido 2016\u2019, organizado por el Departamento de Deportes y Actividad F\u00edsica del municipio.<\/figcaption><\/figure>\n<ul>\n<li><strong>Durante seis semanas, ni\u00f1os, j\u00f3venes y adultos asistieron de manera gratuita durante este verano a los centros urbanos y rurales que puso en funcionamiento la Municipalidad.<\/strong><\/li>\n<\/ul>\n<p>Un positivo balance fue el que se realiz\u00f3 al t\u00e9rmino del Programa \u2018Verano Entretenido 2016\u2019, el que este a\u00f1o convoc\u00f3 a m\u00e1s de 300 sanfelipe\u00f1os, de todas las edades, quienes participaron gratuitamente en diferentes talleres deportivos, los que apuntaban principalmente a la entretenci\u00f3n.<br \/>\nTal como ha sido la pol\u00edtica del alcalde Patricio Freire, en cuanto a descentralizar la oferta recreativa no solo en verano, sino que durante todo el a\u00f1o, el programa se tradujo en el desarrollo de talleres polideportivos en el Estadio Fiscal y en la Escuela de Bucalemu; as\u00ed como tambi\u00e9n en el Club de Tenis Valle del Aconcagua, Curim\u00f3n y La Troya, donde se favoreci\u00f3 la pr\u00e1ctica del f\u00fatbol y la piscina del Estadio Fiscal y donde los m\u00e1s adultos principalmente aprovecharon de participar en clases de aquaerobic.<br \/>\nEn este contexto, el alcalde Patricio Freire confirm\u00f3 que si bien el programa ya finaliz\u00f3 formalmente, continuar\u00e1n ejecut\u00e1ndose los talleres de f\u00fatbol, los martes y jueves entre las 18.00 y 20:00 horas en Curim\u00f3n, como tambi\u00e9n en La Troya (en la cancha de f\u00fatbol, los lunes y mi\u00e9rcoles de 18:00 a 20:00 hrs.)<br \/>\nAsimismo, dijo que el taller de aquaerobic (adultos), el que se desarrolla los martes y jueves, entre las 18:45 y las 19:45 hrs. en la piscina del Estadio Fiscal, tambi\u00e9n se extender\u00e1 hasta el 25 de febrero debido a la alta demanda que registr\u00f3.<br \/>\nEn general, la autoridad comunal realiz\u00f3 un balance positivo del programa, expresando que \u201clos ni\u00f1os disfrutaron esta instancia que les ofrecemos, porque les permite divertirse en sus vacaciones. Eso nos pone muy contentos, porque la respuesta fue muy positiva, aprovechamos los espacios y tenemos un equipo de profesionales que trabaja con mucha dedicaci\u00f3n y con mucho cari\u00f1o\u201d.<br \/>\nA\u00f1adi\u00f3 que \u201cnos interesa mucho descentralizar, pues sabemos que son muchos tambi\u00e9n los ni\u00f1os que no tienen la posibilidad de vacacionar, entonces este programa era una posibilidad de divertirse, hacer amigos y aprovechar este per\u00edodo de descanso\u201d.<br \/>\nFinalmente, el alcalde Freire relev\u00f3 el trabajo del Departamento de Deportes y Actividad F\u00edsica, que dirige Danilo Pe\u00f1a, que con mucho esfuerzo y cari\u00f1o ejecut\u00f3 este programa favoreciendo a un n\u00famero importante de sanfelipe\u00f1os.<\/p>\n","protected":false},"excerpt":{"rendered":"<p>Durante seis semanas, ni\u00f1os, j\u00f3venes y adultos asistieron de manera gratuita durante este verano a los centros urbanos y rurales que puso en funcionamiento la Municipalidad. Un positivo balance fue el que&#8230;<\/p>\n","protected":false},"author":482,"featured_media":66840,"comment_status":"open","ping_status":"open","sticky":false,"template":"","format":"standard","meta":{"advanced_seo_description":"","jetpack_seo_html_title":"","jetpack_seo_noindex":false,"_jetpack_memberships_contains_paid_content":false,"footnotes":""},"categories":[15],"tags":[],"class_list":["post-66839","post","type-post","status-publish","format-standard","has-post-thumbnail","hentry","category-comunidad"],"jetpack_featured_media_url":"https:\/\/i0.wp.com\/eltrabajo.cl\/portal\/wp-content\/uploads\/2016\/02\/Finalizacion-programa-Verano-Entretenido-5.jpg?fit=530%2C350&ssl=1","jetpack_sharing_enabled":true,"jetpack_likes_enabled":true,"jetpack-related-posts":[],"_links":{"self":[{"href":"https:\/\/eltrabajo.cl\/portal\/wp-json\/wp\/v2\/posts\/66839","targetHints":{"allow":["GET"]}}],"collection":[{"href":"https:\/\/eltrabajo.cl\/portal\/wp-json\/wp\/v2\/posts"}],"about":[{"href":"https:\/\/eltrabajo.cl\/portal\/wp-json\/wp\/v2\/types\/post"}],"author":[{"embeddable":true,"href":"https:\/\/eltrabajo.cl\/portal\/wp-json\/wp\/v2\/users\/482"}],"replies":[{"embeddable":true,"href":"https:\/\/eltrabajo.cl\/portal\/wp-json\/wp\/v2\/comments?post=66839"}],"version-history":[{"count":0,"href":"https:\/\/eltrabajo.cl\/portal\/wp-json\/wp\/v2\/posts\/66839\/revisions"}],"wp:featuredmedia":[{"embeddable":true,"href":"https:\/\/eltrabajo.cl\/portal\/wp-json\/wp\/v2\/media\/66840"}],"wp:attachment":[{"href":"https:\/\/eltrabajo.cl\/portal\/wp-json\/wp\/v2\/media?parent=66839"}],"wp:term":[{"taxonomy":"category","embeddable":true,"href":"https:\/\/eltrabajo.cl\/portal\/wp-json\/wp\/v2\/categories?post=66839"},{"taxonomy":"post_tag","embeddable":true,"href":"https:\/\/eltrabajo.cl\/portal\/wp-json\/wp\/v2\/tags?post=66839"}],"curies":[{"name":"wp","href":"https:\/\/api.w.org\/{rel}","templated":true}]}}