{"id":66842,"date":"2016-02-16T09:44:45","date_gmt":"2016-02-16T12:44:45","guid":{"rendered":"http:\/\/www.eltrabajo.cl\/portal\/?p=66842"},"modified":"2016-02-16T09:44:45","modified_gmt":"2016-02-16T12:44:45","slug":"alcalde-de-putaendo-denuncio-falta-de-transparencia-en-visita-de-autoridades-gubernamentales-a-faenas-de-andes-copper","status":"publish","type":"post","link":"https:\/\/eltrabajo.cl\/portal\/alcalde-de-putaendo-denuncio-falta-de-transparencia-en-visita-de-autoridades-gubernamentales-a-faenas-de-andes-copper\/","title":{"rendered":"Alcalde de Putaendo denunci\u00f3 falta de transparencia en visita de autoridades gubernamentales a faenas de Andes Copper"},"content":{"rendered":"<figure id=\"attachment_66843\" aria-describedby=\"caption-attachment-66843\" style=\"width: 300px\" class=\"wp-caption alignleft\"><img data-recalc-dims=\"1\" loading=\"lazy\" decoding=\"async\" class=\"wp-image-66843 size-medium\" src=\"https:\/\/i0.wp.com\/www.eltrabajo.cl\/portal\/wp-content\/uploads\/2016\/02\/Alcalde-Guillermo-Reyes-en-el-sector-donde-se-emplazaria-proyecto-minero-1-300x198.jpg?resize=300%2C198\" alt=\"Alcalde Guillermo Reyes en el sector donde se emplazar\u00eda proyecto minero.\" width=\"300\" height=\"198\" srcset=\"https:\/\/i0.wp.com\/eltrabajo.cl\/portal\/wp-content\/uploads\/2016\/02\/Alcalde-Guillermo-Reyes-en-el-sector-donde-se-emplazaria-proyecto-minero-1.jpg?resize=300%2C198&amp;ssl=1 300w, https:\/\/i0.wp.com\/eltrabajo.cl\/portal\/wp-content\/uploads\/2016\/02\/Alcalde-Guillermo-Reyes-en-el-sector-donde-se-emplazaria-proyecto-minero-1.jpg?resize=200%2C132&amp;ssl=1 200w, https:\/\/i0.wp.com\/eltrabajo.cl\/portal\/wp-content\/uploads\/2016\/02\/Alcalde-Guillermo-Reyes-en-el-sector-donde-se-emplazaria-proyecto-minero-1.jpg?resize=228%2C150&amp;ssl=1 228w, https:\/\/i0.wp.com\/eltrabajo.cl\/portal\/wp-content\/uploads\/2016\/02\/Alcalde-Guillermo-Reyes-en-el-sector-donde-se-emplazaria-proyecto-minero-1.jpg?resize=400%2C263&amp;ssl=1 400w, https:\/\/i0.wp.com\/eltrabajo.cl\/portal\/wp-content\/uploads\/2016\/02\/Alcalde-Guillermo-Reyes-en-el-sector-donde-se-emplazaria-proyecto-minero-1.jpg?w=530&amp;ssl=1 530w\" sizes=\"auto, (max-width: 300px) 100vw, 300px\" \/><figcaption id=\"caption-attachment-66843\" class=\"wp-caption-text\">Alcalde Guillermo Reyes en el sector donde se emplazar\u00eda proyecto minero.<\/figcaption><\/figure>\n<ul>\n<li><strong>Ning\u00fan personero del municipio fue invitado a la visita inspectiva realizada por el Seremi de Miner\u00eda a la cordillera de Putaendo. \u201cNos genera dudas\u201d, sostuvo el edil<\/strong>.<\/li>\n<\/ul>\n<p><strong>PUTAENDO<\/strong>.- Criticando falta de integraci\u00f3n, transparencia e informaci\u00f3n certera, el alcalde de Putaendo Guillermo Reyes se mostr\u00f3 preocupado por las visitas que realizan personeros de Gobierno a las faenas de sondaje que mantiene la empresa Andes Copper en la cordillera.<br \/>\nLa inquietud surge despu\u00e9s de las declaraciones del Secretario Regional Ministerial (Seremi) de Miner\u00eda, Alonso Retamales, quien manifest\u00f3 a medios de comunicaci\u00f3n que realiz\u00f3 una visita a los sondajes que realiza la empresa canadiense. Sin embargo, nuevamente no se invit\u00f3, ni avis\u00f3 a ning\u00fan funcionario municipal ni autoridad local sobre la visita.<br \/>\n\u201cLa verdad sentimos que injustamente otra vez un servicio p\u00fablico, que fue en su tiempo la Direcci\u00f3n General de Aguas y ahora la Seremi de Miner\u00eda, sube a fiscalizar los trabajos de Andes Copper a la cordillera sin invitar al Director de Obras de la Municipalidad de Putaendo. En su momento lo habl\u00e9 con el Seremi de Obras P\u00fablicas, pero se mantiene esa falta de integraci\u00f3n, de trabajo en equipo, que nos llama mucho la atenci\u00f3n y nos genera dudas\u201d, critic\u00f3 el alcalde Reyes.<br \/>\nNo obstante, el alcalde valora que se haya hecho una fiscalizaci\u00f3n, pero le sorprende que el Seremi no hubiera se\u00f1alado cu\u00e1ntos sondajes realmente se est\u00e1n haciendo arriba. Este \u00faltimo punto es muy importante, ya que la ley autoriza hasta 20 sondajes como m\u00e1ximo para que las empresas no deban entregar un estudio de impacto ambiental. Si el total de excavaciones de ese tipo supera la cifra, la minera canadiense estar\u00eda cometiendo una falta grave a la Ley Ambiental.<br \/>\n\u201cHubiese sido fundamental en esta declaraci\u00f3n que dio el Seremi cu\u00e1ntos fueron los sondajes. Como municipio tambi\u00e9n nos gustar\u00eda conocer la opini\u00f3n del titular de miner\u00eda en la regi\u00f3n respecto a su apreciaci\u00f3n de la distancia m\u00ednima que habr\u00eda entre la propuesta de la empresa canadiense al embalse Chacrillas, puesto que s\u00f3lo est\u00e1n separados por 25 kil\u00f3metros con una obra que acopia agua\u201d, agreg\u00f3 la m\u00e1xima autoridad de Putaendo.<br \/>\nEsta contingencia se enmarca en la pol\u00e9mica de la comunidad putaendina que se ha mostrado en contra de presencia de Gran Miner\u00eda en la comuna, proyecto de la empresa Andes Copper que espera materializarse en un par de a\u00f1os en la cuenca del R\u00edo Roc\u00edn. \u201cUno debiera tener una opini\u00f3n al respecto, sobre todo ante situaciones como la que pas\u00f3 hace algunos d\u00edas en la comuna de Colina, tambi\u00e9n podr\u00eda pasarnos a los putaendinos. Quisi\u00e9ramos tener la opini\u00f3n del titular de Miner\u00eda\u201d, critica Reyes.<br \/>\n\u201cTambi\u00e9n, y con mucho respeto, nos gustar\u00eda tener y necesitamos la opini\u00f3n de los parlamentarios que representan esta zona\u201d, emplaz\u00f3 el jefe comunal.<\/p>\n","protected":false},"excerpt":{"rendered":"<p>Ning\u00fan personero del municipio fue invitado a la visita inspectiva realizada por el Seremi de Miner\u00eda a la cordillera de Putaendo. \u201cNos genera dudas\u201d, sostuvo el edil. PUTAENDO.- Criticando falta de integraci\u00f3n,&#8230;<\/p>\n","protected":false},"author":482,"featured_media":66843,"comment_status":"open","ping_status":"open","sticky":false,"template":"","format":"standard","meta":{"advanced_seo_description":"","jetpack_seo_html_title":"","jetpack_seo_noindex":false,"_jetpack_memberships_contains_paid_content":false,"footnotes":""},"categories":[1],"tags":[],"class_list":["post-66842","post","type-post","status-publish","format-standard","has-post-thumbnail","hentry","category-cronica"],"jetpack_featured_media_url":"https:\/\/i0.wp.com\/eltrabajo.cl\/portal\/wp-content\/uploads\/2016\/02\/Alcalde-Guillermo-Reyes-en-el-sector-donde-se-emplazaria-proyecto-minero-1.jpg?fit=530%2C349&ssl=1","jetpack_sharing_enabled":true,"jetpack_likes_enabled":true,"jetpack-related-posts":[],"_links":{"self":[{"href":"https:\/\/eltrabajo.cl\/portal\/wp-json\/wp\/v2\/posts\/66842","targetHints":{"allow":["GET"]}}],"collection":[{"href":"https:\/\/eltrabajo.cl\/portal\/wp-json\/wp\/v2\/posts"}],"about":[{"href":"https:\/\/eltrabajo.cl\/portal\/wp-json\/wp\/v2\/types\/post"}],"author":[{"embeddable":true,"href":"https:\/\/eltrabajo.cl\/portal\/wp-json\/wp\/v2\/users\/482"}],"replies":[{"embeddable":true,"href":"https:\/\/eltrabajo.cl\/portal\/wp-json\/wp\/v2\/comments?post=66842"}],"version-history":[{"count":0,"href":"https:\/\/eltrabajo.cl\/portal\/wp-json\/wp\/v2\/posts\/66842\/revisions"}],"wp:featuredmedia":[{"embeddable":true,"href":"https:\/\/eltrabajo.cl\/portal\/wp-json\/wp\/v2\/media\/66843"}],"wp:attachment":[{"href":"https:\/\/eltrabajo.cl\/portal\/wp-json\/wp\/v2\/media?parent=66842"}],"wp:term":[{"taxonomy":"category","embeddable":true,"href":"https:\/\/eltrabajo.cl\/portal\/wp-json\/wp\/v2\/categories?post=66842"},{"taxonomy":"post_tag","embeddable":true,"href":"https:\/\/eltrabajo.cl\/portal\/wp-json\/wp\/v2\/tags?post=66842"}],"curies":[{"name":"wp","href":"https:\/\/api.w.org\/{rel}","templated":true}]}}