{"id":66845,"date":"2016-02-16T09:46:26","date_gmt":"2016-02-16T12:46:26","guid":{"rendered":"http:\/\/www.eltrabajo.cl\/portal\/?p=66845"},"modified":"2016-02-16T09:48:02","modified_gmt":"2016-02-16T12:48:02","slug":"hasta-fin-de-mes-se-podra-postular-al-programa-jefas-de-hogar","status":"publish","type":"post","link":"https:\/\/eltrabajo.cl\/portal\/hasta-fin-de-mes-se-podra-postular-al-programa-jefas-de-hogar\/","title":{"rendered":"Hasta fin de mes se podr\u00e1 postular al Programa Jefas de Hogar"},"content":{"rendered":"<figure id=\"attachment_66846\" aria-describedby=\"caption-attachment-66846\" style=\"width: 300px\" class=\"wp-caption alignleft\"><img data-recalc-dims=\"1\" loading=\"lazy\" decoding=\"async\" class=\"wp-image-66846 size-medium\" src=\"https:\/\/i0.wp.com\/www.eltrabajo.cl\/portal\/wp-content\/uploads\/2016\/02\/Silvana-Vera-Oficina-Municipal-de-la-Mujer-300x197.jpg?resize=300%2C197\" alt=\"Silvana Vera, encargada de la Oficina Municipal de la Mujer.\" width=\"300\" height=\"197\" srcset=\"https:\/\/i0.wp.com\/eltrabajo.cl\/portal\/wp-content\/uploads\/2016\/02\/Silvana-Vera-Oficina-Municipal-de-la-Mujer.jpg?resize=300%2C197&amp;ssl=1 300w, https:\/\/i0.wp.com\/eltrabajo.cl\/portal\/wp-content\/uploads\/2016\/02\/Silvana-Vera-Oficina-Municipal-de-la-Mujer.jpg?resize=200%2C131&amp;ssl=1 200w, https:\/\/i0.wp.com\/eltrabajo.cl\/portal\/wp-content\/uploads\/2016\/02\/Silvana-Vera-Oficina-Municipal-de-la-Mujer.jpg?resize=228%2C150&amp;ssl=1 228w, https:\/\/i0.wp.com\/eltrabajo.cl\/portal\/wp-content\/uploads\/2016\/02\/Silvana-Vera-Oficina-Municipal-de-la-Mujer.jpg?resize=400%2C263&amp;ssl=1 400w, https:\/\/i0.wp.com\/eltrabajo.cl\/portal\/wp-content\/uploads\/2016\/02\/Silvana-Vera-Oficina-Municipal-de-la-Mujer.jpg?w=530&amp;ssl=1 530w\" sizes=\"auto, (max-width: 300px) 100vw, 300px\" \/><figcaption id=\"caption-attachment-66846\" class=\"wp-caption-text\">Silvana Vera, encargada de la Oficina Municipal de la Mujer.<\/figcaption><\/figure>\n<ul>\n<li><strong>Alcalde Freire formul\u00f3 un llamado a las mujeres de entre 16 y 65 a\u00f1os que deseen alcanzar su autonom\u00eda econ\u00f3mica, para que postulen a esta iniciativa que ha favorecido a muchas sanfelipe\u00f1as en sus siete a\u00f1os de ejecuci\u00f3n.<\/strong><\/li>\n<\/ul>\n<p>Hasta este 29 de febrero se extender\u00e1 el proceso de inscripci\u00f3n y postulaci\u00f3n para el Programa Mujer Trabajadora y Jefa de Hogar \u2013 Asociatividad y Emprendimiento a\u00f1o 2016, iniciativa que nuevamente la municipalidad de San Felipe ejecutar\u00e1, favoreciendo a 145 mujeres de la comuna.<br \/>\nAs\u00ed lo dio a conocer la encargada de la Oficina Municipal de la Mujer, asistente social Silvana Vera, quien precis\u00f3 que el programa, que comenzar\u00e1 a ejecutarse en el mes de marzo, tiene por objetivo contribuir a la inserci\u00f3n y permanencia en el mundo laboral de las mujeres trabajadoras jefas de hogar de San Felipe, en los \u00e1mbitos dependiente o independiente.<br \/>\nLas mujeres en primera instancia acceden a un taller de formaci\u00f3n para el trabajo, donde pueden descubrir, desarrollar y potenciar sus habilidades, permiti\u00e9ndoles aprender por ejemplo a hacer su curr\u00edculum vitae, conocer redes de apoyo y contar con m\u00e1s herramientas socio &#8211; laborales que les favorezcan en una entrevista laboral.<br \/>\nEl programa est\u00e1 dirigido a mujeres que est\u00e9n trabajando, buscando trabajo o cesantes, de entre 18 y 65 a\u00f1os, que deseen acceder a la autonom\u00eda laboral. Tambi\u00e9n, pueden acceder mujeres que cuenten con alg\u00fan emprendimiento y requieran obtener herramientas de apoyo como gesti\u00f3n microempresarial, contabilidad, que est\u00e9n inscritas en la Omil en caso de ser cesantes, tengan a familiares bajo su responsabilidad, por lo que deben presentar fotocopia de su c\u00e9dula de identidad, documento del Registro Social de Hogares y acreditar registro en la Omil.<br \/>\nEn este mismo sentido, el alcalde Patricio Freire manifest\u00f3 la importancia del v\u00ednculo que se ha generado con Sernam, para desarrollar este programa, que ha arrojado muy buenos resultados en la comuna de San Felipe.<br \/>\n\u201cA lo largo de estos siete a\u00f1os de trabajo junto a Sernam, gracias al Programa Jefas de Hogar, hemos tenido muy buenos resultados. A\u00f1o a a\u00f1o, vemos como las mujeres no solo manifiestan su alegr\u00eda y agradecimiento porque han alcanzado la autonom\u00eda econ\u00f3mica, sino tambi\u00e9n porque pueden acceder a atenci\u00f3n dental, porque est\u00e1n m\u00e1s empoderadas, tienen m\u00e1s herramientas para desarrollarse y para apoyar a sus familias, eso nos insta a seguir trabajando arduamente con este programa\u201d, manifest\u00f3 el alcalde Freire.<br \/>\nLa autoridad recalc\u00f3 que gracias a este programa, muchas mujeres est\u00e1n insertas en el campo laboral con mayor estabilidad, as\u00ed como con emprendimientos sustentables y con mayores herramientas para la generaci\u00f3n de recursos.<\/p>\n","protected":false},"excerpt":{"rendered":"<p>Alcalde Freire formul\u00f3 un llamado a las mujeres de entre 16 y 65 a\u00f1os que deseen alcanzar su autonom\u00eda econ\u00f3mica, para que postulen a esta iniciativa que ha favorecido a muchas sanfelipe\u00f1as&#8230;<\/p>\n","protected":false},"author":482,"featured_media":66846,"comment_status":"open","ping_status":"open","sticky":false,"template":"","format":"standard","meta":{"advanced_seo_description":"","jetpack_seo_html_title":"","jetpack_seo_noindex":false,"_jetpack_memberships_contains_paid_content":false,"footnotes":""},"categories":[1],"tags":[],"class_list":["post-66845","post","type-post","status-publish","format-standard","has-post-thumbnail","hentry","category-cronica"],"jetpack_featured_media_url":"https:\/\/i0.wp.com\/eltrabajo.cl\/portal\/wp-content\/uploads\/2016\/02\/Silvana-Vera-Oficina-Municipal-de-la-Mujer.jpg?fit=530%2C348&ssl=1","jetpack_sharing_enabled":true,"jetpack_likes_enabled":true,"jetpack-related-posts":[],"_links":{"self":[{"href":"https:\/\/eltrabajo.cl\/portal\/wp-json\/wp\/v2\/posts\/66845","targetHints":{"allow":["GET"]}}],"collection":[{"href":"https:\/\/eltrabajo.cl\/portal\/wp-json\/wp\/v2\/posts"}],"about":[{"href":"https:\/\/eltrabajo.cl\/portal\/wp-json\/wp\/v2\/types\/post"}],"author":[{"embeddable":true,"href":"https:\/\/eltrabajo.cl\/portal\/wp-json\/wp\/v2\/users\/482"}],"replies":[{"embeddable":true,"href":"https:\/\/eltrabajo.cl\/portal\/wp-json\/wp\/v2\/comments?post=66845"}],"version-history":[{"count":0,"href":"https:\/\/eltrabajo.cl\/portal\/wp-json\/wp\/v2\/posts\/66845\/revisions"}],"wp:featuredmedia":[{"embeddable":true,"href":"https:\/\/eltrabajo.cl\/portal\/wp-json\/wp\/v2\/media\/66846"}],"wp:attachment":[{"href":"https:\/\/eltrabajo.cl\/portal\/wp-json\/wp\/v2\/media?parent=66845"}],"wp:term":[{"taxonomy":"category","embeddable":true,"href":"https:\/\/eltrabajo.cl\/portal\/wp-json\/wp\/v2\/categories?post=66845"},{"taxonomy":"post_tag","embeddable":true,"href":"https:\/\/eltrabajo.cl\/portal\/wp-json\/wp\/v2\/tags?post=66845"}],"curies":[{"name":"wp","href":"https:\/\/api.w.org\/{rel}","templated":true}]}}