{"id":66849,"date":"2016-02-16T09:51:43","date_gmt":"2016-02-16T12:51:43","guid":{"rendered":"http:\/\/www.eltrabajo.cl\/portal\/?p=66849"},"modified":"2016-02-16T09:52:27","modified_gmt":"2016-02-16T12:52:27","slug":"en-junio-proximo-debieran-reiniciarse-las-obras-de-normalizacion-del-philippe-pinel","status":"publish","type":"post","link":"https:\/\/eltrabajo.cl\/portal\/en-junio-proximo-debieran-reiniciarse-las-obras-de-normalizacion-del-philippe-pinel\/","title":{"rendered":"En junio pr\u00f3ximo debieran reiniciarse las obras de normalizaci\u00f3n del Philippe Pinel"},"content":{"rendered":"<figure id=\"attachment_66851\" aria-describedby=\"caption-attachment-66851\" style=\"width: 300px\" class=\"wp-caption alignleft\"><img data-recalc-dims=\"1\" loading=\"lazy\" decoding=\"async\" class=\"wp-image-66851 size-medium\" src=\"https:\/\/i0.wp.com\/www.eltrabajo.cl\/portal\/wp-content\/uploads\/2016\/02\/FOTO-6-ASI-LUCE-ACTUALMENTE-EL-FRONTIS-300x197.jpg?resize=300%2C197\" alt=\"As\u00ed luce actualmente el frontis del Hospital Psiqui\u00e1trico Philippe Pinel de Putaendo.\" width=\"300\" height=\"197\" srcset=\"https:\/\/i0.wp.com\/eltrabajo.cl\/portal\/wp-content\/uploads\/2016\/02\/FOTO-6-ASI-LUCE-ACTUALMENTE-EL-FRONTIS.jpg?resize=300%2C197&amp;ssl=1 300w, https:\/\/i0.wp.com\/eltrabajo.cl\/portal\/wp-content\/uploads\/2016\/02\/FOTO-6-ASI-LUCE-ACTUALMENTE-EL-FRONTIS.jpg?resize=200%2C131&amp;ssl=1 200w, https:\/\/i0.wp.com\/eltrabajo.cl\/portal\/wp-content\/uploads\/2016\/02\/FOTO-6-ASI-LUCE-ACTUALMENTE-EL-FRONTIS.jpg?resize=228%2C150&amp;ssl=1 228w, https:\/\/i0.wp.com\/eltrabajo.cl\/portal\/wp-content\/uploads\/2016\/02\/FOTO-6-ASI-LUCE-ACTUALMENTE-EL-FRONTIS.jpg?resize=400%2C263&amp;ssl=1 400w, https:\/\/i0.wp.com\/eltrabajo.cl\/portal\/wp-content\/uploads\/2016\/02\/FOTO-6-ASI-LUCE-ACTUALMENTE-EL-FRONTIS.jpg?w=530&amp;ssl=1 530w\" sizes=\"auto, (max-width: 300px) 100vw, 300px\" \/><figcaption id=\"caption-attachment-66851\" class=\"wp-caption-text\">As\u00ed luce actualmente el frontis del Hospital Psiqui\u00e1trico Philippe Pinel de Putaendo.<\/figcaption><\/figure>\n<ul>\n<li><strong>Una vez que ya se conozca qu\u00e9 empresa se adjudicar\u00e1 los trabajos, los plazos de construcci\u00f3n debieran extenderse por 24 meses, es decir, debieran estar concluidos el primer semestre de 2018.<\/strong><\/li>\n<\/ul>\n<p>Tal como la anunciara hace un par de semanas la directora del Servicio de Salud Aconcagua, SSA, Vilma Olave, el viernes pasado comenzaron a instalarse las unidades modulares de atenci\u00f3n en el Hospital Psiqui\u00e1trico Philippe Pinel de Putaendo, espacios que permitir\u00e1n reducir los montos y tiempos de las obras de normalizaci\u00f3n del establecimiento, las cuales, se reanudar\u00e1n una vez que culmine el pr\u00f3ximo proceso licitatorio en el mes de junio<br \/>\nHumberto Opazo, subdirector de Recursos F\u00edsicos y Financieros del SSA, declar\u00f3 que la instalaci\u00f3n modular servir\u00e1 como una alternativa de mitigaci\u00f3n mientras se ejecutan los trabajos en el recinto, planteando que \u201cestos m\u00f3dulos est\u00e1n considerados como un proceso transitorio mientras se habilita el proceso constructivo del Hospital. Son 2 \u00e1reas: una est\u00e1 destinada a la parte administrativa y la otra que es un espacio cl\u00ednico que busca dar soluci\u00f3n a los problemas de hacinamiento que existen actualmente y va a permitir que los funcionarios puedan trabajar de forma m\u00e1s c\u00f3moda y tranquila\u201d, expres\u00f3.<br \/>\nEn relaci\u00f3n con los objetivos que se buscan con estas unidades, Opazo agreg\u00f3 que \u201cpretendemos liberar espacio, porque las obras de este recinto estaban dise\u00f1ada en cuatro etapas y finalmente con estas instalaciones vamos a generar solamente dos etapas de proceso constructivo, por lo tanto va a permitir que las empresas que asuman la construcci\u00f3n del Hospital puedan tener m\u00e1s cancha para efectuar su labor\u201d, detall\u00f3.<br \/>\nRespecto de los plazos que se manejan para las pr\u00f3ximas obras de normalizaci\u00f3n, el funcionario a\u00f1adi\u00f3 que \u201cya presentamos todos los antecedentes a Contralor\u00eda, que ya est\u00e1 en proceso de toma de raz\u00f3n, esperamos que durante los pr\u00f3ximos d\u00edas nos entreguen la informaci\u00f3n de la liquidaci\u00f3n del contrato anterior, con eso vamos a empezar un proceso licitatorio que dura aproximadamente 60 d\u00edas, luego pasa nuevamente por Contralor\u00eda y esperamos estar partiendo, si todo funciona bien, en junio de 2016 y el proceso de construcci\u00f3n se extender\u00eda por 24 meses, es decir hasta el primer semestre del a\u00f1o 2018\u201d, puntualiz\u00f3.<br \/>\nA su vez el Director del Hospital Psiqui\u00e1trico Philippe Pinel de Putaendo, doctor Jaime Retamal Garrido, describi\u00f3 desde el punto de vista log\u00edstico cu\u00e1l es el beneficio que tiene para los facultativos contar con estas unidades y argument\u00f3 que \u201cpara nosotros es muy importante poder contar con estas dos grandes \u00e1reas porque mejora claramente por una parte las condiciones actuales de c\u00f3mo se encuentran los aproximadamente 85 funcionarios del \u00e1rea administrativa y por otro lado, los cerca de 120 pacientes que van a ocupar estas nuevas dependencias cl\u00ednicas, quienes van a estar en mucho mejores condiciones que las que se encuentran actualmente, obviamente por todo el deterioro que tiene el edificio y los riesgos que esto implica tambi\u00e9n\u201d, apunt\u00f3.<br \/>\nEn relaci\u00f3n a c\u00f3mo funcionar\u00e1n cada una de las \u00e1reas y qu\u00e9 pacientes tendr\u00e1n que ser cambiados de sector, Retamal anunci\u00f3 que \u201cnosotros vamos a trabajar en un plan muy bien coordinado de traslados, cuando el edificio cl\u00ednico est\u00e1 ya con la autorizaci\u00f3n sanitaria correspondiente, vamos a generar toda una coordinaci\u00f3n con los edificios cl\u00ednicos que se van a trasladar que son: Psicogeriatr\u00eda, Larga Estad\u00eda y la unidad de Mediana Estad\u00eda 3, vamos a tener todo coordinado para realizar un traslado progresivo y que no tenga ning\u00fan impacto en la salud de los usuarios y minimizando as\u00ed todos los riesgos que puedan ocurrir, pero no debiera haber problemas porque estamos acostumbrados a realizar este tipo de movimientos\u201d, enfatiz\u00f3.<br \/>\nFinalmente, el galeno reconoci\u00f3 la enorme necesidad de comenzar prontamente con la intervenci\u00f3n del edificio puesto que \u201ceste es un proyecto muy anhelado por la unidad hospitalaria, todos conocen la historia de este establecimiento, los da\u00f1os que tiene el edificio producto de los terremotos, espec\u00edficamente el del a\u00f1o 2010 que provoc\u00f3 que tuvi\u00e9ramos que cerrar un ala completa que qued\u00f3 sin utilizar y obviamente eso tiene un impacto, por eso para nosotros es muy importante normalizar nuestro recinto y contar con la infraestructura que corresponde a los tiempos que hoy vivimos\u201d, concluy\u00f3.<\/p>\n<div class=\"tiled-gallery type-rectangular tiled-gallery-unresized\" data-original-width=\"640\" data-carousel-extra='null' itemscope itemtype=\"http:\/\/schema.org\/ImageGallery\" > <div class=\"gallery-row\" style=\"width: 640px; height: 212px;\" data-original-width=\"640\" data-original-height=\"212\" > <div class=\"gallery-group images-1\" style=\"width: 319px; height: 212px;\" data-original-width=\"319\" data-original-height=\"212\" > <div class=\"tiled-gallery-item tiled-gallery-item-large\" itemprop=\"associatedMedia\" itemscope itemtype=\"http:\/\/schema.org\/ImageObject\"> <a href=\"https:\/\/eltrabajo.cl\/portal\/en-junio-proximo-debieran-reiniciarse-las-obras-de-normalizacion-del-philippe-pinel\/foto-7-estas-son-las-unidades-modulares-que-se-instalaron\/\" border=\"0\" itemprop=\"url\"> <meta itemprop=\"width\" content=\"315\"> <meta itemprop=\"height\" content=\"208\"> <img decoding=\"async\" class=\"\" data-attachment-id=\"66852\" data-orig-file=\"https:\/\/eltrabajo.cl\/portal\/wp-content\/uploads\/2016\/02\/FOTO-7-ESTAS-SON-LAS-UNIDADES-MODULARES-QUE-SE-INSTALARON.jpg\" data-orig-size=\"530,350\" data-comments-opened=\"1\" data-image-meta=\"{&quot;aperture&quot;:&quot;0&quot;,&quot;credit&quot;:&quot;&quot;,&quot;camera&quot;:&quot;&quot;,&quot;caption&quot;:&quot;&quot;,&quot;created_timestamp&quot;:&quot;0&quot;,&quot;copyright&quot;:&quot;&quot;,&quot;focal_length&quot;:&quot;0&quot;,&quot;iso&quot;:&quot;0&quot;,&quot;shutter_speed&quot;:&quot;0&quot;,&quot;title&quot;:&quot;&quot;,&quot;orientation&quot;:&quot;0&quot;}\" data-image-title=\"FOTO 7 ESTAS SON LAS UNIDADES MODULARES QUE SE INSTALARON\" data-image-description=\"&lt;p&gt;Estas son las unidades modulares que se instalaron en el recinto de salud mental para poder mejorar las condiciones de trabajo de los funcionarios y la estad\u00eda de los pacientes mientras dure la normalizaci\u00f3n.&lt;\/p&gt; \" data-medium-file=\"https:\/\/i0.wp.com\/eltrabajo.cl\/portal\/wp-content\/uploads\/2016\/02\/FOTO-7-ESTAS-SON-LAS-UNIDADES-MODULARES-QUE-SE-INSTALARON.jpg?fit=300%2C198&#038;ssl=1\" data-large-file=\"https:\/\/i0.wp.com\/eltrabajo.cl\/portal\/wp-content\/uploads\/2016\/02\/FOTO-7-ESTAS-SON-LAS-UNIDADES-MODULARES-QUE-SE-INSTALARON.jpg?fit=530%2C350&#038;ssl=1\" src=\"https:\/\/i0.wp.com\/eltrabajo.cl\/portal\/wp-content\/uploads\/2016\/02\/FOTO-7-ESTAS-SON-LAS-UNIDADES-MODULARES-QUE-SE-INSTALARON.jpg?w=315&#038;h=208&#038;ssl=1\" srcset=\"https:\/\/i0.wp.com\/eltrabajo.cl\/portal\/wp-content\/uploads\/2016\/02\/FOTO-7-ESTAS-SON-LAS-UNIDADES-MODULARES-QUE-SE-INSTALARON.jpg?w=530&amp;ssl=1 530w, https:\/\/i0.wp.com\/eltrabajo.cl\/portal\/wp-content\/uploads\/2016\/02\/FOTO-7-ESTAS-SON-LAS-UNIDADES-MODULARES-QUE-SE-INSTALARON.jpg?resize=200%2C132&amp;ssl=1 200w, https:\/\/i0.wp.com\/eltrabajo.cl\/portal\/wp-content\/uploads\/2016\/02\/FOTO-7-ESTAS-SON-LAS-UNIDADES-MODULARES-QUE-SE-INSTALARON.jpg?resize=300%2C198&amp;ssl=1 300w, https:\/\/i0.wp.com\/eltrabajo.cl\/portal\/wp-content\/uploads\/2016\/02\/FOTO-7-ESTAS-SON-LAS-UNIDADES-MODULARES-QUE-SE-INSTALARON.jpg?resize=227%2C150&amp;ssl=1 227w, https:\/\/i0.wp.com\/eltrabajo.cl\/portal\/wp-content\/uploads\/2016\/02\/FOTO-7-ESTAS-SON-LAS-UNIDADES-MODULARES-QUE-SE-INSTALARON.jpg?resize=400%2C264&amp;ssl=1 400w\" width=\"315\" height=\"208\" loading=\"lazy\" data-original-width=\"315\" data-original-height=\"208\" itemprop=\"http:\/\/schema.org\/image\" title=\"FOTO 7 ESTAS SON LAS UNIDADES MODULARES QUE SE INSTALARON\" alt=\"Estas son las unidades modulares que se instalaron en el recinto de salud mental para poder mejorar las condiciones de trabajo de los funcionarios y la estad\u00eda de los pacientes mientras dure la normalizaci\u00f3n.\" style=\"width: 315px; height: 208px;\" \/> <\/a> <div class=\"tiled-gallery-caption\" itemprop=\"caption description\"> Estas son las unidades modulares que se instalaron en el recinto de salud mental para poder mejorar las condiciones de trabajo de los funcionarios y la estad\u00eda de los pacientes mientras dure la normalizaci\u00f3n. <\/div> <\/div> <\/div> <!-- close group --> <div class=\"gallery-group images-1\" style=\"width: 321px; height: 212px;\" data-original-width=\"321\" data-original-height=\"212\" > <div class=\"tiled-gallery-item tiled-gallery-item-large\" itemprop=\"associatedMedia\" itemscope itemtype=\"http:\/\/schema.org\/ImageObject\"> <a href=\"https:\/\/eltrabajo.cl\/portal\/en-junio-proximo-debieran-reiniciarse-las-obras-de-normalizacion-del-philippe-pinel\/foto-5-doctor-jaime-retamal-director-del-hospital-psiquiatrico-philippe-pinel-de-putaendo\/\" border=\"0\" itemprop=\"url\"> <meta itemprop=\"width\" content=\"317\"> <meta itemprop=\"height\" content=\"208\"> <img decoding=\"async\" class=\"\" data-attachment-id=\"66850\" data-orig-file=\"https:\/\/eltrabajo.cl\/portal\/wp-content\/uploads\/2016\/02\/FOTO-5-DOCTOR-JAIME-RETAMAL-DIRECTOR-DEL-HOSPITAL-PSIQUIATRICO-PHILIPPE-PINEL-DE-PUTAENDO.jpg\" data-orig-size=\"530,348\" data-comments-opened=\"1\" data-image-meta=\"{&quot;aperture&quot;:&quot;0&quot;,&quot;credit&quot;:&quot;&quot;,&quot;camera&quot;:&quot;&quot;,&quot;caption&quot;:&quot;&quot;,&quot;created_timestamp&quot;:&quot;0&quot;,&quot;copyright&quot;:&quot;&quot;,&quot;focal_length&quot;:&quot;0&quot;,&quot;iso&quot;:&quot;0&quot;,&quot;shutter_speed&quot;:&quot;0&quot;,&quot;title&quot;:&quot;&quot;,&quot;orientation&quot;:&quot;0&quot;}\" data-image-title=\"FOTO 5 DOCTOR JAIME RETAMAL DIRECTOR DEL HOSPITAL PSIQUIATRICO PHILIPPE PINEL DE PUTAENDO\" data-image-description=\"&lt;p&gt;Doctor Jaime Retamal, director del Hospital Psiqui\u00e1trico Philippe Pinel de Putaendo.&lt;\/p&gt; \" data-medium-file=\"https:\/\/i0.wp.com\/eltrabajo.cl\/portal\/wp-content\/uploads\/2016\/02\/FOTO-5-DOCTOR-JAIME-RETAMAL-DIRECTOR-DEL-HOSPITAL-PSIQUIATRICO-PHILIPPE-PINEL-DE-PUTAENDO.jpg?fit=300%2C197&#038;ssl=1\" data-large-file=\"https:\/\/i0.wp.com\/eltrabajo.cl\/portal\/wp-content\/uploads\/2016\/02\/FOTO-5-DOCTOR-JAIME-RETAMAL-DIRECTOR-DEL-HOSPITAL-PSIQUIATRICO-PHILIPPE-PINEL-DE-PUTAENDO.jpg?fit=530%2C348&#038;ssl=1\" src=\"https:\/\/i0.wp.com\/eltrabajo.cl\/portal\/wp-content\/uploads\/2016\/02\/FOTO-5-DOCTOR-JAIME-RETAMAL-DIRECTOR-DEL-HOSPITAL-PSIQUIATRICO-PHILIPPE-PINEL-DE-PUTAENDO.jpg?w=317&#038;h=208&#038;ssl=1\" srcset=\"https:\/\/i0.wp.com\/eltrabajo.cl\/portal\/wp-content\/uploads\/2016\/02\/FOTO-5-DOCTOR-JAIME-RETAMAL-DIRECTOR-DEL-HOSPITAL-PSIQUIATRICO-PHILIPPE-PINEL-DE-PUTAENDO.jpg?w=530&amp;ssl=1 530w, https:\/\/i0.wp.com\/eltrabajo.cl\/portal\/wp-content\/uploads\/2016\/02\/FOTO-5-DOCTOR-JAIME-RETAMAL-DIRECTOR-DEL-HOSPITAL-PSIQUIATRICO-PHILIPPE-PINEL-DE-PUTAENDO.jpg?resize=200%2C131&amp;ssl=1 200w, https:\/\/i0.wp.com\/eltrabajo.cl\/portal\/wp-content\/uploads\/2016\/02\/FOTO-5-DOCTOR-JAIME-RETAMAL-DIRECTOR-DEL-HOSPITAL-PSIQUIATRICO-PHILIPPE-PINEL-DE-PUTAENDO.jpg?resize=300%2C197&amp;ssl=1 300w, https:\/\/i0.wp.com\/eltrabajo.cl\/portal\/wp-content\/uploads\/2016\/02\/FOTO-5-DOCTOR-JAIME-RETAMAL-DIRECTOR-DEL-HOSPITAL-PSIQUIATRICO-PHILIPPE-PINEL-DE-PUTAENDO.jpg?resize=228%2C150&amp;ssl=1 228w, https:\/\/i0.wp.com\/eltrabajo.cl\/portal\/wp-content\/uploads\/2016\/02\/FOTO-5-DOCTOR-JAIME-RETAMAL-DIRECTOR-DEL-HOSPITAL-PSIQUIATRICO-PHILIPPE-PINEL-DE-PUTAENDO.jpg?resize=400%2C263&amp;ssl=1 400w\" width=\"317\" height=\"208\" loading=\"lazy\" data-original-width=\"317\" data-original-height=\"208\" itemprop=\"http:\/\/schema.org\/image\" title=\"FOTO 5 DOCTOR JAIME RETAMAL DIRECTOR DEL HOSPITAL PSIQUIATRICO PHILIPPE PINEL DE PUTAENDO\" alt=\"Doctor Jaime Retamal, director del Hospital Psiqui\u00e1trico Philippe Pinel de Putaendo.\" style=\"width: 317px; height: 208px;\" \/> <\/a> <div class=\"tiled-gallery-caption\" itemprop=\"caption description\"> Doctor Jaime Retamal, director del Hospital Psiqui\u00e1trico Philippe Pinel de Putaendo. <\/div> <\/div> <\/div> <!-- close group --> <\/div> <!-- close row --> <\/div>\n","protected":false},"excerpt":{"rendered":"<p>Una vez que ya se conozca qu\u00e9 empresa se adjudicar\u00e1 los trabajos, los plazos de construcci\u00f3n debieran extenderse por 24 meses, es decir, debieran estar concluidos el primer semestre de 2018. Tal&#8230;<\/p>\n","protected":false},"author":482,"featured_media":66851,"comment_status":"open","ping_status":"open","sticky":false,"template":"","format":"standard","meta":{"advanced_seo_description":"","jetpack_seo_html_title":"","jetpack_seo_noindex":false,"_jetpack_memberships_contains_paid_content":false,"footnotes":""},"categories":[1],"tags":[],"class_list":["post-66849","post","type-post","status-publish","format-standard","has-post-thumbnail","hentry","category-cronica"],"jetpack_featured_media_url":"https:\/\/i0.wp.com\/eltrabajo.cl\/portal\/wp-content\/uploads\/2016\/02\/FOTO-6-ASI-LUCE-ACTUALMENTE-EL-FRONTIS.jpg?fit=530%2C348&ssl=1","jetpack_sharing_enabled":true,"jetpack_likes_enabled":true,"jetpack-related-posts":[],"_links":{"self":[{"href":"https:\/\/eltrabajo.cl\/portal\/wp-json\/wp\/v2\/posts\/66849","targetHints":{"allow":["GET"]}}],"collection":[{"href":"https:\/\/eltrabajo.cl\/portal\/wp-json\/wp\/v2\/posts"}],"about":[{"href":"https:\/\/eltrabajo.cl\/portal\/wp-json\/wp\/v2\/types\/post"}],"author":[{"embeddable":true,"href":"https:\/\/eltrabajo.cl\/portal\/wp-json\/wp\/v2\/users\/482"}],"replies":[{"embeddable":true,"href":"https:\/\/eltrabajo.cl\/portal\/wp-json\/wp\/v2\/comments?post=66849"}],"version-history":[{"count":0,"href":"https:\/\/eltrabajo.cl\/portal\/wp-json\/wp\/v2\/posts\/66849\/revisions"}],"wp:featuredmedia":[{"embeddable":true,"href":"https:\/\/eltrabajo.cl\/portal\/wp-json\/wp\/v2\/media\/66851"}],"wp:attachment":[{"href":"https:\/\/eltrabajo.cl\/portal\/wp-json\/wp\/v2\/media?parent=66849"}],"wp:term":[{"taxonomy":"category","embeddable":true,"href":"https:\/\/eltrabajo.cl\/portal\/wp-json\/wp\/v2\/categories?post=66849"},{"taxonomy":"post_tag","embeddable":true,"href":"https:\/\/eltrabajo.cl\/portal\/wp-json\/wp\/v2\/tags?post=66849"}],"curies":[{"name":"wp","href":"https:\/\/api.w.org\/{rel}","templated":true}]}}