{"id":66854,"date":"2016-02-16T09:55:05","date_gmt":"2016-02-16T12:55:05","guid":{"rendered":"http:\/\/www.eltrabajo.cl\/portal\/?p=66854"},"modified":"2016-02-16T09:55:05","modified_gmt":"2016-02-16T12:55:05","slug":"ricardito-podria-ser-condenado-a-15-anos-tras-ser-culpable-por-crimen-de-el-churruca","status":"publish","type":"post","link":"https:\/\/eltrabajo.cl\/portal\/ricardito-podria-ser-condenado-a-15-anos-tras-ser-culpable-por-crimen-de-el-churruca\/","title":{"rendered":"\u2018Ricardito\u2019 podr\u00eda ser condenado a 15 a\u00f1os tras ser culpable por crimen de \u2018El Churruca\u2019"},"content":{"rendered":"<figure id=\"attachment_66855\" aria-describedby=\"caption-attachment-66855\" style=\"width: 300px\" class=\"wp-caption alignleft\"><img data-recalc-dims=\"1\" loading=\"lazy\" decoding=\"async\" class=\"wp-image-66855 size-medium\" src=\"https:\/\/i0.wp.com\/www.eltrabajo.cl\/portal\/wp-content\/uploads\/2016\/02\/Ricardito111-300x197.jpg?resize=300%2C197\" alt=\"Ricardo Cataldo Mu\u00f1oz alias \u2018El Ricardito\u2019 arriesga 15 a\u00f1os de c\u00e1rcel por un nuevo homicidio cometido en Villa Los \u00c1lamos de San Felipe.\" width=\"300\" height=\"197\" srcset=\"https:\/\/i0.wp.com\/eltrabajo.cl\/portal\/wp-content\/uploads\/2016\/02\/Ricardito111.jpg?resize=300%2C197&amp;ssl=1 300w, https:\/\/i0.wp.com\/eltrabajo.cl\/portal\/wp-content\/uploads\/2016\/02\/Ricardito111.jpg?resize=200%2C131&amp;ssl=1 200w, https:\/\/i0.wp.com\/eltrabajo.cl\/portal\/wp-content\/uploads\/2016\/02\/Ricardito111.jpg?resize=228%2C150&amp;ssl=1 228w, https:\/\/i0.wp.com\/eltrabajo.cl\/portal\/wp-content\/uploads\/2016\/02\/Ricardito111.jpg?resize=400%2C263&amp;ssl=1 400w, https:\/\/i0.wp.com\/eltrabajo.cl\/portal\/wp-content\/uploads\/2016\/02\/Ricardito111.jpg?w=530&amp;ssl=1 530w\" sizes=\"auto, (max-width: 300px) 100vw, 300px\" \/><figcaption id=\"caption-attachment-66855\" class=\"wp-caption-text\">Ricardo Cataldo Mu\u00f1oz alias \u2018El Ricardito\u2019 arriesga 15 a\u00f1os de c\u00e1rcel por un nuevo homicidio cometido en Villa Los \u00c1lamos de San Felipe.<\/figcaption><\/figure>\n<ul>\n<li><strong>Los jueces acogieron la tesis de la Fiscal\u00eda tras las pruebas rendidas en juicio oral ayer lunes por el homicidio ocurrido en la villa Los \u00c1lamos de San Felipe en diciembre del 2014.<\/strong><\/li>\n<\/ul>\n<p>Una pena que podr\u00eda alcanzar los 15 a\u00f1os de c\u00e1rcel arriesgar\u00eda Ricardo Emerson Cataldo Mu\u00f1oz, alias \u2018El Ricardito\u2019, quien fue condenado el d\u00eda de ayer por el Tribunal Oral en Lo Penal de San Felipe, al ser considerado culpable del crimen de Hugo Carvajal Rocha de 34 a\u00f1os de edad, alias \u2018El Churruca\u2019, quien falleci\u00f3 tras recibir un certero disparo en el t\u00f3rax en la villa Los \u00c1lamos de esta comuna.<br \/>\nLos hechos de la acusaci\u00f3n fueron debatidos entre la Fiscal\u00eda y la Defensa desde la ma\u00f1ana de ayer lunes en la sala del tribunal, a partir de los violentos sucesos ocurridos el 7 de diciembre del 2014. La v\u00edctima y el victimario se habr\u00edan enfrascado en una ri\u00f1a y las primeras hip\u00f3tesis policiales daban cuenta de alg\u00fan tipo de \u2018ajuste de cuentas\u2019 entre microtraficantes.<br \/>\nNo obstante, los antecedentes policiales en aquel entonces daban cuenta de una agresi\u00f3n sufrida por la abuela de Cataldo Mu\u00f1oz, quien habr\u00eda sido golpeada violentamente en la cabeza. Tras esta situaci\u00f3n \u2018Ricardito\u2019 habr\u00eda disparado a quemarropa sobre el cuerpo de Carvajal Rocha, quien result\u00f3 herido de gravedad, quedando tendido en la v\u00eda p\u00fablica, espec\u00edficamente en calle Aguas Claras, con un proyectil bal\u00edstico alojado en su cuerpo, lo que finalmente le provoc\u00f3 la muerte a los pocos minutos en el mismo lugar.<\/p>\n<figure id=\"attachment_66856\" aria-describedby=\"caption-attachment-66856\" style=\"width: 300px\" class=\"wp-caption alignright\"><img data-recalc-dims=\"1\" loading=\"lazy\" decoding=\"async\" class=\"wp-image-66856 size-medium\" src=\"https:\/\/i0.wp.com\/www.eltrabajo.cl\/portal\/wp-content\/uploads\/2016\/02\/homicidio-300x198.jpg?resize=300%2C198\" alt=\"A la izquierda el cuerpo del occiso Hugo Carvajal Rocha, fallecido de un certero disparo en el t\u00f3rax. A la derecha \u2018Ricardito\u2019 condenado por este homicidio. \" width=\"300\" height=\"198\" srcset=\"https:\/\/i0.wp.com\/eltrabajo.cl\/portal\/wp-content\/uploads\/2016\/02\/homicidio.jpg?resize=300%2C198&amp;ssl=1 300w, https:\/\/i0.wp.com\/eltrabajo.cl\/portal\/wp-content\/uploads\/2016\/02\/homicidio.jpg?resize=200%2C132&amp;ssl=1 200w, https:\/\/i0.wp.com\/eltrabajo.cl\/portal\/wp-content\/uploads\/2016\/02\/homicidio.jpg?resize=227%2C150&amp;ssl=1 227w, https:\/\/i0.wp.com\/eltrabajo.cl\/portal\/wp-content\/uploads\/2016\/02\/homicidio.jpg?resize=400%2C264&amp;ssl=1 400w, https:\/\/i0.wp.com\/eltrabajo.cl\/portal\/wp-content\/uploads\/2016\/02\/homicidio.jpg?w=530&amp;ssl=1 530w\" sizes=\"auto, (max-width: 300px) 100vw, 300px\" \/><figcaption id=\"caption-attachment-66856\" class=\"wp-caption-text\">A la izquierda el cuerpo del occiso Hugo Carvajal Rocha, fallecido de un certero disparo en el t\u00f3rax. A la derecha \u2018Ricardito\u2019 condenado por este homicidio.<\/figcaption><\/figure>\n<p>Un contingente de Carabineros de distintos destacamentos de San Felipe se moviliz\u00f3 hasta el sitio del suceso, donde se produjeron enfrentamientos entre los familiares de los protagonistas, disparando armas de fuego, lo que conmocion\u00f3 a los residentes de las villas aleda\u00f1as al lugar de los hechos. Los efectivos policiales debieron custodiar el cuerpo de Carvajal Rocha, a la espera de la llegada de la Brigada de Homicidios de la Polic\u00eda de Investigaciones de Los Andes, quienes constataron el homicidio.<br \/>\nLas diligencias continuaron tras la b\u00fasqueda del requerido \u2018Ricardito\u2019, quien por largas horas permanec\u00eda pr\u00f3fugo. Sin embargo, los efectivos de la PDI se desplazaron finalmente hasta la calle Brasil en la comuna de Putaendo, lugar donde fue capturado Ricardo Cataldo Mu\u00f1oz, quien permanec\u00eda oculto al interior del domicilio de un cercano, siendo detenido como autor ejecutor de este homicidio.<\/p>\n<p><strong>HOMICIDIO DE FREDDY BALBONT\u00cdN<\/strong><br \/>\nCabe recordar que Ricardo Cataldo Mu\u00f1oz, hasta diciembre del a\u00f1o 2014 se encontraba cumpliendo un beneficio carcelario de Reclusi\u00f3n Nocturna, tras haber sido condenado durante 2011 a cuatro a\u00f1os por el homicidio de Freddy Balbont\u00edn, quien fue asesinado con un arma blanca el 14 de noviembre del a\u00f1o 2010 en pasaje 5 de villa Bernardo Cruz en San Felipe.<br \/>\nCataldo, tras haber cumplido la mitad de esa condena en la c\u00e1rcel, recibi\u00f3 de Gendarmer\u00eda el beneficio de Reclusi\u00f3n Nocturna, el cual hab\u00eda quebrantando hace alg\u00fan tiempo pese a que estuvo a s\u00f3lo d\u00edas de cumplir dicha condena por este crimen.<br \/>\nNo obstante la sentencia por el crimen de \u2018El Churruca\u2019 ser\u00e1 dada a conocer en el Tribunal Oral en Lo Penal de San Felipe este s\u00e1bado, donde podr\u00eda ser condenado a una pena de 15 a\u00f1os por homicidio simple.<br \/>\n<strong>Pablo Salinas Sald\u00edas<\/strong><\/p>\n","protected":false},"excerpt":{"rendered":"<p>Los jueces acogieron la tesis de la Fiscal\u00eda tras las pruebas rendidas en juicio oral ayer lunes por el homicidio ocurrido en la villa Los \u00c1lamos de San Felipe en diciembre del&#8230;<\/p>\n","protected":false},"author":482,"featured_media":66855,"comment_status":"open","ping_status":"open","sticky":false,"template":"","format":"standard","meta":{"advanced_seo_description":"","jetpack_seo_html_title":"","jetpack_seo_noindex":false,"_jetpack_memberships_contains_paid_content":false,"footnotes":""},"categories":[21],"tags":[],"class_list":["post-66854","post","type-post","status-publish","format-standard","has-post-thumbnail","hentry","category-policial"],"jetpack_featured_media_url":"https:\/\/i0.wp.com\/eltrabajo.cl\/portal\/wp-content\/uploads\/2016\/02\/Ricardito111.jpg?fit=530%2C348&ssl=1","jetpack_sharing_enabled":true,"jetpack_likes_enabled":true,"jetpack-related-posts":[],"_links":{"self":[{"href":"https:\/\/eltrabajo.cl\/portal\/wp-json\/wp\/v2\/posts\/66854","targetHints":{"allow":["GET"]}}],"collection":[{"href":"https:\/\/eltrabajo.cl\/portal\/wp-json\/wp\/v2\/posts"}],"about":[{"href":"https:\/\/eltrabajo.cl\/portal\/wp-json\/wp\/v2\/types\/post"}],"author":[{"embeddable":true,"href":"https:\/\/eltrabajo.cl\/portal\/wp-json\/wp\/v2\/users\/482"}],"replies":[{"embeddable":true,"href":"https:\/\/eltrabajo.cl\/portal\/wp-json\/wp\/v2\/comments?post=66854"}],"version-history":[{"count":0,"href":"https:\/\/eltrabajo.cl\/portal\/wp-json\/wp\/v2\/posts\/66854\/revisions"}],"wp:featuredmedia":[{"embeddable":true,"href":"https:\/\/eltrabajo.cl\/portal\/wp-json\/wp\/v2\/media\/66855"}],"wp:attachment":[{"href":"https:\/\/eltrabajo.cl\/portal\/wp-json\/wp\/v2\/media?parent=66854"}],"wp:term":[{"taxonomy":"category","embeddable":true,"href":"https:\/\/eltrabajo.cl\/portal\/wp-json\/wp\/v2\/categories?post=66854"},{"taxonomy":"post_tag","embeddable":true,"href":"https:\/\/eltrabajo.cl\/portal\/wp-json\/wp\/v2\/tags?post=66854"}],"curies":[{"name":"wp","href":"https:\/\/api.w.org\/{rel}","templated":true}]}}