{"id":66858,"date":"2016-02-16T09:57:46","date_gmt":"2016-02-16T12:57:46","guid":{"rendered":"http:\/\/www.eltrabajo.cl\/portal\/?p=66858"},"modified":"2016-02-17T11:12:52","modified_gmt":"2016-02-17T14:12:52","slug":"cadete-de-la-marina-recibe-brutal-golpiza-en-dicotheque-scalibur","status":"publish","type":"post","link":"https:\/\/eltrabajo.cl\/portal\/cadete-de-la-marina-recibe-brutal-golpiza-en-dicotheque-scalibur\/","title":{"rendered":"Cadete de la marina recibe brutal golpiza en Discotheque Scalibur"},"content":{"rendered":"<figure id=\"attachment_66859\" aria-describedby=\"caption-attachment-66859\" style=\"width: 300px\" class=\"wp-caption alignleft\"><img data-recalc-dims=\"1\" loading=\"lazy\" decoding=\"async\" class=\"wp-image-66859 size-medium\" src=\"https:\/\/i0.wp.com\/www.eltrabajo.cl\/portal\/wp-content\/uploads\/2016\/02\/FOTO-1-SEBASTAN-ALLENDE-YANEZ-DE-20-ANOs-300x197.jpg?resize=300%2C197\" alt=\"Sebasti\u00e1n Allende Y\u00e1\u00f1ez de 20 a\u00f1os, quien sufriera una impactante agresi\u00f3n en Discotheque Scalibur y que actualmente se encuentra internado en el Hospital Naval.\" width=\"300\" height=\"197\" srcset=\"https:\/\/i0.wp.com\/eltrabajo.cl\/portal\/wp-content\/uploads\/2016\/02\/FOTO-1-SEBASTAN-ALLENDE-YANEZ-DE-20-ANOs.jpg?resize=300%2C197&amp;ssl=1 300w, https:\/\/i0.wp.com\/eltrabajo.cl\/portal\/wp-content\/uploads\/2016\/02\/FOTO-1-SEBASTAN-ALLENDE-YANEZ-DE-20-ANOs.jpg?resize=200%2C131&amp;ssl=1 200w, https:\/\/i0.wp.com\/eltrabajo.cl\/portal\/wp-content\/uploads\/2016\/02\/FOTO-1-SEBASTAN-ALLENDE-YANEZ-DE-20-ANOs.jpg?resize=228%2C150&amp;ssl=1 228w, https:\/\/i0.wp.com\/eltrabajo.cl\/portal\/wp-content\/uploads\/2016\/02\/FOTO-1-SEBASTAN-ALLENDE-YANEZ-DE-20-ANOs.jpg?resize=400%2C263&amp;ssl=1 400w, https:\/\/i0.wp.com\/eltrabajo.cl\/portal\/wp-content\/uploads\/2016\/02\/FOTO-1-SEBASTAN-ALLENDE-YANEZ-DE-20-ANOs.jpg?w=530&amp;ssl=1 530w\" sizes=\"auto, (max-width: 300px) 100vw, 300px\" \/><figcaption id=\"caption-attachment-66859\" class=\"wp-caption-text\">Sebasti\u00e1n Allende Y\u00e1\u00f1ez de 20 a\u00f1os, quien sufriera una impactante agresi\u00f3n en Discotheque Scalibur y que actualmente se encuentra internado en el Hospital Naval.<\/figcaption><\/figure>\n<p><strong>Guardias del recinto se habr\u00edan enfurecido luego que un primo del joven lanzara cerveza al aire. Desde el establecimiento niegan haber golpeado al joven.<\/strong><\/p>\n<p>La que pretend\u00eda ser una noche de diversi\u00f3n y relajo termin\u00f3 transform\u00e1ndose en una verdadera pesadilla para un grupo de 5 j\u00f3venes sanfelipe\u00f1os que el s\u00e1bado reci\u00e9n pasado llegaron hasta la discotheque Mundo Scalibur de San Felipe, donde acusan haber sido brutalmente atacados por los guardias del local, dejando a uno de los adolescentes con impactantes heridas en cuerpo y rostro.<br \/>\nQuien sac\u00f3 la peor parte en esta golpiza fue el muchacho de 20 a\u00f1os, Sebasti\u00e1n Alejandro Allende Y\u00e1\u00f1ez, cadete de la armada chilena, quien actualmente se encuentra internado en el Hospital Naval recuper\u00e1ndose de las diversas lesiones provocadas durante el enfrentamiento.<br \/>\nSeg\u00fan relata su hermana Romina, el grupo de j\u00f3venes, integrado por los hermanos Sebasti\u00e1n y Francisco Allende; la pareja de \u00e9ste \u00faltimo, Ester Pe\u00f1a; Patricio Y\u00e1\u00f1ez (primo de Sebasti\u00e1n y Francisco) y su polola; se encontraba bailando en el primer piso de Scalibur cuando eran ya pasadas las 4 de la madrugada, momento en el cual uno de ellos -producto de la efervescencia del momento, la m\u00fasica y la diversi\u00f3n- arroj\u00f3 el contenido de un vaso de cerveza al aire, hecho que desat\u00f3 la molestia de 3 guardias, quienes abruptamente decidieron tomar al muchacho (Patricio) desde el cuello y sacarlo del lugar.<br \/>\n\u201cEllos golpearon incluso a dos mujeres, mi cu\u00f1ada y la polola de mi primo. Mi hermano recibi\u00f3 amenazas del due\u00f1o de Scalibur -el Carl\u00f3n (sic)- \u00e9l le dijo que lo iba a joder. Sebasti\u00e1n reaccion\u00f3 porque ellos atacaron a mi primo, \u00e9ste incluso se tranquiliz\u00f3 y acept\u00f3 que lo sacaran, pero ellos iban con m\u00e1s ganas a pegarle y ah\u00ed fue que tuvo que intervenir mi hermano\u201d, narr\u00f3 Romina.<br \/>\nUna vez que los adolescentes fueron sacados del recinto, los primeros en acudir al lugar a prestar atenci\u00f3n a los heridos fue personal del Sapu, quienes pudieron comprobar la gravedad de la situaci\u00f3n, pues seg\u00fan cont\u00f3 Allende: \u201cel param\u00e9dico le dijo al personal de Scalibur \u2018mira c\u00f3mo los dejaste\u2019 y la respuesta fue \u2018y a vos qu\u00e9 te importa, te cre\u00eds paco\u2019. En ese momento ellos decidieron esperar a Carabineros antes de partir a constatar lesiones\u201d, asegur\u00f3 la joven.<br \/>\nEn el servicio de Urgencias del Hospital San Camilo, todos los j\u00f3venes quedaron constatados con lesiones leves, aun cuando el rostro de Sebasti\u00e1n evidenciaba una verdadera tortura por parte de los victimarios, quienes contin\u00faan sin ser identificados.<br \/>\nMientras el joven marino contin\u00faa luchando por su recuperaci\u00f3n, su familia ha intentado formalizar la denuncia en contra de quienes resulten responsables, sin embargo Romina Allende asegur\u00f3 que se han encontrado con m\u00e1s de alguna dificultad ya que \u201cnadie nos ha dicho nada, la denuncia se hizo el d\u00eda correspondiente en el HSC, ahora vinimos a Carabineros para asegurarnos que ellos hayan enviado la denuncia a la Fiscal\u00eda, pero all\u00e1 nos dicen que no est\u00e1, que no la han ingresado todav\u00eda, que durante el fin de semana llegan muchas denuncias, que hay s\u00f3lo una persona digitando y mil excusas, en resumen en todos lados se est\u00e1n lavando las manos\u201d, cont\u00f3.<br \/>\nAs\u00ed mismo, Allende teme que estos hechos nuevamente no tengan consecuencia, pues afirma que \u201cnos sentimos atados de manos porque este hombre tiene comprado a todo San Felipe incluso a los Carabineros y esto no puede seguir as\u00ed, \u00e9l no puede darse el lujo de seguir peg\u00e1ndole a los ni\u00f1os, mi hermano tiene 20 a\u00f1os y los matones de \u00e9l tienen todos de 25 a 50 a\u00f1os, entonces no corresponde m\u00e1s all\u00e1 de las razones por las cuales se haya generado el incidente, no sabemos en definitiva si ellos cuentan con un curso de Guardias de Seguridad o son matones o Karatecas\u201d, enfatiz\u00f3.<\/p>\n<p><strong>PARTE POLICIAL<\/strong><br \/>\nEl Capit\u00e1n de la Segunda Comisar\u00eda de Carabineros de San Felipe, Comisario (s) Osvaldo Villarroel, dio a conocer cu\u00e1l es el reporte que finalmente realizaron los efectivos a cargo del procedimiento policial de rigor y detall\u00f3 que \u201caproximadamente a las 4.30 de la ma\u00f1ana se recibe un llamado a la central telef\u00f3nica indicando la existencia de personas lesionadas en esta discotheque. Cuando concurre personal nuestro al lugar se entrevista con cuatro j\u00f3venes, quien se\u00f1alan que a modo de festejo uno de ellos lanz\u00f3 cerveza al resto de los asistentes, ocurrido esto, uno de los guardias se abalanz\u00f3 sobre \u00e9l y seg\u00fan la versi\u00f3n de ellos lo habr\u00eda golpeado en distintas partes del cuerpo, sus amigos lo trataron de asistir y fue ah\u00ed cuando 4 guardias m\u00e1s se sumaron a esta acci\u00f3n, golpe\u00e1ndolos y sac\u00e1ndolos al exterior\u201d, enunci\u00f3.<br \/>\nRespecto de las acciones que realiz\u00f3 personal policial al interior del recinto y de la identificaci\u00f3n de los presuntos responsables, Villarroel sostuvo que \u201clo primero que hizo Carabineros fue prestarle auxilio a la v\u00edctima, luego llamar al personal Samu para que los trasladara al hospital. Mientras esto ocurr\u00eda se realiz\u00f3 un recorrido por el interior de la discotheque con la finalidad de ubicar a los agresores, sin embargo ellos no fueron encontrados y se acogi\u00f3 la denuncia, llevando a los lesionados a constatar sus lesiones. Finalmente enviamos el parte policial correspondiente a la fiscal\u00eda local para que siga el proceso penal que corresponde\u201d.<br \/>\nEn relaci\u00f3n a la causa por la cual finalmente no hubo detenidos en el procedimiento, la autoridad policial manifest\u00f3 que de acuerdo a lo relatado por los efectivos presentes en el lugar, las v\u00edctimas no habr\u00edan reconocido a ninguno de los guardias que se manten\u00edan en el recinto como sus presuntos agresores.<\/p>\n<p><strong>Discotheque niega los golpes<\/strong><br \/>\nDiscotheque Mundo Scalibur, atendidas algunas declaraciones y versiones falsas y mal intencionadas que se han difundido sobre incidente ocurrido la madrugada del pasado domingo en nuestras instalaciones, declara que ellas carecen de toda veracidad y corresponden a la versi\u00f3n de uno de los involucrados, el que de acuerdo a nuestros antecedentes habr\u00eda iniciado algunos desmanes en el interior.<br \/>\n1. Es importante ratificar que el incidente fue iniciado en la pista central de la discotheque por un grupo de j\u00f3venes, donde uno de ellos, que se jactaba de ser \u00abMarino\u00bb, comenz\u00f3 a tirar cerveza al resto del p\u00fablico, especialmente parejas que hab\u00edan asistido a celebrar el d\u00eda de los enamorados. Producto de esta grotesca y odiosa acci\u00f3n de dicho joven y sus acompa\u00f1antes, se produjo un enfrentamiento entre \u00e9stos y otros clientes de la discotheque que fueron afectados por tal actitud.<br \/>\n2. Ante los hechos descritos, personal de seguridad de la discotheque se vio en la obligaci\u00f3n de intervenir para evitar que otros clientes se vieran afectados con la agresiva actitud del joven antes se\u00f1alado.<br \/>\n3. Como es del caso y ante estas situaciones, la totalidad de los usuarios involucrados en el incidente son invitados a salir del recinto, pero el joven que inici\u00f3 los incidentes y sus amigos manifestaron su oposici\u00f3n, insistiendo uno de ellos en todo momento con la amenaza de que pertenec\u00eda a la Escuela Naval y que se vengar\u00eda.<br \/>\n4. Luego que los Guardias de la discotheque consiguieron sacar a los j\u00f3venes que originaron los problemas, tres hombres y a lo menos dos mujeres, el joven \u00abMarino\u00bb totalmente fuera de control insisti\u00f3 en volver a ingresar al local. Ante la negativa de los guardias, \u00e9stos fueron amenazados de muerte por el sujeto, se\u00f1alando que ten\u00eda una pistola en el auto.<br \/>\n5. Sin embargo, ning\u00fan miembro de nuestro personal de seguridad enfrent\u00f3 al grupo de j\u00f3venes, sino que se adoptaron los procedimientos de rigor, consistente en solicitar la presencia de Personal de Carabineros de Chile, quienes al llegar al recinto adopt\u00f3 el procedimiento correspondiente.<br \/>\n6. Mundo Scalibur, junto con lamentar este tipo de incidentes, rechaza categ\u00f3ricamente que este tipo de situaciones sean divulgadas con versiones falsas, sesgadas y con la clara intenci\u00f3n de perjudicar la imagen de la discotheque, y ensalzar el protagonismo de quienes las emiten de manera irresponsable y con claras intenciones de figuraci\u00f3n.<br \/>\nMundo Scalibur goza de un enorme prestigio a nivel nacional con m\u00e1s de 20 a\u00f1os de existencia, donde han disfrutado y crecido ya varias generaciones de j\u00f3venes de todo el valle de Aconcagua.<\/p>\n<div class=\"tiled-gallery type-rectangular tiled-gallery-unresized\" data-original-width=\"640\" data-carousel-extra='null' itemscope itemtype=\"http:\/\/schema.org\/ImageGallery\" > <div class=\"gallery-row\" style=\"width: 640px; height: 211px;\" data-original-width=\"640\" data-original-height=\"211\" > <div class=\"gallery-group images-1\" style=\"width: 320px; height: 211px;\" data-original-width=\"320\" data-original-height=\"211\" > <div class=\"tiled-gallery-item tiled-gallery-item-large\" itemprop=\"associatedMedia\" itemscope itemtype=\"http:\/\/schema.org\/ImageObject\"> <a href=\"https:\/\/eltrabajo.cl\/portal\/cadete-de-la-marina-recibe-brutal-golpiza-en-dicotheque-scalibur\/foto-2-romina-allende-yanez-hermana-del-joven-cadete-de-marina\/\" border=\"0\" itemprop=\"url\"> <meta itemprop=\"width\" content=\"316\"> <meta itemprop=\"height\" content=\"207\"> <img decoding=\"async\" class=\"\" data-attachment-id=\"66860\" data-orig-file=\"https:\/\/eltrabajo.cl\/portal\/wp-content\/uploads\/2016\/02\/FOTO-2-ROMINA-ALLENDE-YANEZ-HERMANA-DEL-JOVEN-CADETE-DE-MARINA.jpg\" data-orig-size=\"530,348\" data-comments-opened=\"1\" data-image-meta=\"{&quot;aperture&quot;:&quot;0&quot;,&quot;credit&quot;:&quot;&quot;,&quot;camera&quot;:&quot;&quot;,&quot;caption&quot;:&quot;&quot;,&quot;created_timestamp&quot;:&quot;0&quot;,&quot;copyright&quot;:&quot;&quot;,&quot;focal_length&quot;:&quot;0&quot;,&quot;iso&quot;:&quot;0&quot;,&quot;shutter_speed&quot;:&quot;0&quot;,&quot;title&quot;:&quot;&quot;,&quot;orientation&quot;:&quot;0&quot;}\" data-image-title=\"FOTO 2 ROMINA ALLENDE YANEZ HERMANA DEL JOVEN CADETE DE MARINA\" data-image-description=\"&lt;p&gt;Romina Allende Y\u00e1\u00f1ez, hermana del joven cadete de marina.&lt;\/p&gt; \" data-medium-file=\"https:\/\/i0.wp.com\/eltrabajo.cl\/portal\/wp-content\/uploads\/2016\/02\/FOTO-2-ROMINA-ALLENDE-YANEZ-HERMANA-DEL-JOVEN-CADETE-DE-MARINA.jpg?fit=300%2C197&#038;ssl=1\" data-large-file=\"https:\/\/i0.wp.com\/eltrabajo.cl\/portal\/wp-content\/uploads\/2016\/02\/FOTO-2-ROMINA-ALLENDE-YANEZ-HERMANA-DEL-JOVEN-CADETE-DE-MARINA.jpg?fit=530%2C348&#038;ssl=1\" src=\"https:\/\/i0.wp.com\/eltrabajo.cl\/portal\/wp-content\/uploads\/2016\/02\/FOTO-2-ROMINA-ALLENDE-YANEZ-HERMANA-DEL-JOVEN-CADETE-DE-MARINA.jpg?w=316&#038;h=207&#038;ssl=1\" srcset=\"https:\/\/i0.wp.com\/eltrabajo.cl\/portal\/wp-content\/uploads\/2016\/02\/FOTO-2-ROMINA-ALLENDE-YANEZ-HERMANA-DEL-JOVEN-CADETE-DE-MARINA.jpg?w=530&amp;ssl=1 530w, https:\/\/i0.wp.com\/eltrabajo.cl\/portal\/wp-content\/uploads\/2016\/02\/FOTO-2-ROMINA-ALLENDE-YANEZ-HERMANA-DEL-JOVEN-CADETE-DE-MARINA.jpg?resize=200%2C131&amp;ssl=1 200w, https:\/\/i0.wp.com\/eltrabajo.cl\/portal\/wp-content\/uploads\/2016\/02\/FOTO-2-ROMINA-ALLENDE-YANEZ-HERMANA-DEL-JOVEN-CADETE-DE-MARINA.jpg?resize=300%2C197&amp;ssl=1 300w, https:\/\/i0.wp.com\/eltrabajo.cl\/portal\/wp-content\/uploads\/2016\/02\/FOTO-2-ROMINA-ALLENDE-YANEZ-HERMANA-DEL-JOVEN-CADETE-DE-MARINA.jpg?resize=228%2C150&amp;ssl=1 228w, https:\/\/i0.wp.com\/eltrabajo.cl\/portal\/wp-content\/uploads\/2016\/02\/FOTO-2-ROMINA-ALLENDE-YANEZ-HERMANA-DEL-JOVEN-CADETE-DE-MARINA.jpg?resize=400%2C263&amp;ssl=1 400w\" width=\"316\" height=\"207\" loading=\"lazy\" data-original-width=\"316\" data-original-height=\"207\" itemprop=\"http:\/\/schema.org\/image\" title=\"FOTO 2 ROMINA ALLENDE YANEZ HERMANA DEL JOVEN CADETE DE MARINA\" alt=\"Romina Allende Y\u00e1\u00f1ez, hermana del joven cadete de marina.\" style=\"width: 316px; height: 207px;\" \/> <\/a> <div class=\"tiled-gallery-caption\" itemprop=\"caption description\"> Romina Allende Y\u00e1\u00f1ez, hermana del joven cadete de marina. <\/div> <\/div> <\/div> <!-- close group --> <div class=\"gallery-group images-1\" style=\"width: 320px; height: 211px;\" data-original-width=\"320\" data-original-height=\"211\" > <div class=\"tiled-gallery-item tiled-gallery-item-large\" itemprop=\"associatedMedia\" itemscope itemtype=\"http:\/\/schema.org\/ImageObject\"> <a href=\"https:\/\/eltrabajo.cl\/portal\/cadete-de-la-marina-recibe-brutal-golpiza-en-dicotheque-scalibur\/foto-3-capitan-de-la-segunda-comisaria-de-carabineros-de-san-felipe-comisario-s-osvaldo-villarroel\/\" border=\"0\" itemprop=\"url\"> <meta itemprop=\"width\" content=\"316\"> <meta itemprop=\"height\" content=\"207\"> <img decoding=\"async\" class=\"\" data-attachment-id=\"66861\" data-orig-file=\"https:\/\/eltrabajo.cl\/portal\/wp-content\/uploads\/2016\/02\/FOTO-3-Capitan-de-la-Segunda-Comisaria-de-Carabineros-de-San-Felipe-Comisario-s-Osvaldo-Villarroel.jpg\" data-orig-size=\"530,348\" data-comments-opened=\"1\" data-image-meta=\"{&quot;aperture&quot;:&quot;0&quot;,&quot;credit&quot;:&quot;&quot;,&quot;camera&quot;:&quot;&quot;,&quot;caption&quot;:&quot;&quot;,&quot;created_timestamp&quot;:&quot;0&quot;,&quot;copyright&quot;:&quot;&quot;,&quot;focal_length&quot;:&quot;0&quot;,&quot;iso&quot;:&quot;0&quot;,&quot;shutter_speed&quot;:&quot;0&quot;,&quot;title&quot;:&quot;&quot;,&quot;orientation&quot;:&quot;0&quot;}\" data-image-title=\"FOTO 3 Capitan de la Segunda Comisaria de Carabineros de San Felipe Comisario (s) Osvaldo Villarroel\" data-image-description=\"&lt;p&gt;Capit\u00e1n de la Segunda Comisar\u00eda de Carabineros de San Felipe, Comisario (s) Osvaldo Villarroel.&lt;\/p&gt; \" data-medium-file=\"https:\/\/i0.wp.com\/eltrabajo.cl\/portal\/wp-content\/uploads\/2016\/02\/FOTO-3-Capitan-de-la-Segunda-Comisaria-de-Carabineros-de-San-Felipe-Comisario-s-Osvaldo-Villarroel.jpg?fit=300%2C197&#038;ssl=1\" data-large-file=\"https:\/\/i0.wp.com\/eltrabajo.cl\/portal\/wp-content\/uploads\/2016\/02\/FOTO-3-Capitan-de-la-Segunda-Comisaria-de-Carabineros-de-San-Felipe-Comisario-s-Osvaldo-Villarroel.jpg?fit=530%2C348&#038;ssl=1\" src=\"https:\/\/i0.wp.com\/eltrabajo.cl\/portal\/wp-content\/uploads\/2016\/02\/FOTO-3-Capitan-de-la-Segunda-Comisaria-de-Carabineros-de-San-Felipe-Comisario-s-Osvaldo-Villarroel.jpg?w=316&#038;h=207&#038;ssl=1\" srcset=\"https:\/\/i0.wp.com\/eltrabajo.cl\/portal\/wp-content\/uploads\/2016\/02\/FOTO-3-Capitan-de-la-Segunda-Comisaria-de-Carabineros-de-San-Felipe-Comisario-s-Osvaldo-Villarroel.jpg?w=530&amp;ssl=1 530w, https:\/\/i0.wp.com\/eltrabajo.cl\/portal\/wp-content\/uploads\/2016\/02\/FOTO-3-Capitan-de-la-Segunda-Comisaria-de-Carabineros-de-San-Felipe-Comisario-s-Osvaldo-Villarroel.jpg?resize=200%2C131&amp;ssl=1 200w, https:\/\/i0.wp.com\/eltrabajo.cl\/portal\/wp-content\/uploads\/2016\/02\/FOTO-3-Capitan-de-la-Segunda-Comisaria-de-Carabineros-de-San-Felipe-Comisario-s-Osvaldo-Villarroel.jpg?resize=300%2C197&amp;ssl=1 300w, https:\/\/i0.wp.com\/eltrabajo.cl\/portal\/wp-content\/uploads\/2016\/02\/FOTO-3-Capitan-de-la-Segunda-Comisaria-de-Carabineros-de-San-Felipe-Comisario-s-Osvaldo-Villarroel.jpg?resize=228%2C150&amp;ssl=1 228w, https:\/\/i0.wp.com\/eltrabajo.cl\/portal\/wp-content\/uploads\/2016\/02\/FOTO-3-Capitan-de-la-Segunda-Comisaria-de-Carabineros-de-San-Felipe-Comisario-s-Osvaldo-Villarroel.jpg?resize=400%2C263&amp;ssl=1 400w\" width=\"316\" height=\"207\" loading=\"lazy\" data-original-width=\"316\" data-original-height=\"207\" itemprop=\"http:\/\/schema.org\/image\" title=\"FOTO 3 Capitan de la Segunda Comisaria de Carabineros de San Felipe Comisario (s) Osvaldo Villarroel\" alt=\"Capit\u00e1n de la Segunda Comisar\u00eda de Carabineros de San Felipe, Comisario (s) Osvaldo Villarroel.\" style=\"width: 316px; height: 207px;\" \/> <\/a> <div class=\"tiled-gallery-caption\" itemprop=\"caption description\"> Capit\u00e1n de la Segunda Comisar\u00eda de Carabineros de San Felipe, Comisario (s) Osvaldo Villarroel. <\/div> <\/div> <\/div> <!-- close group --> <\/div> <!-- close row --> <\/div>\n","protected":false},"excerpt":{"rendered":"<p>Guardias del recinto se habr\u00edan enfurecido luego que un primo del joven lanzara cerveza al aire. Desde el establecimiento niegan haber golpeado al joven. La que pretend\u00eda ser una noche de diversi\u00f3n&#8230;<\/p>\n","protected":false},"author":482,"featured_media":66859,"comment_status":"open","ping_status":"open","sticky":false,"template":"","format":"standard","meta":{"advanced_seo_description":"","jetpack_seo_html_title":"","jetpack_seo_noindex":false,"_jetpack_memberships_contains_paid_content":false,"footnotes":""},"categories":[21],"tags":[],"class_list":["post-66858","post","type-post","status-publish","format-standard","has-post-thumbnail","hentry","category-policial"],"jetpack_featured_media_url":"https:\/\/i0.wp.com\/eltrabajo.cl\/portal\/wp-content\/uploads\/2016\/02\/FOTO-1-SEBASTAN-ALLENDE-YANEZ-DE-20-ANOs.jpg?fit=530%2C348&ssl=1","jetpack_sharing_enabled":true,"jetpack_likes_enabled":true,"jetpack-related-posts":[],"_links":{"self":[{"href":"https:\/\/eltrabajo.cl\/portal\/wp-json\/wp\/v2\/posts\/66858","targetHints":{"allow":["GET"]}}],"collection":[{"href":"https:\/\/eltrabajo.cl\/portal\/wp-json\/wp\/v2\/posts"}],"about":[{"href":"https:\/\/eltrabajo.cl\/portal\/wp-json\/wp\/v2\/types\/post"}],"author":[{"embeddable":true,"href":"https:\/\/eltrabajo.cl\/portal\/wp-json\/wp\/v2\/users\/482"}],"replies":[{"embeddable":true,"href":"https:\/\/eltrabajo.cl\/portal\/wp-json\/wp\/v2\/comments?post=66858"}],"version-history":[{"count":0,"href":"https:\/\/eltrabajo.cl\/portal\/wp-json\/wp\/v2\/posts\/66858\/revisions"}],"wp:featuredmedia":[{"embeddable":true,"href":"https:\/\/eltrabajo.cl\/portal\/wp-json\/wp\/v2\/media\/66859"}],"wp:attachment":[{"href":"https:\/\/eltrabajo.cl\/portal\/wp-json\/wp\/v2\/media?parent=66858"}],"wp:term":[{"taxonomy":"category","embeddable":true,"href":"https:\/\/eltrabajo.cl\/portal\/wp-json\/wp\/v2\/categories?post=66858"},{"taxonomy":"post_tag","embeddable":true,"href":"https:\/\/eltrabajo.cl\/portal\/wp-json\/wp\/v2\/tags?post=66858"}],"curies":[{"name":"wp","href":"https:\/\/api.w.org\/{rel}","templated":true}]}}