{"id":66882,"date":"2016-02-17T09:45:05","date_gmt":"2016-02-17T12:45:05","guid":{"rendered":"http:\/\/www.eltrabajo.cl\/portal\/?p=66882"},"modified":"2016-02-17T09:45:05","modified_gmt":"2016-02-17T12:45:05","slug":"este-sabado-se-realizara-la-primera-expo-feria-de-prodesal-en-la-pirca","status":"publish","type":"post","link":"https:\/\/eltrabajo.cl\/portal\/este-sabado-se-realizara-la-primera-expo-feria-de-prodesal-en-la-pirca\/","title":{"rendered":"Este s\u00e1bado se realizar\u00e1 la primera Expo-Feria de Prodesal en La Pirca"},"content":{"rendered":"<figure id=\"attachment_66883\" aria-describedby=\"caption-attachment-66883\" style=\"width: 300px\" class=\"wp-caption alignleft\"><img data-recalc-dims=\"1\" loading=\"lazy\" decoding=\"async\" class=\"wp-image-66883 size-medium\" src=\"https:\/\/i0.wp.com\/www.eltrabajo.cl\/portal\/wp-content\/uploads\/2016\/02\/Expo-feria-Prodesal-Panquehue-300x198.jpg?resize=300%2C198\" alt=\"15 usuarios de Prodesal participar\u00e1n este s\u00e1bado de la primera Expo-Feria, que se realizar\u00e1 desde las 10:00 de la ma\u00f1ana en el sector de La Pirca.\" width=\"300\" height=\"198\" srcset=\"https:\/\/i0.wp.com\/eltrabajo.cl\/portal\/wp-content\/uploads\/2016\/02\/Expo-feria-Prodesal-Panquehue.jpg?resize=300%2C198&amp;ssl=1 300w, https:\/\/i0.wp.com\/eltrabajo.cl\/portal\/wp-content\/uploads\/2016\/02\/Expo-feria-Prodesal-Panquehue.jpg?resize=200%2C132&amp;ssl=1 200w, https:\/\/i0.wp.com\/eltrabajo.cl\/portal\/wp-content\/uploads\/2016\/02\/Expo-feria-Prodesal-Panquehue.jpg?resize=228%2C150&amp;ssl=1 228w, https:\/\/i0.wp.com\/eltrabajo.cl\/portal\/wp-content\/uploads\/2016\/02\/Expo-feria-Prodesal-Panquehue.jpg?resize=400%2C263&amp;ssl=1 400w, https:\/\/i0.wp.com\/eltrabajo.cl\/portal\/wp-content\/uploads\/2016\/02\/Expo-feria-Prodesal-Panquehue.jpg?w=530&amp;ssl=1 530w\" sizes=\"auto, (max-width: 300px) 100vw, 300px\" \/><figcaption id=\"caption-attachment-66883\" class=\"wp-caption-text\">15 usuarios de Prodesal participar\u00e1n este s\u00e1bado de la primera Expo-Feria, que se realizar\u00e1 desde las 10:00 de la ma\u00f1ana en el sector de La Pirca.<\/figcaption><\/figure>\n<ul>\n<li><strong>Se trata de una muestra de productos de varios usuarios de Prodesal, que se ejecuta en la comuna desde el a\u00f1o 2011, tras un convenio entre Indap y la Municipalidad.<\/strong><\/li>\n<\/ul>\n<p><strong>PANQUEHUE.<\/strong>&#8211; Un total de 15 usuarios del programa Prodesal, participar\u00e1n de la primera Expo-Feria, que se realizar\u00e1 el pr\u00f3ximo d\u00eda s\u00e1bado 20 de febrero desde las 10:00 de la ma\u00f1ana en el sector de La Pirca.<br \/>\nDe acuerdo a lo informado por el coordinador del programa, el m\u00e9dico veterinario Luis Salgado, la idea es poder hacer una detallada exposici\u00f3n de los productos elaborados por usuarios del programa, tales como productores de queso de cabra y vacuno; hortalizas, cultivos generales, derivados de la miel y flores.<br \/>\nPor tal sentido el coordinador de Prodesal reiter\u00f3 el llamado a la comunidad de Panquehue, con el fin de participar de esta muestra, que asimismo permitir\u00e1 dar a conocer la elaboraci\u00f3n y venta de sus productos.<br \/>\n\u201cHasta ahora tenemos un total de 15 usuarios confirmados como expositores y por lo mismo creemos que es una instancia muy provechosa para que nuestros peque\u00f1os agricultores de la comuna de Panquehue, expongan lo que han logrado con el apoyo de Indap y nuestro municipio, a trav\u00e9s del programa Prodesal\u201d.<br \/>\nProdesal es un convenio suscrito entre la Municipalidad de Panquehue e Indap, el cual est\u00e1 orientado a brindar apoyo a la agricultura familiar campesina.<br \/>\nEl programa se desarrolla en la comuna desde el a\u00f1o 2011, beneficiando en la actualidad a 67 personas con asesor\u00eda t\u00e9cnica especializada en el \u00e1rea agropecuaria, sumado al aporte de fomento productivo realizado por Indap a trav\u00e9s de concursos y el apoyo econ\u00f3mico, realizado por el municipio orientado a capacitar a los agricultores.<\/p>\n","protected":false},"excerpt":{"rendered":"<p>Se trata de una muestra de productos de varios usuarios de Prodesal, que se ejecuta en la comuna desde el a\u00f1o 2011, tras un convenio entre Indap y la Municipalidad. PANQUEHUE.&#8211; Un&#8230;<\/p>\n","protected":false},"author":482,"featured_media":66883,"comment_status":"open","ping_status":"open","sticky":false,"template":"","format":"standard","meta":{"advanced_seo_description":"","jetpack_seo_html_title":"","jetpack_seo_noindex":false,"_jetpack_memberships_contains_paid_content":false,"footnotes":""},"categories":[15],"tags":[],"class_list":["post-66882","post","type-post","status-publish","format-standard","has-post-thumbnail","hentry","category-comunidad"],"jetpack_featured_media_url":"https:\/\/i0.wp.com\/eltrabajo.cl\/portal\/wp-content\/uploads\/2016\/02\/Expo-feria-Prodesal-Panquehue.jpg?fit=530%2C349&ssl=1","jetpack_sharing_enabled":true,"jetpack_likes_enabled":true,"jetpack-related-posts":[],"_links":{"self":[{"href":"https:\/\/eltrabajo.cl\/portal\/wp-json\/wp\/v2\/posts\/66882","targetHints":{"allow":["GET"]}}],"collection":[{"href":"https:\/\/eltrabajo.cl\/portal\/wp-json\/wp\/v2\/posts"}],"about":[{"href":"https:\/\/eltrabajo.cl\/portal\/wp-json\/wp\/v2\/types\/post"}],"author":[{"embeddable":true,"href":"https:\/\/eltrabajo.cl\/portal\/wp-json\/wp\/v2\/users\/482"}],"replies":[{"embeddable":true,"href":"https:\/\/eltrabajo.cl\/portal\/wp-json\/wp\/v2\/comments?post=66882"}],"version-history":[{"count":0,"href":"https:\/\/eltrabajo.cl\/portal\/wp-json\/wp\/v2\/posts\/66882\/revisions"}],"wp:featuredmedia":[{"embeddable":true,"href":"https:\/\/eltrabajo.cl\/portal\/wp-json\/wp\/v2\/media\/66883"}],"wp:attachment":[{"href":"https:\/\/eltrabajo.cl\/portal\/wp-json\/wp\/v2\/media?parent=66882"}],"wp:term":[{"taxonomy":"category","embeddable":true,"href":"https:\/\/eltrabajo.cl\/portal\/wp-json\/wp\/v2\/categories?post=66882"},{"taxonomy":"post_tag","embeddable":true,"href":"https:\/\/eltrabajo.cl\/portal\/wp-json\/wp\/v2\/tags?post=66882"}],"curies":[{"name":"wp","href":"https:\/\/api.w.org\/{rel}","templated":true}]}}