{"id":66885,"date":"2016-02-17T09:47:38","date_gmt":"2016-02-17T12:47:38","guid":{"rendered":"http:\/\/www.eltrabajo.cl\/portal\/?p=66885"},"modified":"2016-02-17T09:50:23","modified_gmt":"2016-02-17T12:50:23","slug":"mas-de-120-ninos-han-sido-atendidos-en-los-centros-de-atencion-de-hijos-de-madres-temporeras","status":"publish","type":"post","link":"https:\/\/eltrabajo.cl\/portal\/mas-de-120-ninos-han-sido-atendidos-en-los-centros-de-atencion-de-hijos-de-madres-temporeras\/","title":{"rendered":"M\u00e1s de 120 ni\u00f1os han sido atendidos en los Centros de Atenci\u00f3n de Hijos de Madres Temporeras"},"content":{"rendered":"<figure id=\"attachment_66886\" aria-describedby=\"caption-attachment-66886\" style=\"width: 300px\" class=\"wp-caption alignleft\"><img data-recalc-dims=\"1\" loading=\"lazy\" decoding=\"async\" class=\"wp-image-66886 size-medium\" src=\"https:\/\/i0.wp.com\/www.eltrabajo.cl\/portal\/wp-content\/uploads\/2016\/02\/Centro-de-hijos-madres-temporeras-Santa-Mar%C3%ADa-1-300x198.jpg?resize=300%2C198\" alt=\"El propio Chef Augusto Mu\u00f1oz atiende a los ni\u00f1os en su prestigioso restaurant \u2018Sabores de Augusto\u2019.\" width=\"300\" height=\"198\" srcset=\"https:\/\/i0.wp.com\/eltrabajo.cl\/portal\/wp-content\/uploads\/2016\/02\/Centro-de-hijos-madres-temporeras-Santa-Mar%C3%ADa-1.jpg?resize=300%2C198&amp;ssl=1 300w, https:\/\/i0.wp.com\/eltrabajo.cl\/portal\/wp-content\/uploads\/2016\/02\/Centro-de-hijos-madres-temporeras-Santa-Mar%C3%ADa-1.jpg?resize=200%2C132&amp;ssl=1 200w, https:\/\/i0.wp.com\/eltrabajo.cl\/portal\/wp-content\/uploads\/2016\/02\/Centro-de-hijos-madres-temporeras-Santa-Mar%C3%ADa-1.jpg?resize=227%2C150&amp;ssl=1 227w, https:\/\/i0.wp.com\/eltrabajo.cl\/portal\/wp-content\/uploads\/2016\/02\/Centro-de-hijos-madres-temporeras-Santa-Mar%C3%ADa-1.jpg?resize=400%2C264&amp;ssl=1 400w, https:\/\/i0.wp.com\/eltrabajo.cl\/portal\/wp-content\/uploads\/2016\/02\/Centro-de-hijos-madres-temporeras-Santa-Mar%C3%ADa-1.jpg?w=530&amp;ssl=1 530w\" sizes=\"auto, (max-width: 300px) 100vw, 300px\" \/><figcaption id=\"caption-attachment-66886\" class=\"wp-caption-text\">El propio Chef Augusto Mu\u00f1oz atiende a los ni\u00f1os en su prestigioso restaurant \u2018Sabores de Augusto\u2019.<\/figcaption><\/figure>\n<p><strong>SANTA MARIA<\/strong>.- Las \u2018escuelas de verano\u2019 como son conocidas com\u00fanmente, cumplen un rol fundamental en el cuidado de ni\u00f1os hijos de madres temporeras. Pero m\u00e1s que eso, son un verdadero motor de actividades que entretienen y educan a muchos j\u00f3venes que sin esta alternativa, estar\u00edan en las casas o las calles, muchas veces, aburridos.<br \/>\nPor tal motivo, el alcalde (s) Rodrigo Arellano, dijo que esta actividad tiene un fuerte apoyo municipal y prioritario en esta \u00e9poca del a\u00f1o. \u201cEsta es una actividad realizada en conjunto entre la municipalidad y el Instituto Nacional del Deporte, nosotros ponemos monitores y ellos tambi\u00e9n y facilitamos las dependencias municipales brindando todo el apoyo posible; hoy se atienden sobre los 120 ni\u00f1os de la comuna de madres que trabajan. Como se sabe, en Santa Mar\u00eda el empleo es pleno y las mam\u00e1s con alguien tienen que dejar a sus hijos. Nosotros los acogemos con actividades todos los d\u00edas, hoy por ejemplo se les entreg\u00f3 un almuerzo en el Restaurant Piscina Municipal \u2018Sabores de Augusto\u2019, y tuvieron una tarde de piscina; ayer jugaron f\u00fatbol aqu\u00ed frente a la municipalidad, vino Bomberos y tiraron agua. Como municipio, nuestra principal labor es intentar aliviar los escollos o vayas que tiene la ciudadan\u00eda para surgir y este programa permite justamente eso, capacidad de ir a trabajar sin preocupaci\u00f3n mayor\u201d.<\/p>\n<figure id=\"attachment_66887\" aria-describedby=\"caption-attachment-66887\" style=\"width: 300px\" class=\"wp-caption alignright\"><img data-recalc-dims=\"1\" loading=\"lazy\" decoding=\"async\" class=\"wp-image-66887 size-medium\" src=\"https:\/\/i0.wp.com\/www.eltrabajo.cl\/portal\/wp-content\/uploads\/2016\/02\/Centro-de-hijos-madres-temporeras-Santa-Mar%C3%ADa-2-300x198.jpg?resize=300%2C198\" alt=\"La piscina sigue siendo la gran atracci\u00f3n para los ni\u00f1os.\" width=\"300\" height=\"198\" srcset=\"https:\/\/i0.wp.com\/eltrabajo.cl\/portal\/wp-content\/uploads\/2016\/02\/Centro-de-hijos-madres-temporeras-Santa-Mar%C3%ADa-2.jpg?resize=300%2C198&amp;ssl=1 300w, https:\/\/i0.wp.com\/eltrabajo.cl\/portal\/wp-content\/uploads\/2016\/02\/Centro-de-hijos-madres-temporeras-Santa-Mar%C3%ADa-2.jpg?resize=200%2C132&amp;ssl=1 200w, https:\/\/i0.wp.com\/eltrabajo.cl\/portal\/wp-content\/uploads\/2016\/02\/Centro-de-hijos-madres-temporeras-Santa-Mar%C3%ADa-2.jpg?resize=227%2C150&amp;ssl=1 227w, https:\/\/i0.wp.com\/eltrabajo.cl\/portal\/wp-content\/uploads\/2016\/02\/Centro-de-hijos-madres-temporeras-Santa-Mar%C3%ADa-2.jpg?resize=400%2C264&amp;ssl=1 400w, https:\/\/i0.wp.com\/eltrabajo.cl\/portal\/wp-content\/uploads\/2016\/02\/Centro-de-hijos-madres-temporeras-Santa-Mar%C3%ADa-2.jpg?w=530&amp;ssl=1 530w\" sizes=\"auto, (max-width: 300px) 100vw, 300px\" \/><figcaption id=\"caption-attachment-66887\" class=\"wp-caption-text\">La piscina sigue siendo la gran atracci\u00f3n para los ni\u00f1os.<\/figcaption><\/figure>\n<p>Para estos ni\u00f1os, los panoramas son los que salvan el verano, ya que muchos de ellos no han tenido la oportunidad de vacacionar en otro lugar. Esteban Gonz\u00e1lez, Coordinador del Liceo Dar\u00edo Salas, dijo que era un trabajo muy importante para la sociedad y gratificante como docente. \u201cEs gratificante ver la felicidad de estos ni\u00f1os que pueden venir a la Piscina Municipal con amplios espacios para jugar, disfrutar y ba\u00f1arse; y los d\u00edas lunes venimos desde las 2 de la tarde hasta las cuatro, con el Liceo Dar\u00edo salas y el d\u00eda martes lo hace la Escuela de Santa Filomena\u201d, se\u00f1al\u00f3 Gonz\u00e1lez.<br \/>\nRico almuerzo, monitores entretenidos y una buena infraestructura, hace que los Centros de Atenci\u00f3n de Hijos de Madres Temporeras sea un panorama muy positivo para los afortunados ni\u00f1os y adolescentes quienes disfrutan a concho y viven un mundo en un d\u00eda.<br \/>\n<strong>Roberto Mercado Aced<\/strong><\/p>\n","protected":false},"excerpt":{"rendered":"<p>SANTA MARIA.- Las \u2018escuelas de verano\u2019 como son conocidas com\u00fanmente, cumplen un rol fundamental en el cuidado de ni\u00f1os hijos de madres temporeras. Pero m\u00e1s que eso, son un verdadero motor de&#8230;<\/p>\n","protected":false},"author":482,"featured_media":66886,"comment_status":"open","ping_status":"open","sticky":false,"template":"","format":"standard","meta":{"advanced_seo_description":"","jetpack_seo_html_title":"","jetpack_seo_noindex":false,"_jetpack_memberships_contains_paid_content":false,"footnotes":""},"categories":[15],"tags":[],"class_list":["post-66885","post","type-post","status-publish","format-standard","has-post-thumbnail","hentry","category-comunidad"],"jetpack_featured_media_url":"https:\/\/i0.wp.com\/eltrabajo.cl\/portal\/wp-content\/uploads\/2016\/02\/Centro-de-hijos-madres-temporeras-Santa-Mar%C3%ADa-1.jpg?fit=530%2C350&ssl=1","jetpack_sharing_enabled":true,"jetpack_likes_enabled":true,"jetpack-related-posts":[],"_links":{"self":[{"href":"https:\/\/eltrabajo.cl\/portal\/wp-json\/wp\/v2\/posts\/66885","targetHints":{"allow":["GET"]}}],"collection":[{"href":"https:\/\/eltrabajo.cl\/portal\/wp-json\/wp\/v2\/posts"}],"about":[{"href":"https:\/\/eltrabajo.cl\/portal\/wp-json\/wp\/v2\/types\/post"}],"author":[{"embeddable":true,"href":"https:\/\/eltrabajo.cl\/portal\/wp-json\/wp\/v2\/users\/482"}],"replies":[{"embeddable":true,"href":"https:\/\/eltrabajo.cl\/portal\/wp-json\/wp\/v2\/comments?post=66885"}],"version-history":[{"count":0,"href":"https:\/\/eltrabajo.cl\/portal\/wp-json\/wp\/v2\/posts\/66885\/revisions"}],"wp:featuredmedia":[{"embeddable":true,"href":"https:\/\/eltrabajo.cl\/portal\/wp-json\/wp\/v2\/media\/66886"}],"wp:attachment":[{"href":"https:\/\/eltrabajo.cl\/portal\/wp-json\/wp\/v2\/media?parent=66885"}],"wp:term":[{"taxonomy":"category","embeddable":true,"href":"https:\/\/eltrabajo.cl\/portal\/wp-json\/wp\/v2\/categories?post=66885"},{"taxonomy":"post_tag","embeddable":true,"href":"https:\/\/eltrabajo.cl\/portal\/wp-json\/wp\/v2\/tags?post=66885"}],"curies":[{"name":"wp","href":"https:\/\/api.w.org\/{rel}","templated":true}]}}