{"id":66889,"date":"2016-02-17T09:52:19","date_gmt":"2016-02-17T12:52:19","guid":{"rendered":"http:\/\/www.eltrabajo.cl\/portal\/?p=66889"},"modified":"2016-02-17T09:52:19","modified_gmt":"2016-02-17T12:52:19","slug":"joven-pareja-sanfelipena-consiguio-2-lugar-en-campeonato-nacional-de-cueca","status":"publish","type":"post","link":"https:\/\/eltrabajo.cl\/portal\/joven-pareja-sanfelipena-consiguio-2-lugar-en-campeonato-nacional-de-cueca\/","title":{"rendered":"Joven pareja sanfelipe\u00f1a consigui\u00f3 2\u00b0 lugar en Campeonato Nacional de Cueca"},"content":{"rendered":"<figure id=\"attachment_66890\" aria-describedby=\"caption-attachment-66890\" style=\"width: 300px\" class=\"wp-caption alignleft\"><img data-recalc-dims=\"1\" loading=\"lazy\" decoding=\"async\" class=\"wp-image-66890 size-medium\" src=\"https:\/\/i0.wp.com\/www.eltrabajo.cl\/portal\/wp-content\/uploads\/2016\/02\/FOTO-6-La-talentosa-pareja-sanfelipena-junto-al-alcalde-300x198.jpg?resize=300%2C198\" alt=\"La talentosa pareja sanfelipe\u00f1a junto al alcalde Patricio Freire y al director del Ballet Folkl\u00f3rico municipal, Danilo Godoy.\" width=\"300\" height=\"198\" srcset=\"https:\/\/i0.wp.com\/eltrabajo.cl\/portal\/wp-content\/uploads\/2016\/02\/FOTO-6-La-talentosa-pareja-sanfelipena-junto-al-alcalde.jpg?resize=300%2C198&amp;ssl=1 300w, https:\/\/i0.wp.com\/eltrabajo.cl\/portal\/wp-content\/uploads\/2016\/02\/FOTO-6-La-talentosa-pareja-sanfelipena-junto-al-alcalde.jpg?resize=200%2C132&amp;ssl=1 200w, https:\/\/i0.wp.com\/eltrabajo.cl\/portal\/wp-content\/uploads\/2016\/02\/FOTO-6-La-talentosa-pareja-sanfelipena-junto-al-alcalde.jpg?resize=227%2C150&amp;ssl=1 227w, https:\/\/i0.wp.com\/eltrabajo.cl\/portal\/wp-content\/uploads\/2016\/02\/FOTO-6-La-talentosa-pareja-sanfelipena-junto-al-alcalde.jpg?resize=400%2C264&amp;ssl=1 400w, https:\/\/i0.wp.com\/eltrabajo.cl\/portal\/wp-content\/uploads\/2016\/02\/FOTO-6-La-talentosa-pareja-sanfelipena-junto-al-alcalde.jpg?w=530&amp;ssl=1 530w\" sizes=\"auto, (max-width: 300px) 100vw, 300px\" \/><figcaption id=\"caption-attachment-66890\" class=\"wp-caption-text\">La talentosa pareja sanfelipe\u00f1a junto al alcalde Patricio Freire y al director del Ballet Folkl\u00f3rico municipal, Danilo Godoy.<\/figcaption><\/figure>\n<ul>\n<li><strong>Promisoria dupla pertenece al ballet folkl\u00f3rico municipal y es primera vez que participa de un torneo.<\/strong><\/li>\n<\/ul>\n<p>La pareja de j\u00f3venes sanfelipe\u00f1os, compuesta por Javiera Guerra de 17 a\u00f1os e \u00cdtalo Torrijos de 18, logr\u00f3 una destacada participaci\u00f3n en el Campeonato Nacional de Cueca \u2018J\u00f3venes de Aconcagua\u2019, realizado el fin de semana pasado en la comuna de Marchig\u00fce, VI Regi\u00f3n, donde la dupla se qued\u00f3 con el segundo lugar de la competencia-<br \/>\nLos vice-campeones nacionales, pertenecen al Ballet Folkl\u00f3rico Municipal de San Felipe, al cual ingresaron el 2011 y desde entonces se han comenzado a proyectar como pareja cuequera en distintas presentaciones a nivel local (galas y el Festival de la Canci\u00f3n de Palmenia Pizarro) y tambi\u00e9n a lo largo del Pa\u00eds, siendo \u00e9sta su primera experiencia en el \u00e1mbito competitivo.<br \/>\nAl respecto, Javiera se mostr\u00f3 muy satisfecha del logro obtenido y manifest\u00f3 que \u201cera primera vez que compet\u00edamos, incursionando en esto de la cueca y estamos muy felices con el segundo lugar\u201d, expres\u00f3 la joven, agregando que \u201cfue una preparaci\u00f3n bastante fuerte, con un entrenador muy bueno, nos sacamos la mugre, no esper\u00e1bamos un lugar \u00edbamos con pretensiones bastante peque\u00f1as a disfrutar a conocer y al final lo logramos\u201d, sostuvo.<br \/>\nA su vez, \u00edtalo destac\u00f3 todo el esfuerzo y dedicaci\u00f3n que pusieron para lograr este desempe\u00f1o, argumentando que \u201cnos sacamos la cresta para llegar donde estamos, con ayuda de nuestro preparador, que hizo un esfuerzo enorme\u2026nosotros no nos ten\u00edamos mucha fe pero \u00e9l nos daba todo el apoyo para poder lograrlo\u201d, valor\u00f3.<br \/>\nDe la misma forma, el joven agradeci\u00f3 el apoyo de las familias involucradas y asegur\u00f3 que el torneo cont\u00f3 con un muy buen nivel de competencia, se\u00f1alando que \u201cestuvo s\u00faper competitivo, uno va con una expectativa pero no sabe lo que espera el jurado, as\u00ed que uno tiene que bailar como ha ensayado, como lo siente y si le gusta a los jueces ya es cosa de cada uno de ellos nom\u00e1s\u201d, expuso.<br \/>\nPor su parte, el director del Ballet Folkl\u00f3rico Municipal, Danilo Godoy, expres\u00f3 su enorme satisfacci\u00f3n, pues seg\u00fan dijo, desde hace mucho tiempo que una pareja sanfelipe\u00f1a no lograba tan brillante participaci\u00f3n a nivel pa\u00eds.<br \/>\n\u201cEsto es algo muy beneficioso para nosotros porque desde hace largo rato que muchas parejas de nuestra comuna van a distintos concursos de cueca y les va como malito y esta vez creo que salimos airosos de haber ocupado un vice-campeonato en un torneo en que hab\u00edan 16 parejas representando a cada regi\u00f3n de nuestro pa\u00eds\u201d, valor\u00f3 Godoy.<br \/>\nA prop\u00f3sito de la participaci\u00f3n de esta talentosa dupla en el grupo de baile sanfelipe\u00f1o, que es apoyado por el municipio, el personero agreg\u00f3 que \u201ctoda su trayectoria de cueca y danza la realizan en nuestro Ballet, apoyados por Diego Mart\u00ednez, quien tambi\u00e9n es vice-campe\u00f3n nacional otra categor\u00eda. Nosotros fuimos sin pedir nada, uno tiene que tomarse la cueca con humildad y no aprovecharse las circunstancias\u201d, concluy\u00f3.<\/p>\n","protected":false},"excerpt":{"rendered":"<p>Promisoria dupla pertenece al ballet folkl\u00f3rico municipal y es primera vez que participa de un torneo. La pareja de j\u00f3venes sanfelipe\u00f1os, compuesta por Javiera Guerra de 17 a\u00f1os e \u00cdtalo Torrijos de&#8230;<\/p>\n","protected":false},"author":482,"featured_media":66890,"comment_status":"open","ping_status":"open","sticky":false,"template":"","format":"standard","meta":{"advanced_seo_description":"","jetpack_seo_html_title":"","jetpack_seo_noindex":false,"_jetpack_memberships_contains_paid_content":false,"footnotes":""},"categories":[1],"tags":[],"class_list":["post-66889","post","type-post","status-publish","format-standard","has-post-thumbnail","hentry","category-cronica"],"jetpack_featured_media_url":"https:\/\/i0.wp.com\/eltrabajo.cl\/portal\/wp-content\/uploads\/2016\/02\/FOTO-6-La-talentosa-pareja-sanfelipena-junto-al-alcalde.jpg?fit=530%2C350&ssl=1","jetpack_sharing_enabled":true,"jetpack_likes_enabled":true,"jetpack-related-posts":[],"_links":{"self":[{"href":"https:\/\/eltrabajo.cl\/portal\/wp-json\/wp\/v2\/posts\/66889","targetHints":{"allow":["GET"]}}],"collection":[{"href":"https:\/\/eltrabajo.cl\/portal\/wp-json\/wp\/v2\/posts"}],"about":[{"href":"https:\/\/eltrabajo.cl\/portal\/wp-json\/wp\/v2\/types\/post"}],"author":[{"embeddable":true,"href":"https:\/\/eltrabajo.cl\/portal\/wp-json\/wp\/v2\/users\/482"}],"replies":[{"embeddable":true,"href":"https:\/\/eltrabajo.cl\/portal\/wp-json\/wp\/v2\/comments?post=66889"}],"version-history":[{"count":0,"href":"https:\/\/eltrabajo.cl\/portal\/wp-json\/wp\/v2\/posts\/66889\/revisions"}],"wp:featuredmedia":[{"embeddable":true,"href":"https:\/\/eltrabajo.cl\/portal\/wp-json\/wp\/v2\/media\/66890"}],"wp:attachment":[{"href":"https:\/\/eltrabajo.cl\/portal\/wp-json\/wp\/v2\/media?parent=66889"}],"wp:term":[{"taxonomy":"category","embeddable":true,"href":"https:\/\/eltrabajo.cl\/portal\/wp-json\/wp\/v2\/categories?post=66889"},{"taxonomy":"post_tag","embeddable":true,"href":"https:\/\/eltrabajo.cl\/portal\/wp-json\/wp\/v2\/tags?post=66889"}],"curies":[{"name":"wp","href":"https:\/\/api.w.org\/{rel}","templated":true}]}}