{"id":66892,"date":"2016-02-17T10:00:21","date_gmt":"2016-02-17T13:00:21","guid":{"rendered":"http:\/\/www.eltrabajo.cl\/portal\/?p=66892"},"modified":"2016-02-17T10:04:47","modified_gmt":"2016-02-17T13:04:47","slug":"encuentran-vinchuca-portadora-del-mal-de-chagas-en-vivienda-de-villa-los-alerces","status":"publish","type":"post","link":"https:\/\/eltrabajo.cl\/portal\/encuentran-vinchuca-portadora-del-mal-de-chagas-en-vivienda-de-villa-los-alerces\/","title":{"rendered":"Encuentran vinchuca portadora del mal de Chagas en vivienda de villa Los Alerces"},"content":{"rendered":"<figure id=\"attachment_66893\" aria-describedby=\"caption-attachment-66893\" style=\"width: 300px\" class=\"wp-caption alignleft\"><img data-recalc-dims=\"1\" loading=\"lazy\" decoding=\"async\" class=\"wp-image-66893 size-medium\" src=\"https:\/\/i0.wp.com\/www.eltrabajo.cl\/portal\/wp-content\/uploads\/2016\/02\/Vinchuca-300x197.jpg?resize=300%2C197\" alt=\"El insecto fue entregado al Cesfam de Putaendo, donde se estableci\u00f3 que era portador del mal de Chagas.\" width=\"300\" height=\"197\" srcset=\"https:\/\/i0.wp.com\/eltrabajo.cl\/portal\/wp-content\/uploads\/2016\/02\/Vinchuca.jpg?resize=300%2C197&amp;ssl=1 300w, https:\/\/i0.wp.com\/eltrabajo.cl\/portal\/wp-content\/uploads\/2016\/02\/Vinchuca.jpg?resize=200%2C131&amp;ssl=1 200w, https:\/\/i0.wp.com\/eltrabajo.cl\/portal\/wp-content\/uploads\/2016\/02\/Vinchuca.jpg?resize=228%2C150&amp;ssl=1 228w, https:\/\/i0.wp.com\/eltrabajo.cl\/portal\/wp-content\/uploads\/2016\/02\/Vinchuca.jpg?resize=400%2C263&amp;ssl=1 400w, https:\/\/i0.wp.com\/eltrabajo.cl\/portal\/wp-content\/uploads\/2016\/02\/Vinchuca.jpg?w=530&amp;ssl=1 530w\" sizes=\"auto, (max-width: 300px) 100vw, 300px\" \/><figcaption id=\"caption-attachment-66893\" class=\"wp-caption-text\">El insecto fue entregado al Cesfam de Putaendo, donde se estableci\u00f3 que era portador del mal de Chagas.<\/figcaption><\/figure>\n<p><strong>PUTAENDO<\/strong>.- Durante la madrugada del domingo reci\u00e9n pasado, fue encontrada una vinchuca en una vivienda de villa Los Alerces, la que efectivamente es portadora del mal de Chagas.<br \/>\nNorberto Am\u00e9stica, encargado del programa de monitoreo de vinchucas del Cesfam Valle de los Libertadores, confirm\u00f3 que recibieron el insecto vivo a primera hora de este lunes, y que luego de examinarla pudieron establecer con claridad que es una vinchuca adulta que corresponde al tipo que porta el mal de Chagas.<br \/>\nEn este sentido, Am\u00e9stica sostuvo que el ejemplar fue enviado a la autoridad sanitaria para que sea examinada m\u00e1s en profundidad para dar curso al protocolo ya establecido para estos casos, que comprenden de ser necesario la toma de ex\u00e1menes para los integrantes de la familia donde fue encontrada la vinchuca, la fumigaci\u00f3n de la vivienda y de otras m\u00e1s, adem\u00e1s del monitoreo ante la eventualidad de la aparici\u00f3n de otras vinchucas.<br \/>\nEl funcionario asegur\u00f3 tambi\u00e9n que cuando se encuentre este tipo de insectos se deben tomar algunas precauciones, como no tocarlos directamente y por intermedio de alg\u00fan objeto, ojala ingresarlas a un frasco tal como lo hizo la familia de villa los Alerces.<br \/>\n<strong>Patricio Gallardo M.<\/strong><\/p>\n","protected":false},"excerpt":{"rendered":"<p>PUTAENDO.- Durante la madrugada del domingo reci\u00e9n pasado, fue encontrada una vinchuca en una vivienda de villa Los Alerces, la que efectivamente es portadora del mal de Chagas. Norberto Am\u00e9stica, encargado del&#8230;<\/p>\n","protected":false},"author":482,"featured_media":66893,"comment_status":"open","ping_status":"open","sticky":false,"template":"","format":"standard","meta":{"advanced_seo_description":"","jetpack_seo_html_title":"","jetpack_seo_noindex":false,"_jetpack_memberships_contains_paid_content":false,"footnotes":""},"categories":[1],"tags":[],"class_list":["post-66892","post","type-post","status-publish","format-standard","has-post-thumbnail","hentry","category-cronica"],"jetpack_featured_media_url":"https:\/\/i0.wp.com\/eltrabajo.cl\/portal\/wp-content\/uploads\/2016\/02\/Vinchuca.jpg?fit=530%2C348&ssl=1","jetpack_sharing_enabled":true,"jetpack_likes_enabled":true,"jetpack-related-posts":[],"_links":{"self":[{"href":"https:\/\/eltrabajo.cl\/portal\/wp-json\/wp\/v2\/posts\/66892","targetHints":{"allow":["GET"]}}],"collection":[{"href":"https:\/\/eltrabajo.cl\/portal\/wp-json\/wp\/v2\/posts"}],"about":[{"href":"https:\/\/eltrabajo.cl\/portal\/wp-json\/wp\/v2\/types\/post"}],"author":[{"embeddable":true,"href":"https:\/\/eltrabajo.cl\/portal\/wp-json\/wp\/v2\/users\/482"}],"replies":[{"embeddable":true,"href":"https:\/\/eltrabajo.cl\/portal\/wp-json\/wp\/v2\/comments?post=66892"}],"version-history":[{"count":0,"href":"https:\/\/eltrabajo.cl\/portal\/wp-json\/wp\/v2\/posts\/66892\/revisions"}],"wp:featuredmedia":[{"embeddable":true,"href":"https:\/\/eltrabajo.cl\/portal\/wp-json\/wp\/v2\/media\/66893"}],"wp:attachment":[{"href":"https:\/\/eltrabajo.cl\/portal\/wp-json\/wp\/v2\/media?parent=66892"}],"wp:term":[{"taxonomy":"category","embeddable":true,"href":"https:\/\/eltrabajo.cl\/portal\/wp-json\/wp\/v2\/categories?post=66892"},{"taxonomy":"post_tag","embeddable":true,"href":"https:\/\/eltrabajo.cl\/portal\/wp-json\/wp\/v2\/tags?post=66892"}],"curies":[{"name":"wp","href":"https:\/\/api.w.org\/{rel}","templated":true}]}}