{"id":66898,"date":"2016-02-17T10:06:57","date_gmt":"2016-02-17T13:06:57","guid":{"rendered":"http:\/\/www.eltrabajo.cl\/portal\/?p=66898"},"modified":"2016-02-17T10:07:19","modified_gmt":"2016-02-17T13:07:19","slug":"detienen-a-sujeto-que-golpea-a-su-pareja-embarazada-en-el-dia-de-los-enamorados","status":"publish","type":"post","link":"https:\/\/eltrabajo.cl\/portal\/detienen-a-sujeto-que-golpea-a-su-pareja-embarazada-en-el-dia-de-los-enamorados\/","title":{"rendered":"Detienen a sujeto que golpea a su pareja embarazada en el \u2018D\u00eda de los Enamorados\u2019"},"content":{"rendered":"<figure id=\"attachment_66899\" aria-describedby=\"caption-attachment-66899\" style=\"width: 300px\" class=\"wp-caption alignleft\"><img data-recalc-dims=\"1\" loading=\"lazy\" decoding=\"async\" class=\"wp-image-66899 size-medium\" src=\"https:\/\/i0.wp.com\/www.eltrabajo.cl\/portal\/wp-content\/uploads\/2016\/02\/Agresor-dia-de-los-enamorados-300x198.jpg?resize=300%2C198\" alt=\"El sujeto ya posee una condena por violencia intrafamiliar y por homicidio perpetrado en el a\u00f1o 2010.\" width=\"300\" height=\"198\" srcset=\"https:\/\/i0.wp.com\/eltrabajo.cl\/portal\/wp-content\/uploads\/2016\/02\/Agresor-dia-de-los-enamorados.jpg?resize=300%2C198&amp;ssl=1 300w, https:\/\/i0.wp.com\/eltrabajo.cl\/portal\/wp-content\/uploads\/2016\/02\/Agresor-dia-de-los-enamorados.jpg?resize=200%2C132&amp;ssl=1 200w, https:\/\/i0.wp.com\/eltrabajo.cl\/portal\/wp-content\/uploads\/2016\/02\/Agresor-dia-de-los-enamorados.jpg?resize=228%2C150&amp;ssl=1 228w, https:\/\/i0.wp.com\/eltrabajo.cl\/portal\/wp-content\/uploads\/2016\/02\/Agresor-dia-de-los-enamorados.jpg?resize=400%2C263&amp;ssl=1 400w, https:\/\/i0.wp.com\/eltrabajo.cl\/portal\/wp-content\/uploads\/2016\/02\/Agresor-dia-de-los-enamorados.jpg?w=530&amp;ssl=1 530w\" sizes=\"auto, (max-width: 300px) 100vw, 300px\" \/><figcaption id=\"caption-attachment-66899\" class=\"wp-caption-text\">El sujeto ya posee una condena por violencia intrafamiliar y por homicidio perpetrado en el a\u00f1o 2010.<\/figcaption><\/figure>\n<ul>\n<li><strong>Agresor tiene una condena por homicidio y su hermano cay\u00f3 detenido la semana pasada por pegarle a su conviviente.<\/strong><\/li>\n<\/ul>\n<p><strong>LOS ANDES.<\/strong>&#8211; \u2018Quien te quiere te aporrea\u2019 es la consigna aplicada por un sujeto que en el D\u00eda de los Enamorados agredi\u00f3 ferozmente con golpes de pu\u00f1o en el rostro a su pareja embarazada en plena v\u00eda p\u00fablica.<br \/>\nEl hecho se registr\u00f3 pasadas las 13 horas del domingo 14 de febrero en la villa Alto Aconcagua, cuando la v\u00edctima de iniciales R.G.S. (19) comenz\u00f3 una discusi\u00f3n con su conviviente, el obrero F.O.V.S. (32), del cual se encuentra esperando un hijo de cuatro meses de gestaci\u00f3n.<br \/>\nEl sujeto se ofusc\u00f3 y a pesar de estar en la v\u00eda p\u00fablica no tuvo miramientos en comenzar a agredirla con golpes de pu\u00f1o en el rostro y otras partes del cuerpo.<br \/>\nTranse\u00fantes llamaron a Carabineros quienes r\u00e1pidamente llegaron al lugar y brindaron protecci\u00f3n a la v\u00edctima, evitando as\u00ed que continuara siendo ferozmente golpeada.<br \/>\nEl sujeto fue detenido en el acto y por orden del fiscal de turno Jorge Alfaro qued\u00f3 a disposici\u00f3n del Tribunal de Garant\u00eda de Los Andes donde la ma\u00f1ana de este lunes fue requerido en procedimiento simplificado por el delito de lesiones menos graves en contexto de violencia intrafamiliar.<br \/>\nEl obrero, quien ya tiene una condena por violencia intrafamiliar, qued\u00f3 con la medida cautelar de prohibici\u00f3n de acercarse a su pareja, ya que est\u00e1 despu\u00e9s que fue atendida en el hospital hizo abandono del departamento que compart\u00eda con \u00e9l.<\/p>\n<p><strong>CONDENADO POR HOMICIDIO<\/strong><br \/>\nCabe recordar que el imputado registra a su haber una condena por homicidio perpetrado el a\u00f1o 2010 en el barrio Centenario.<br \/>\nEn esa ocasi\u00f3n, F.O.V.S., junto a su hermano E.J.V.S. interceptaron en la calle Arturo Prat a la v\u00edctima Esteban Alexander Cruz Mu\u00f1oz (20) a quien asesinaron de 14 pu\u00f1aladas cuando \u00e9ste se opuso al robo de sus zapatillas.<br \/>\nLos dos hermanos fueron condenados a cuatro a\u00f1os de presidio por el delito de homicidio simple, pena que terminaron de cumplir en 2014.<br \/>\nAsimismo, la semana pasada fue detenido el hermano del imputado por agredir a su conviviente en el Barrio La Concepci\u00f3n, hecho del cual informamos oportunamente el viernes.<\/p>\n","protected":false},"excerpt":{"rendered":"<p>Agresor tiene una condena por homicidio y su hermano cay\u00f3 detenido la semana pasada por pegarle a su conviviente. LOS ANDES.&#8211; \u2018Quien te quiere te aporrea\u2019 es la consigna aplicada por un&#8230;<\/p>\n","protected":false},"author":482,"featured_media":66899,"comment_status":"open","ping_status":"open","sticky":false,"template":"","format":"standard","meta":{"advanced_seo_description":"","jetpack_seo_html_title":"","jetpack_seo_noindex":false,"_jetpack_memberships_contains_paid_content":false,"footnotes":""},"categories":[21],"tags":[],"class_list":["post-66898","post","type-post","status-publish","format-standard","has-post-thumbnail","hentry","category-policial"],"jetpack_featured_media_url":"https:\/\/i0.wp.com\/eltrabajo.cl\/portal\/wp-content\/uploads\/2016\/02\/Agresor-dia-de-los-enamorados.jpg?fit=530%2C349&ssl=1","jetpack_sharing_enabled":true,"jetpack_likes_enabled":true,"jetpack-related-posts":[],"_links":{"self":[{"href":"https:\/\/eltrabajo.cl\/portal\/wp-json\/wp\/v2\/posts\/66898","targetHints":{"allow":["GET"]}}],"collection":[{"href":"https:\/\/eltrabajo.cl\/portal\/wp-json\/wp\/v2\/posts"}],"about":[{"href":"https:\/\/eltrabajo.cl\/portal\/wp-json\/wp\/v2\/types\/post"}],"author":[{"embeddable":true,"href":"https:\/\/eltrabajo.cl\/portal\/wp-json\/wp\/v2\/users\/482"}],"replies":[{"embeddable":true,"href":"https:\/\/eltrabajo.cl\/portal\/wp-json\/wp\/v2\/comments?post=66898"}],"version-history":[{"count":0,"href":"https:\/\/eltrabajo.cl\/portal\/wp-json\/wp\/v2\/posts\/66898\/revisions"}],"wp:featuredmedia":[{"embeddable":true,"href":"https:\/\/eltrabajo.cl\/portal\/wp-json\/wp\/v2\/media\/66899"}],"wp:attachment":[{"href":"https:\/\/eltrabajo.cl\/portal\/wp-json\/wp\/v2\/media?parent=66898"}],"wp:term":[{"taxonomy":"category","embeddable":true,"href":"https:\/\/eltrabajo.cl\/portal\/wp-json\/wp\/v2\/categories?post=66898"},{"taxonomy":"post_tag","embeddable":true,"href":"https:\/\/eltrabajo.cl\/portal\/wp-json\/wp\/v2\/tags?post=66898"}],"curies":[{"name":"wp","href":"https:\/\/api.w.org\/{rel}","templated":true}]}}