{"id":66901,"date":"2016-02-17T10:08:34","date_gmt":"2016-02-17T13:08:34","guid":{"rendered":"http:\/\/www.eltrabajo.cl\/portal\/?p=66901"},"modified":"2016-02-17T10:08:34","modified_gmt":"2016-02-17T13:08:34","slug":"hasta-con-napoleon-propinan-golpiza-a-dos-adolescentes-que-fueron-asaltados","status":"publish","type":"post","link":"https:\/\/eltrabajo.cl\/portal\/hasta-con-napoleon-propinan-golpiza-a-dos-adolescentes-que-fueron-asaltados\/","title":{"rendered":"Hasta con napole\u00f3n propinan golpiza a dos adolescentes que fueron asaltados"},"content":{"rendered":"<figure id=\"attachment_66902\" aria-describedby=\"caption-attachment-66902\" style=\"width: 300px\" class=\"wp-caption alignleft\"><img data-recalc-dims=\"1\" loading=\"lazy\" decoding=\"async\" class=\"wp-image-66902 size-medium\" src=\"https:\/\/i0.wp.com\/www.eltrabajo.cl\/portal\/wp-content\/uploads\/2016\/02\/IMPUTADO-ADOLESCENTE-1-300x197.jpg?resize=300%2C197\" alt=\"El imputado con s\u00f3lo 17 a\u00f1os de edad fue detenido por Carabineros acusado de robo con violencia luego que asaltara a dos adolescentes en San Felipe.\" width=\"300\" height=\"197\" srcset=\"https:\/\/i0.wp.com\/eltrabajo.cl\/portal\/wp-content\/uploads\/2016\/02\/IMPUTADO-ADOLESCENTE-1.jpg?resize=300%2C197&amp;ssl=1 300w, https:\/\/i0.wp.com\/eltrabajo.cl\/portal\/wp-content\/uploads\/2016\/02\/IMPUTADO-ADOLESCENTE-1.jpg?resize=200%2C131&amp;ssl=1 200w, https:\/\/i0.wp.com\/eltrabajo.cl\/portal\/wp-content\/uploads\/2016\/02\/IMPUTADO-ADOLESCENTE-1.jpg?resize=228%2C150&amp;ssl=1 228w, https:\/\/i0.wp.com\/eltrabajo.cl\/portal\/wp-content\/uploads\/2016\/02\/IMPUTADO-ADOLESCENTE-1.jpg?resize=400%2C263&amp;ssl=1 400w, https:\/\/i0.wp.com\/eltrabajo.cl\/portal\/wp-content\/uploads\/2016\/02\/IMPUTADO-ADOLESCENTE-1.jpg?w=530&amp;ssl=1 530w\" sizes=\"auto, (max-width: 300px) 100vw, 300px\" \/><figcaption id=\"caption-attachment-66902\" class=\"wp-caption-text\">El imputado con s\u00f3lo 17 a\u00f1os de edad fue detenido por Carabineros acusado de robo con violencia luego que asaltara a dos adolescentes en San Felipe.<\/figcaption><\/figure>\n<ul>\n<li><strong>El imputado result\u00f3 ser un menor de 17 a\u00f1os de edad, quien fue sometido a control de detenci\u00f3n para ser formalizado por la Fiscal\u00eda. En tanto el segundo delincuente involucrado -totalmente reconocido- logr\u00f3 escapar de la polic\u00eda.<\/strong><\/li>\n<\/ul>\n<p>Con heridas y lesiones de car\u00e1cter leve resultaron dos adolescentes de 16 a\u00f1os de edad, quienes fueron agredidos por dos sujetos que, provistos de un napole\u00f3n, les habr\u00edan propinado una paliza para robar una gargantilla que portaba una de las afectadas. Los asaltantes se dieron a la fuga hasta que Carabineros logr\u00f3 capturar a uno de ellos en las cercan\u00edas de la villa 250 A\u00f1os de San Felipe.<br \/>\nSeg\u00fan describi\u00f3 Carabineros, los hechos fueron comunicados a nivel 133 pasadas las 22:00 horas de este lunes, cuando dos v\u00edctimas adolescentes, ambos menores de edad, aseguraron haber sido agredidos por dos sujetos con un napole\u00f3n para efectuar el robo de una gargantilla.<br \/>\nLos efectivos policiales concurrieron hasta el lugar de los hechos para entrevistarse con los afectados, quienes relataron que el ataque ocurri\u00f3 cuando circulaban por la v\u00eda para adquirir productos en un servicentro. Posteriormente los j\u00f3venes, al retornar hasta su domicilio en calle Riquelme, observaron a dos sujetos situados en la vereda, quienes sorpresivamente los habr\u00edan interceptado, abalanz\u00e1ndose sobre ellos para propinarles golpes de pies y pu\u00f1os, adem\u00e1s de usar un napole\u00f3n que mantendr\u00eda uno de los antisociales para agredirlos.<br \/>\nDurante el enfrentamiento, uno de los delincuentes le habr\u00eda sustra\u00eddo a la v\u00edctima una gargantilla de acero que colgaba desde su cuello, para luego huir en direcci\u00f3n a calle Las Heras. Carabineros en tanto, al realizar patrullajes por el sitio del suceso, se dirigi\u00f3 hasta el sector de la l\u00ednea f\u00e9rrea, observando a dos individuos que coincid\u00edan con las caracter\u00edsticas f\u00edsicas y de vestimentas proporcionadas por los j\u00f3venes, iniciando su captura.<br \/>\nEn dicho procedimiento la polic\u00eda uniformada advirti\u00f3 que uno de los acusados se opuso a la detenci\u00f3n, golpeando con pies y pu\u00f1os a los efectivos; mientras que el otro sujeto fue descubierto portando entre sus manos el napole\u00f3n, agrediendo de la misma forma a los funcionarios hasta lanzar la herramienta al suelo y darse a la fuga sin lograr ser capturado.<br \/>\nAl lugar de la detenci\u00f3n de uno de los imputados concurrieron las propias v\u00edctimas, quienes reconocieron al individuo que rob\u00f3 la gargantilla minutos antes. La especie fue avaluada en $5.000 y no logr\u00f3 ser recuperada por la polic\u00eda.<br \/>\nEn tanto los afectados debieron ser derivados hasta el servicio de urgencias del Hospital San Camilo de San Felipe, siendo diagnosticados por el m\u00e9dico de turno con heridas en el t\u00f3rax y un esguince en una de sus extremidades superiores respectivamente, ambas de car\u00e1cter leve.<br \/>\nEl imputado fue individualizado con las iniciales A.M.A.G. de 17 a\u00f1os de edad, domiciliado en villa Sol Naciente de San Felipe y fue derivado por Carabineros hasta el Juzgado de Garant\u00eda de San Felipe para ser formalizado bajo los cargos de robo con violencia.<br \/>\nTras la audiencia de formalizaci\u00f3n el menor de edad recuper\u00f3 su libertad sujeto a programas de reinserci\u00f3n social a cargo del Servicio Nacional de Menores (Sename) y la prohibici\u00f3n de acercarse a las v\u00edctimas durante el per\u00edodo de investigaci\u00f3n que inici\u00f3 la Fiscal\u00eda de San Felipe.<br \/>\n<strong>Pablo Salinas Sald\u00edas<\/strong><\/p>\n","protected":false},"excerpt":{"rendered":"<p>El imputado result\u00f3 ser un menor de 17 a\u00f1os de edad, quien fue sometido a control de detenci\u00f3n para ser formalizado por la Fiscal\u00eda. En tanto el segundo delincuente involucrado -totalmente reconocido-&#8230;<\/p>\n","protected":false},"author":482,"featured_media":66902,"comment_status":"open","ping_status":"open","sticky":false,"template":"","format":"standard","meta":{"advanced_seo_description":"","jetpack_seo_html_title":"","jetpack_seo_noindex":false,"_jetpack_memberships_contains_paid_content":false,"footnotes":""},"categories":[21],"tags":[],"class_list":["post-66901","post","type-post","status-publish","format-standard","has-post-thumbnail","hentry","category-policial"],"jetpack_featured_media_url":"https:\/\/i0.wp.com\/eltrabajo.cl\/portal\/wp-content\/uploads\/2016\/02\/IMPUTADO-ADOLESCENTE-1.jpg?fit=530%2C348&ssl=1","jetpack_sharing_enabled":true,"jetpack_likes_enabled":true,"jetpack-related-posts":[],"_links":{"self":[{"href":"https:\/\/eltrabajo.cl\/portal\/wp-json\/wp\/v2\/posts\/66901","targetHints":{"allow":["GET"]}}],"collection":[{"href":"https:\/\/eltrabajo.cl\/portal\/wp-json\/wp\/v2\/posts"}],"about":[{"href":"https:\/\/eltrabajo.cl\/portal\/wp-json\/wp\/v2\/types\/post"}],"author":[{"embeddable":true,"href":"https:\/\/eltrabajo.cl\/portal\/wp-json\/wp\/v2\/users\/482"}],"replies":[{"embeddable":true,"href":"https:\/\/eltrabajo.cl\/portal\/wp-json\/wp\/v2\/comments?post=66901"}],"version-history":[{"count":0,"href":"https:\/\/eltrabajo.cl\/portal\/wp-json\/wp\/v2\/posts\/66901\/revisions"}],"wp:featuredmedia":[{"embeddable":true,"href":"https:\/\/eltrabajo.cl\/portal\/wp-json\/wp\/v2\/media\/66902"}],"wp:attachment":[{"href":"https:\/\/eltrabajo.cl\/portal\/wp-json\/wp\/v2\/media?parent=66901"}],"wp:term":[{"taxonomy":"category","embeddable":true,"href":"https:\/\/eltrabajo.cl\/portal\/wp-json\/wp\/v2\/categories?post=66901"},{"taxonomy":"post_tag","embeddable":true,"href":"https:\/\/eltrabajo.cl\/portal\/wp-json\/wp\/v2\/tags?post=66901"}],"curies":[{"name":"wp","href":"https:\/\/api.w.org\/{rel}","templated":true}]}}